{"id":6101,"date":"2026-01-27T07:42:11","date_gmt":"2026-01-27T10:42:11","guid":{"rendered":"https:\/\/elpueblonoticia.com.ar\/web\/?p=6101"},"modified":"2026-01-27T07:42:11","modified_gmt":"2026-01-27T10:42:11","slug":"calor-extremo-director-del-hospital-llama-a-extremar-la-hidratacion-y-evitar-actividades-al-sol","status":"publish","type":"post","link":"https:\/\/elpueblonoticia.com.ar\/web\/2026\/01\/27\/calor-extremo-director-del-hospital-llama-a-extremar-la-hidratacion-y-evitar-actividades-al-sol\/","title":{"rendered":"CALOR EXTREMO: DIRECTOR DEL HOSPITAL LLAMA A EXTREMAR LA HIDRATACI\u00d3N Y EVITAR ACTIVIDADES AL SOL"},"content":{"rendered":"<p><strong>Ante las altas temperaturas que se registran en la regi\u00f3n, el director del Hospital Regional de Goya, Ra\u00fal Mart\u00ednez, hizo un llamado a la poblaci\u00f3n a extremar la hidrataci\u00f3n y evitar actividades al aire libre en los horarios de mayor calor.<\/strong><\/p>\n<p>&nbsp;<\/p>\n<p>POBLACI\u00d3N VULNERABLE<\/p>\n<p>En declaraciones radiales, Mart\u00ednez advirti\u00f3 que los adultos mayores y los ni\u00f1os son los m\u00e1s vulnerables a los efectos del calor extremo. &#8220;Hay que cuidar a las personas, adultos mayores como ni\u00f1os son los extremos que m\u00e1s sufren estas cuestiones&#8221;, coment\u00f3.<\/p>\n<p>El director del Hospital explic\u00f3 que con el calor uno transpira y pierde l\u00edquidos, por lo que es fundamental hidratarse constantemente. Adem\u00e1s, recomend\u00f3 evitar usar ropas oscuras, ya que atraen m\u00e1s la luz del sol y aumentan la temperatura corporal.<\/p>\n<p>RECOMENDACIONES GENERALES<\/p>\n<p>&#8220;Por m\u00e1s que nos gusta hacer actividades al aire libre, evitar los horarios de extremo calor. Uno va a la playa o pileta, eso ayuda a los golpes de calor, pero no andar corriendo y haciendo actividades de esfuerzo f\u00edsico con el sol al mediod\u00eda&#8221;, se\u00f1al\u00f3.<\/p>\n<p>Mart\u00ednez tambi\u00e9n advirti\u00f3 sobre los peligros del consumo de alcohol, ya que deshidrata el cuerpo. &#8220;El consumo de alcohol tienen que entender que deshidrata, evitar consumo excesivo muchas veces en vacaciones o fiestas&#8221;, recomend\u00f3.<\/p>\n","protected":false},"excerpt":{"rendered":"<p>Ante las altas temperaturas que se registran en la regi\u00f3n, el director del Hospital Regional de Goya, Ra\u00fal Mart\u00ednez, hizo un llamado a la poblaci\u00f3n a extremar la hidrataci\u00f3n y evitar actividades al aire libre en los horarios de mayor calor. &nbsp; POBLACI\u00d3N VULNERABLE En declaraciones radiales, Mart\u00ednez advirti\u00f3 que los adultos mayores y los [&hellip;]<\/p>\n","protected":false},"author":2,"featured_media":6102,"comment_status":"open","ping_status":"open","sticky":false,"template":"","format":"standard","meta":{"footnotes":""},"categories":[56],"tags":[],"class_list":{"0":"post-6101","1":"post","2":"type-post","3":"status-publish","4":"format-standard","5":"has-post-thumbnail","7":"category-locales"},"_links":{"self":[{"href":"https:\/\/elpueblonoticia.com.ar\/web\/wp-json\/wp\/v2\/posts\/6101","targetHints":{"allow":["GET"]}}],"collection":[{"href":"https:\/\/elpueblonoticia.com.ar\/web\/wp-json\/wp\/v2\/posts"}],"about":[{"href":"https:\/\/elpueblonoticia.com.ar\/web\/wp-json\/wp\/v2\/types\/post"}],"author":[{"embeddable":true,"href":"https:\/\/elpueblonoticia.com.ar\/web\/wp-json\/wp\/v2\/users\/2"}],"replies":[{"embeddable":true,"href":"https:\/\/elpueblonoticia.com.ar\/web\/wp-json\/wp\/v2\/comments?post=6101"}],"version-history":[{"count":1,"href":"https:\/\/elpueblonoticia.com.ar\/web\/wp-json\/wp\/v2\/posts\/6101\/revisions"}],"predecessor-version":[{"id":6103,"href":"https:\/\/elpueblonoticia.com.ar\/web\/wp-json\/wp\/v2\/posts\/6101\/revisions\/6103"}],"wp:featuredmedia":[{"embeddable":true,"href":"https:\/\/elpueblonoticia.com.ar\/web\/wp-json\/wp\/v2\/media\/6102"}],"wp:attachment":[{"href":"https:\/\/elpueblonoticia.com.ar\/web\/wp-json\/wp\/v2\/media?parent=6101"}],"wp:term":[{"taxonomy":"category","embeddable":true,"href":"https:\/\/elpueblonoticia.com.ar\/web\/wp-json\/wp\/v2\/categories?post=6101"},{"taxonomy":"post_tag","embeddable":true,"href":"https:\/\/elpueblonoticia.com.ar\/web\/wp-json\/wp\/v2\/tags?post=6101"}],"curies":[{"name":"wp","href":"https:\/\/api.w.org\/{rel}","templated":true}]}}