{"id":6096,"date":"2026-01-27T07:22:18","date_gmt":"2026-01-27T10:22:18","guid":{"rendered":"https:\/\/elpueblonoticia.com.ar\/web\/?p=6096"},"modified":"2026-01-27T07:22:18","modified_gmt":"2026-01-27T10:22:18","slug":"secretario-de-turismo-satisfecho-por-el-debut-de-las-comparsas-goyanas-organizacion-del-evento-mundo-surubi-y-parque-acuatico","status":"publish","type":"post","link":"https:\/\/elpueblonoticia.com.ar\/web\/2026\/01\/27\/secretario-de-turismo-satisfecho-por-el-debut-de-las-comparsas-goyanas-organizacion-del-evento-mundo-surubi-y-parque-acuatico\/","title":{"rendered":"Secretario de Turismo: satisfecho por el debut de las comparsas goyanas, organizaci\u00f3n del evento &#8220;mundo surub\u00ed&#8221; y parque acu\u00e1tico"},"content":{"rendered":"<p>&#8220;El verano para la Secretar\u00eda de Turismo es muy desafiante porque tenemos carnaval, parque acu\u00e1tico, playa El Ing\u00e1 y estamos organizando la pr\u00f3xima edici\u00f3n de la Fiesta Nacional del Surub\u00ed&#8221; se\u00f1al\u00f3 Sebasti\u00e1n Candia.<\/p>\n<p>Los Carnavales Oficiales de Goya ofrecieron su debut este viernes para el p\u00fablico goyano y para el turismo que visita la localidad. Las seis comparsas brillaron en el Cors\u00f3dromo de Costa Surub\u00ed, tanto el viernes como el s\u00e1bado.<\/p>\n<p>El carnaval goyano abri\u00f3 el calendario provincial de eventos tur\u00edsticos. La Capital del Tabaco y Cuna del Surub\u00ed inaugur\u00f3 la temporada carnestolenda provincial con la visita de miles de turistas que arribaron a Goya por su r\u00edo y su carnaval.<\/p>\n<p>El secretario de Turismo de la localidad, Sebasti\u00e1n Candia destac\u00f3 el hecho del debut de las comparsas como &#8220;una grata sorpresa, es mucho m\u00e1s de lo que yo esperaba, hoy ver este Cors\u00f3dromo, emociona por el gran trabajo que se hizo. As\u00ed que estoy muy contento y esperanzado que todo va a resultar en un gran \u00e9xito&#8221;.<\/p>\n<p><b><br \/>\nFIESTA DEL SURUB\u00cd<\/b><\/p>\n<p>El funcionario tambi\u00e9n forma parte de la COMUPE, y analiz\u00f3 la marcha de la pr\u00f3xima edici\u00f3n.<\/p>\n<p>Ya establecida la fecha de la edici\u00f3n 49\u00b0 de Fiesta Nacional del Surub\u00ed, a realizarse del 27 de abril al 3 de mayo, en las instalaciones del Predio Costa Surub\u00ed.<\/p>\n<p>&#8220;Hay un equipo de trabajo en la organizaci\u00f3n, con mucho \u00e9nfasis puesta en la organizaci\u00f3n de la Expo Goya, que ya tiene el 90 % de sus espacios vendidos. Se est\u00e1 empezando a so\u00f1ar en la 49\u00aa edici\u00f3n, pero sobre todo en la 50\u00aa. Esta comisi\u00f3n tiene un gran desaf\u00edo, as\u00ed que todos los caminos que empecemos a andar van a terminar en Las Bodas de Oro. Tenemos la gran fortuna que la Fiesta Nacional del Surub\u00ed es una ventana al mundo&#8221; indic\u00f3.<\/p>\n<p>Ponder\u00f3 la organizaci\u00f3n, el trabajo realizado hasta el momento y la calidad del recurso humano que la compone &#8220;es una organizaci\u00f3n con bases s\u00f3lidas, con buen criterio, por eso tenemos que cuidar mucho el concurso, tenemos que seguir potenciando la expo y tenemos que hacer que Goya crezca&#8221;.<\/p>\n<p>Candia puso el foco en la puesta de turbinas e\u00f3licas que hoy d\u00eda est\u00e1n disfrutando los comparseros que se concentran en el multiespacio del predio Costa Surub\u00ed antes de entrar al desfile.<\/p>\n<p>Record\u00f3 que la Comisi\u00f3n Municipal de Pesca concluy\u00f3 la instalaci\u00f3n de extractores e\u00f3licos en el galp\u00f3n del Sal\u00f3n Multiespacio de Costa Surub\u00ed. Esta obra representa una mejora significativa en la infraestructura del predio, pensada para optimizar la ventilaci\u00f3n y reducir el impacto del calor, especialmente durante las noches y jornadas de altas temperaturas.<\/p>\n<p>Sostuvo -adem\u00e1s- que la intervenci\u00f3n se enmarca en una planificaci\u00f3n orientada al crecimiento, planificaci\u00f3n estrat\u00e9gica y fortalecimiento de la Fiesta Nacional del Surub\u00ed.<\/p>\n<p>Adelant\u00f3 la intenci\u00f3n de seguir invirtiendo en mejoras en el predio con mejoras edilicias en zonas de oficinas &#8220;para que el goyano pueda disfrutar c\u00f3modamente de ese predio el resto del a\u00f1o&#8221;.<\/p>\n<p><b><br \/>\nPARQUE ACU\u00c1TICO<\/b><\/p>\n<p>Hizo referencia al auge que todos los veranos posee el Parque Acu\u00e1tico Goya, atractivo de turistas y goyanos durante las vacaciones.<\/p>\n<p>El funcionario refiri\u00f3 que, desde su apertura, m\u00e1s de 20 mil personas ya lo visitaron, sigue generando propuestas, &#8220;demanda much\u00edsimo trabajo en mantenimiento, es administrado por el municipio, pero hay muchas \u00e1reas que intervienen y la secretar\u00eda de Turismo es solo la cara visible&#8221;.<\/p>\n<p>Recordemos que este espacio junto al r\u00edo Santa Luc\u00eda comprende adem\u00e1s de piletas, sanitarios, parrillas y todo lo necesario para que la familia pueda disfrutar c\u00f3modamente del verano.<\/p>\n<p><b><br \/>\nEQUIPO<\/b><\/p>\n<p>En el p\u00e1rrafo final, agradeci\u00f3 a los distintos equipos de trabajo que se conformaron para la organizaci\u00f3n de cada uno de los eventos. &#8220;Quiero agradecer al gran equipo que me acompa\u00f1a porque sin ellos esto no ser\u00eda posible. Hay much\u00edsimas horas de trabajo ac\u00e1&#8221;. Enumer\u00f3 algunas \u00e1reas claves que estuvieron trabajando muchas horas con su personal para dejar listo el Cors\u00f3dromo, para que la gente pueda disfrutar de las noches de corsos como Servicio, Luminotecnia, las oficinas de Secretar\u00eda de Desarrollo Humano, Obras P\u00fablicas, Prodego entre otras.<\/p>\n<p>Al intendente Hormaechea &#8220;por marcarnos el rumbo, nos acompa\u00f1a y nos sostiene en las decisiones, la decisi\u00f3n pol\u00edtica de seguir apostando e impulsando el carnaval&#8221; y a los comerciantes y empresarios, emprendedores privados por sumarse al equipo municipal para trabajar y dejar bien en alto el prestigio de los Carnavales Goyanos, tener funcionando con las luces prendidas a &#8220;uno de los mejores Cosmodromos de la provincia&#8221;.<\/p>\n<p><b>FOMENTAR LA ACTIVIDAD PRIVADA<\/b><\/p>\n<p>Consultado por una proyecci\u00f3n a corto y mediano plazo para la secretar\u00eda de Turismo, Candia hizo menci\u00f3n al reconocimiento que significa la participaci\u00f3n del sector privado.<\/p>\n<p>&#8220;Creemos que Goya tiene much\u00edsimo potencial para que el sector privado lo explote, es nuestro compromiso ayudar, facilitar, abrir caminos, golpear las puertas para que el sector privado se desarrolle y pueda brindar mejores servicios y de calidad&#8221; finaliz\u00f3 el Secretario de Turismo TT Sebasti\u00e1n Candia De Biassio.<\/p>\n","protected":false},"excerpt":{"rendered":"<p>&#8220;El verano para la Secretar\u00eda de Turismo es muy desafiante porque tenemos carnaval, parque acu\u00e1tico, playa El Ing\u00e1 y estamos organizando la pr\u00f3xima edici\u00f3n de la Fiesta Nacional del Surub\u00ed&#8221; se\u00f1al\u00f3 Sebasti\u00e1n Candia. Los Carnavales Oficiales de Goya ofrecieron su debut este viernes para el p\u00fablico goyano y para el turismo que visita la localidad. [&hellip;]<\/p>\n","protected":false},"author":2,"featured_media":6097,"comment_status":"open","ping_status":"open","sticky":false,"template":"","format":"standard","meta":{"footnotes":""},"categories":[56],"tags":[],"class_list":{"0":"post-6096","1":"post","2":"type-post","3":"status-publish","4":"format-standard","5":"has-post-thumbnail","7":"category-locales"},"_links":{"self":[{"href":"https:\/\/elpueblonoticia.com.ar\/web\/wp-json\/wp\/v2\/posts\/6096","targetHints":{"allow":["GET"]}}],"collection":[{"href":"https:\/\/elpueblonoticia.com.ar\/web\/wp-json\/wp\/v2\/posts"}],"about":[{"href":"https:\/\/elpueblonoticia.com.ar\/web\/wp-json\/wp\/v2\/types\/post"}],"author":[{"embeddable":true,"href":"https:\/\/elpueblonoticia.com.ar\/web\/wp-json\/wp\/v2\/users\/2"}],"replies":[{"embeddable":true,"href":"https:\/\/elpueblonoticia.com.ar\/web\/wp-json\/wp\/v2\/comments?post=6096"}],"version-history":[{"count":1,"href":"https:\/\/elpueblonoticia.com.ar\/web\/wp-json\/wp\/v2\/posts\/6096\/revisions"}],"predecessor-version":[{"id":6098,"href":"https:\/\/elpueblonoticia.com.ar\/web\/wp-json\/wp\/v2\/posts\/6096\/revisions\/6098"}],"wp:featuredmedia":[{"embeddable":true,"href":"https:\/\/elpueblonoticia.com.ar\/web\/wp-json\/wp\/v2\/media\/6097"}],"wp:attachment":[{"href":"https:\/\/elpueblonoticia.com.ar\/web\/wp-json\/wp\/v2\/media?parent=6096"}],"wp:term":[{"taxonomy":"category","embeddable":true,"href":"https:\/\/elpueblonoticia.com.ar\/web\/wp-json\/wp\/v2\/categories?post=6096"},{"taxonomy":"post_tag","embeddable":true,"href":"https:\/\/elpueblonoticia.com.ar\/web\/wp-json\/wp\/v2\/tags?post=6096"}],"curies":[{"name":"wp","href":"https:\/\/api.w.org\/{rel}","templated":true}]}}