{"id":6089,"date":"2026-01-26T12:21:06","date_gmt":"2026-01-26T15:21:06","guid":{"rendered":"https:\/\/elpueblonoticia.com.ar\/web\/?p=6089"},"modified":"2026-01-26T12:24:55","modified_gmt":"2026-01-26T15:24:55","slug":"nacion-eleva-el-tope-de-consumo-subsidiado-de-energia-para-el-nea","status":"publish","type":"post","link":"https:\/\/elpueblonoticia.com.ar\/web\/2026\/01\/26\/nacion-eleva-el-tope-de-consumo-subsidiado-de-energia-para-el-nea\/","title":{"rendered":"Naci\u00f3n eleva el tope de consumo subsidiado de energ\u00eda para el NEA"},"content":{"rendered":"<p>El Gobierno nacional elev\u00f3 de 300 a 550 kWh mensuales el tope de consumo el\u00e9ctrico bonificado para el Nordeste y el Noroeste durante el verano y cre\u00f3 el Registro de Subsidios Energ\u00e9ticos Focalizados. Adem\u00e1s, reemplaz\u00f3 al Rase, fij\u00f3 el acceso al beneficio para hogares con ingresos inferiores a tres Canastas B\u00e1sicas Totales y aplic\u00f3 criterios patrimoniales para definir la elegibilidad.<\/p>\n<div class=\"contenido\">\n<div id=\"modalFulltext\">\n<p>El Gobierno nacional oficializ\u00f3 la implementaci\u00f3n del nuevo R\u00e9gimen de Subsidios Energ\u00e9ticos Focalizados (SEF), una pol\u00edtica que redefine los criterios de acceso y alcance de los beneficios tarifarios en todo el pa\u00eds, con un \u00e9nfasis particular en las regiones del Norte Grande argentino.<\/p>\n<p>En este contexto, el Noreste argentino (NEA) adquiere centralidad a partir de la decisi\u00f3n de elevar el tope de consumo el\u00e9ctrico subsidiado, atendiendo a condiciones estructurales vinculadas al clima, la matriz energ\u00e9tica y el acceso desigual a servicios b\u00e1sicos.<\/p>\n<p>La medida establece que, para las provincias del NEA y del Noroeste argentino (NOA), el l\u00edmite mensual de consumo de energ\u00eda el\u00e9ctrica con subsidio se incrementa de 300 a 550 kilovatios hora. Esta modificaci\u00f3n se inscribe dentro de una reformulaci\u00f3n integral del esquema de subsidios, orientada a una focalizaci\u00f3n m\u00e1s precisa del gasto p\u00fablico y a la incorporaci\u00f3n de criterios t\u00e9cnicos y territoriales.<\/p>\n<p>La Secretar\u00eda de Energ\u00eda fue la encargada de reglamentar la implementaci\u00f3n operativa de este nuevo r\u00e9gimen, al tiempo que resolvi\u00f3 postergar su entrada en vigencia efectiva desde febrero, con el objetivo de garantizar una transici\u00f3n ordenada y permitir la adecuaci\u00f3n de los sistemas administrativos y de facturaci\u00f3n de las distribuidoras.<\/p>\n<p>De acuerdo a la misma, el nuevo esquema busca corregir asimetr\u00edas hist\u00f3ricas en el tratamiento tarifario entre regiones, especialmente aquellas vinculadas a la demanda energ\u00e9tica estacional. En el caso del NEA, las altas temperaturas durante gran parte del a\u00f1o generan una necesidad intensiva de consumo el\u00e9ctrico, fundamentalmente para refrigeraci\u00f3n, en un contexto donde el acceso a redes de gas natural es limitado o inexistente.<\/p>\n<p>La decisi\u00f3n se apoya en un enfoque de equidad territorial, reconociendo que la electricidad en el Norte argentino cumple una funci\u00f3n esencial para la habitabilidad de los hogares, m\u00e1s all\u00e1 de consideraciones asociadas al confort, y que las pol\u00edticas p\u00fablicas deben contemplar estas particularidades regionales.<\/p>\n<p><b>EL AUMENTO DEL TOPE SUBSIDIADO EN EL NEA<\/b><\/p>\n<p>El incremento del tope de consumo subsidiado a 550 kWh mensuales para el NEA representa un cambio sustantivo respecto del esquema anterior, que fijaba un l\u00edmite uniforme de 300 kWh para todo el pa\u00eds durante el per\u00edodo estival. Esta ampliaci\u00f3n implica un aumento de hasta el 83 por ciento en el bloque de energ\u00eda alcanzado por el subsidio en las zonas clasificadas como muy c\u00e1lidas.<\/p>\n<p>La medida alcanza espec\u00edficamente a los meses de diciembre, enero y febrero, considerados el trimestre estacional de verano, cuando se registra el mayor pico de demanda el\u00e9ctrica en los hogares del Norte. Durante este per\u00edodo, el uso de equipos de aire acondicionado y ventilaci\u00f3n se vuelve indispensable frente a temperaturas extremas y elevados \u00edndices de humedad.<\/p>\n<p>En paralelo, el esquema mantiene una diferenciaci\u00f3n con otras zonas del pa\u00eds. Para las regiones clasificadas como c\u00e1lidas, el l\u00edmite de consumo subsidiado se fija en 370 kWh mensuales, mientras que para el resto del territorio nacional se conserva el tope de verano en 300 kWh, sin modificaciones.<br \/>\n<b><br \/>\nSimplificaci\u00f3n del sistema de subsidios<\/b><\/p>\n<p>Junto con la modificaci\u00f3n de los topes de consumo, el Gobierno avanz\u00f3 en una reforma administrativa clave mediante la creaci\u00f3n del Registro de Subsidios Energ\u00e9ticos Focalizados (Resef), que reemplaza al antiguo Registro de Acceso a los Subsidios a la Energ\u00eda (Rase). Esta medida fue establecida a trav\u00e9s del Decreto 943\/2025.<\/p>\n<p>Con la entrada en vigencia del Resef, se dio por concluido el per\u00edodo de transici\u00f3n iniciado en 2024 y se simplific\u00f3 el universo de beneficiarios en solo dos categor\u00edas: hogares con subsidio y hogares sin subsidio. Esta simplificaci\u00f3n apunta a reducir errores, superposiciones y discrecionalidades en la asignaci\u00f3n de beneficios.<\/p>\n<p>Seg\u00fan la normativa, los usuarios que ya se encontraban inscriptos en el ex Rase ver\u00e1n sus datos migrados de manera autom\u00e1tica al nuevo registro, sin necesidad de realizar tr\u00e1mites adicionales. No obstante, se estableci\u00f3 que determinados grupos deber\u00e1n reempadronarse obligatoriamente para mantener el acceso al subsidio.<\/p>\n<p>Entre ellos se encuentran los usuarios de garrafas de GLP, los beneficiarios del ex Programa Hogar y quienes recib\u00edan la Tarifa Social de Gas. Estos hogares tendr\u00e1n un plazo de seis meses para completar el proceso de inscripci\u00f3n en el Resef y evitar la p\u00e9rdida del beneficio.<\/p>\n<p><b>Criterios<\/b><\/p>\n<p>La redefinici\u00f3n de los bloques subsidiados se sustenta en criterios t\u00e9cnicos establecidos por la norma Iram 11.603, que clasifica el territorio argentino seg\u00fan zonas bioambientales en funci\u00f3n de variables clim\u00e1ticas. Esta normativa identifica \u00e1reas \u00abc\u00e1lidas\u00bb y \u00abmuy c\u00e1lidas\u00bb, permitiendo ajustar pol\u00edticas energ\u00e9ticas a condiciones objetivas de temperatura y demanda.<\/p>\n<p>A partir de esta base, el Gobierno implement\u00f3 un denominado \u00abmapa bioambiental\u00bb para subsidios energ\u00e9ticos, que adapta los topes de consumo subsidiado de electricidad seg\u00fan la zona clim\u00e1tica. En este esquema, el NEA y el NOA son reconocidos como regiones muy c\u00e1lidas, con mayores necesidades energ\u00e9ticas durante gran parte del a\u00f1o.<\/p>\n<p>El enfoque t\u00e9cnico busca introducir racionalidad y previsibilidad en la asignaci\u00f3n de subsidios, alej\u00e1ndose de criterios uniformes que no contemplan las diferencias territoriales. Seg\u00fan se explic\u00f3 oficialmente, el objetivo es compatibilizar equidad social con eficiencia energ\u00e9tica, evitando subsidios generalizados que no distinguen realidades dis\u00edmiles.<\/p>\n<p>En el caso del Norte argentino, la menor cobertura de redes de gas natural incrementa la dependencia de la electricidad no solo para refrigeraci\u00f3n, sino tambi\u00e9n para cocci\u00f3n de alimentos y calentamiento de agua, lo que refuerza la centralidad del servicio el\u00e9ctrico en la vida cotidiana de los hogares.<\/p>\n<p>diario El Libertador<\/p>\n<\/div>\n<div>\n<div id=\"117986-4\"><\/div>\n<div id=\"117986-6\"><\/div>\n<div id=\"117986-3\"><\/div>\n<\/div>\n<\/div>\n<div class=\"modalRedes\"><\/div>\n","protected":false},"excerpt":{"rendered":"<p>El Gobierno nacional elev\u00f3 de 300 a 550 kWh mensuales el tope de consumo el\u00e9ctrico bonificado para el Nordeste y el Noroeste durante el verano y cre\u00f3 el Registro de Subsidios Energ\u00e9ticos Focalizados. Adem\u00e1s, reemplaz\u00f3 al Rase, fij\u00f3 el acceso al beneficio para hogares con ingresos inferiores a tres Canastas B\u00e1sicas Totales y aplic\u00f3 criterios [&hellip;]<\/p>\n","protected":false},"author":2,"featured_media":6094,"comment_status":"open","ping_status":"open","sticky":false,"template":"","format":"standard","meta":{"footnotes":""},"categories":[78],"tags":[],"class_list":{"0":"post-6089","1":"post","2":"type-post","3":"status-publish","4":"format-standard","5":"has-post-thumbnail","7":"category-generales"},"_links":{"self":[{"href":"https:\/\/elpueblonoticia.com.ar\/web\/wp-json\/wp\/v2\/posts\/6089","targetHints":{"allow":["GET"]}}],"collection":[{"href":"https:\/\/elpueblonoticia.com.ar\/web\/wp-json\/wp\/v2\/posts"}],"about":[{"href":"https:\/\/elpueblonoticia.com.ar\/web\/wp-json\/wp\/v2\/types\/post"}],"author":[{"embeddable":true,"href":"https:\/\/elpueblonoticia.com.ar\/web\/wp-json\/wp\/v2\/users\/2"}],"replies":[{"embeddable":true,"href":"https:\/\/elpueblonoticia.com.ar\/web\/wp-json\/wp\/v2\/comments?post=6089"}],"version-history":[{"count":2,"href":"https:\/\/elpueblonoticia.com.ar\/web\/wp-json\/wp\/v2\/posts\/6089\/revisions"}],"predecessor-version":[{"id":6095,"href":"https:\/\/elpueblonoticia.com.ar\/web\/wp-json\/wp\/v2\/posts\/6089\/revisions\/6095"}],"wp:featuredmedia":[{"embeddable":true,"href":"https:\/\/elpueblonoticia.com.ar\/web\/wp-json\/wp\/v2\/media\/6094"}],"wp:attachment":[{"href":"https:\/\/elpueblonoticia.com.ar\/web\/wp-json\/wp\/v2\/media?parent=6089"}],"wp:term":[{"taxonomy":"category","embeddable":true,"href":"https:\/\/elpueblonoticia.com.ar\/web\/wp-json\/wp\/v2\/categories?post=6089"},{"taxonomy":"post_tag","embeddable":true,"href":"https:\/\/elpueblonoticia.com.ar\/web\/wp-json\/wp\/v2\/tags?post=6089"}],"curies":[{"name":"wp","href":"https:\/\/api.w.org\/{rel}","templated":true}]}}