{"id":6084,"date":"2026-01-26T12:12:27","date_gmt":"2026-01-26T15:12:27","guid":{"rendered":"https:\/\/elpueblonoticia.com.ar\/web\/?p=6084"},"modified":"2026-01-26T12:12:27","modified_gmt":"2026-01-26T15:12:27","slug":"viceintendente-sebastian-mazzaro-valoro-la-inversion-municipal-y-el-crecimiento-del-carnaval-goyano","status":"publish","type":"post","link":"https:\/\/elpueblonoticia.com.ar\/web\/2026\/01\/26\/viceintendente-sebastian-mazzaro-valoro-la-inversion-municipal-y-el-crecimiento-del-carnaval-goyano\/","title":{"rendered":"VICEINTENDENTE SEBASTI\u00c1N MAZZARO VALOR\u00d3 LA INVERSI\u00d3N MUNICIPAL Y EL CRECIMIENTO DEL CARNAVAL GOYANO"},"content":{"rendered":"<p><img loading=\"lazy\" decoding=\"async\" class=\"alignnone  wp-image-6085\" src=\"https:\/\/elpueblonoticia.com.ar\/web\/wp-content\/uploads\/2026\/01\/NOTA-MAZZARO-2-300x200.jpeg\" alt=\"\" width=\"725\" height=\"483\" srcset=\"https:\/\/elpueblonoticia.com.ar\/web\/wp-content\/uploads\/2026\/01\/NOTA-MAZZARO-2-300x200.jpeg 300w, https:\/\/elpueblonoticia.com.ar\/web\/wp-content\/uploads\/2026\/01\/NOTA-MAZZARO-2-1024x683.jpeg 1024w, https:\/\/elpueblonoticia.com.ar\/web\/wp-content\/uploads\/2026\/01\/NOTA-MAZZARO-2-768x512.jpeg 768w, https:\/\/elpueblonoticia.com.ar\/web\/wp-content\/uploads\/2026\/01\/NOTA-MAZZARO-2-1536x1024.jpeg 1536w, https:\/\/elpueblonoticia.com.ar\/web\/wp-content\/uploads\/2026\/01\/NOTA-MAZZARO-2-2048x1365.jpeg 2048w, https:\/\/elpueblonoticia.com.ar\/web\/wp-content\/uploads\/2026\/01\/NOTA-MAZZARO-2-630x420.jpeg 630w, https:\/\/elpueblonoticia.com.ar\/web\/wp-content\/uploads\/2026\/01\/NOTA-MAZZARO-2-696x464.jpeg 696w, https:\/\/elpueblonoticia.com.ar\/web\/wp-content\/uploads\/2026\/01\/NOTA-MAZZARO-2-1068x712.jpeg 1068w\" sizes=\"auto, (max-width: 725px) 100vw, 725px\" \/><\/p>\n<p class=\"x_MsoNormal\"><span lang=\"ES\" data-olk-copy-source=\"MessageBody\">En el marco de la transmisi\u00f3n oficial de la primera noche de los Carnavales Goyanos 2026, el viceintendente de Goya, contador Sebasti\u00e1n Mazzaro, dialog\u00f3 con la prensa y comparti\u00f3 sus sensaciones, expectativas y definiciones sobre uno de los eventos m\u00e1s identitarios y convocantes de la ciudad.<\/span><\/p>\n<p class=\"x_MsoNormal\"><span lang=\"ES\">Visiblemente entusiasmado, el funcionario municipal expres\u00f3 su satisfacci\u00f3n por una nueva edici\u00f3n de la fiesta carnestolenda: \u201cFeliz de vivir un a\u00f1o m\u00e1s de carnaval, adem\u00e1s con este marco espectacular, con toda la inversi\u00f3n puesta para que as\u00ed sea\u201d, afirm\u00f3.<\/span><\/p>\n<p class=\"x_MsoNormal\"><span lang=\"ES\">Mazzaro destac\u00f3 el acompa\u00f1amiento del p\u00fablico y realiz\u00f3 una invitaci\u00f3n abierta a la comunidad: \u201cContento como todos los que estamos acompa\u00f1ando, invitar a toda la gente para que se sume, acompa\u00f1en estos carnavales goyanos y disfrutar de nuestras comparsas que tanto esfuerzo y dedicaci\u00f3n le pusieron durante todo el a\u00f1o para salir con m\u00e1s ganas\u201d, se\u00f1al\u00f3.<\/span><\/p>\n<p class=\"x_MsoNormal\"><span lang=\"ES\">UN CORS\u00d3DROMO QUE CRECE CON INVERSI\u00d3N Y PLANIFICACI\u00d3N<\/span><\/p>\n<p class=\"x_MsoNormal\"><span lang=\"ES\">Al referirse al trabajo previo realizado para los Carnavales Goyanos 2026 y al crecimiento sostenido del cors\u00f3dromo, el viceintendente subray\u00f3 el compromiso conjunto entre las comparsas y el Estado municipal: \u201cQued\u00f3 reflejado lo que fue el trabajo durante todo el a\u00f1o, este \u00faltimo tiempo. Las comparsas, los comparseros y del Estado municipal que siempre tuvo una idea firme de invertir en este evento\u201d, manifest\u00f3.<\/span><\/p>\n<p class=\"x_MsoNormal\"><span lang=\"ES\">En esa l\u00ednea, resalt\u00f3 las mejoras estructurales visibles en esta edici\u00f3n: \u201cHoy vemos un cors\u00f3dromo mucho m\u00e1s moderno, con m\u00e1s espacios, tribunas que hacen al marco\u201d, agreg\u00f3.<\/span><\/p>\n<p class=\"x_MsoNormal\"><span lang=\"ES\">No obstante, puso el foco en los verdaderos protagonistas de la fiesta: \u201cAhora la fiesta y la espectacularidad la hacen las comparsas y felicitaciones a ellos por el trabajo realizado\u201d, subray\u00f3.<\/span><\/p>\n<p class=\"x_MsoNormal\"><span lang=\"ES\">TURISMO, IDENTIDAD Y EVENTOS QUE FORTALECEN A GOYA<\/span><\/p>\n<p class=\"x_MsoNormal\"><span lang=\"ES\">Mazzaro tambi\u00e9n vincul\u00f3 el carnaval con el crecimiento tur\u00edstico de la ciudad y otras propuestas que consolidan a Goya como destino: \u201cTodo hace al turismo de nuestra ciudad, el carnaval parte de nuestra identidad, el chamam\u00e9 como el evento de d\u00edas atr\u00e1s en una Costanera Norte colmada de j\u00f3venes sobre todo\u201d, indic\u00f3.<\/span><\/p>\n<p class=\"x_MsoNormal\"><span lang=\"ES\">En cuanto al Parque Acu\u00e1tico, destac\u00f3 la decisi\u00f3n estrat\u00e9gica de inversi\u00f3n municipal: \u201cEl Parque Acu\u00e1tico es un aspecto muy puntual donde tambi\u00e9n fue una correcta decisi\u00f3n invertir, donde es muy utilizado por los goyanos, por los turistas y tambi\u00e9n se ocupa para realizar actividades de verano municipales. Un espacio nuevo, moderno y que sirve para explotar nuestra ciudad\u201d, agreg\u00f3.<\/span><\/p>\n<p class=\"x_MsoNormal\"><span lang=\"ES\">Asimismo, valor\u00f3 la presencia del Gobierno provincial: \u201cTenemos que seguir teniendo esta mentalidad y hoy disfrutando con nosotros el ministro de Turismo de la Provincia, muy contento que est\u00e9 junto a todos los goyanos\u201d, expres\u00f3.<\/span><\/p>\n<p class=\"x_MsoNormal\"><span lang=\"ES\">ENTRADAS ACCESIBLES Y POL\u00cdTICAS DE INCLUSI\u00d3N<\/span><\/p>\n<p class=\"x_MsoNormal\"><span lang=\"ES\">Consultado sobre el precio de las entradas y las pol\u00edticas de accesibilidad, el viceintendente detall\u00f3 la entrega de pulseras gratuitas para sectores de menores recursos: \u201cM\u00e1s de 1000 entradas para la generalidad del p\u00fablico y cada comparsero tuvo una entrada de m\u00e1s para un acompa\u00f1ante, as\u00ed que estamos hablando de un m\u00ednimo de 1200 acompa\u00f1antes\u201d, explic\u00f3.<\/span><\/p>\n<p class=\"x_MsoNormal\"><span lang=\"ES\">Sobre el valor de las entradas, fue claro: \u201cLa verdad se da todo para que la gente asista y el costo de 5000 pesos para este carnaval que promete mucho no es excesivo y es para todo el p\u00fablico\u201d, afirm\u00f3.<\/span><\/p>\n<p class=\"x_MsoNormal\"><span lang=\"ES\">Adem\u00e1s, remarc\u00f3 las comodidades del predio: \u201cHay espacio, hay lugares para estar c\u00f3modos y servicios de gastronom\u00eda suficiente para venir y sentirse c\u00f3modo y disfrutar de una noche de carnaval\u201d, se\u00f1al\u00f3.<\/span><\/p>\n<p class=\"x_MsoNormal\"><span lang=\"ES\">OBRAS ESTRAT\u00c9GICAS Y MIRADA A FUTURO<\/span><\/p>\n<p class=\"x_MsoNormal\"><span lang=\"ES\">Finalmente, Mazzaro se refiri\u00f3 a las obras de infraestructura que se encuentran en marcha y a los proyectos que apuntalan el desarrollo tur\u00edstico: \u201cLa Terminal es una de las obras que se est\u00e1 llevando a cabo, tambi\u00e9n contin\u00faan con la mega obra de la Costanera\u201d, indic\u00f3.<\/span><\/p>\n<p class=\"x_MsoNormal\"><span lang=\"ES\">Y cerr\u00f3 destacando la proyecci\u00f3n de inversiones para los grandes eventos de la ciudad: \u201cY volviendo al turismo, las inversiones que se realicen en el predio ser\u00e1 para nuestra gran Fiesta del Surub\u00ed, con comisi\u00f3n nueva, ideas nuevas, seguir brind\u00e1ndonos de la mejor manera para que la ciudad siga creciendo, desarroll\u00e1ndose, esto es garant\u00eda en este tipo de gesti\u00f3n\u201d, concluy\u00f3 el viceintendente Sebasti\u00e1n Mazzaro.<\/span><\/p>\n","protected":false},"excerpt":{"rendered":"<p>En el marco de la transmisi\u00f3n oficial de la primera noche de los Carnavales Goyanos 2026, el viceintendente de Goya, contador Sebasti\u00e1n Mazzaro, dialog\u00f3 con la prensa y comparti\u00f3 sus sensaciones, expectativas y definiciones sobre uno de los eventos m\u00e1s identitarios y convocantes de la ciudad. Visiblemente entusiasmado, el funcionario municipal expres\u00f3 su satisfacci\u00f3n por [&hellip;]<\/p>\n","protected":false},"author":2,"featured_media":6086,"comment_status":"open","ping_status":"open","sticky":false,"template":"","format":"standard","meta":{"footnotes":""},"categories":[56],"tags":[],"class_list":{"0":"post-6084","1":"post","2":"type-post","3":"status-publish","4":"format-standard","5":"has-post-thumbnail","7":"category-locales"},"_links":{"self":[{"href":"https:\/\/elpueblonoticia.com.ar\/web\/wp-json\/wp\/v2\/posts\/6084","targetHints":{"allow":["GET"]}}],"collection":[{"href":"https:\/\/elpueblonoticia.com.ar\/web\/wp-json\/wp\/v2\/posts"}],"about":[{"href":"https:\/\/elpueblonoticia.com.ar\/web\/wp-json\/wp\/v2\/types\/post"}],"author":[{"embeddable":true,"href":"https:\/\/elpueblonoticia.com.ar\/web\/wp-json\/wp\/v2\/users\/2"}],"replies":[{"embeddable":true,"href":"https:\/\/elpueblonoticia.com.ar\/web\/wp-json\/wp\/v2\/comments?post=6084"}],"version-history":[{"count":1,"href":"https:\/\/elpueblonoticia.com.ar\/web\/wp-json\/wp\/v2\/posts\/6084\/revisions"}],"predecessor-version":[{"id":6087,"href":"https:\/\/elpueblonoticia.com.ar\/web\/wp-json\/wp\/v2\/posts\/6084\/revisions\/6087"}],"wp:featuredmedia":[{"embeddable":true,"href":"https:\/\/elpueblonoticia.com.ar\/web\/wp-json\/wp\/v2\/media\/6086"}],"wp:attachment":[{"href":"https:\/\/elpueblonoticia.com.ar\/web\/wp-json\/wp\/v2\/media?parent=6084"}],"wp:term":[{"taxonomy":"category","embeddable":true,"href":"https:\/\/elpueblonoticia.com.ar\/web\/wp-json\/wp\/v2\/categories?post=6084"},{"taxonomy":"post_tag","embeddable":true,"href":"https:\/\/elpueblonoticia.com.ar\/web\/wp-json\/wp\/v2\/tags?post=6084"}],"curies":[{"name":"wp","href":"https:\/\/api.w.org\/{rel}","templated":true}]}}