{"id":6076,"date":"2026-01-26T11:24:00","date_gmt":"2026-01-26T14:24:00","guid":{"rendered":"https:\/\/elpueblonoticia.com.ar\/web\/?p=6076"},"modified":"2026-01-26T11:24:00","modified_gmt":"2026-01-26T14:24:00","slug":"huracan-football-club-continua-la-emocion-del-torneo-de-verano-de-futbol-infantil","status":"publish","type":"post","link":"https:\/\/elpueblonoticia.com.ar\/web\/2026\/01\/26\/huracan-football-club-continua-la-emocion-del-torneo-de-verano-de-futbol-infantil\/","title":{"rendered":"HURAC\u00c1N FOOTBALL CLUB: CONTIN\u00daA LA EMOCI\u00d3N DEL TORNEO DE VERANO DE F\u00daTBOL INFANTIL."},"content":{"rendered":"<p class=\"x_MsoNormal\"><span lang=\"ES\" data-olk-copy-source=\"MessageBody\">Este lunes 26 de enero, Hurac\u00e1n Football Club retoma la actividad deportiva con la disputa de la Fecha 3 del Torneo de Verano de F\u00fatbol Infantil \u201cBelisario \u2018Chacho\u2019 Colonese\u201d.<\/span><\/p>\n<p class=\"x_MsoNormal\"><span lang=\"ES\">En esta segunda edici\u00f3n del certamen, que ya se ha consolidado como un espacio de encuentro para las familias y las promesas del f\u00fatbol local, participan equipos divididos en tres categor\u00edas: 2013\/2014, 2015\/2016 y 2017\/2018.<\/span><\/p>\n<p class=\"x_MsoNormal\">CRONOGRAMA Y ENTRADAS.<\/p>\n<p class=\"x_MsoNormal\"><span lang=\"ES\">La competencia se desarrolla de manera regular los d\u00edas lunes, mi\u00e9rcoles y viernes, iniciando la jornada de partidos a partir de las 19:30 hs.<\/span><\/p>\n<p class=\"x_MsoNormal\"><span lang=\"ES\">Todos los encuentros tienen como escenario el Estadio Ram\u00f3n \u201cCacique\u201d Oviedo. Para quienes deseen asistir y apoyar a los peque\u00f1os deportistas, se ha establecido una entrada general de $2.000.<\/span><\/p>\n<p class=\"x_MsoNormal\"><span lang=\"ES\">Invitamos a toda la comunidad a disfrutar de estas jornadas de deporte y sana competencia en nuestra instituci\u00f3n sabalera.<\/span><\/p>\n","protected":false},"excerpt":{"rendered":"<p>Este lunes 26 de enero, Hurac\u00e1n Football Club retoma la actividad deportiva con la disputa de la Fecha 3 del Torneo de Verano de F\u00fatbol Infantil \u201cBelisario \u2018Chacho\u2019 Colonese\u201d. En esta segunda edici\u00f3n del certamen, que ya se ha consolidado como un espacio de encuentro para las familias y las promesas del f\u00fatbol local, participan [&hellip;]<\/p>\n","protected":false},"author":2,"featured_media":6077,"comment_status":"open","ping_status":"open","sticky":false,"template":"","format":"standard","meta":{"footnotes":""},"categories":[76],"tags":[],"class_list":{"0":"post-6076","1":"post","2":"type-post","3":"status-publish","4":"format-standard","5":"has-post-thumbnail","7":"category-deportes"},"_links":{"self":[{"href":"https:\/\/elpueblonoticia.com.ar\/web\/wp-json\/wp\/v2\/posts\/6076","targetHints":{"allow":["GET"]}}],"collection":[{"href":"https:\/\/elpueblonoticia.com.ar\/web\/wp-json\/wp\/v2\/posts"}],"about":[{"href":"https:\/\/elpueblonoticia.com.ar\/web\/wp-json\/wp\/v2\/types\/post"}],"author":[{"embeddable":true,"href":"https:\/\/elpueblonoticia.com.ar\/web\/wp-json\/wp\/v2\/users\/2"}],"replies":[{"embeddable":true,"href":"https:\/\/elpueblonoticia.com.ar\/web\/wp-json\/wp\/v2\/comments?post=6076"}],"version-history":[{"count":1,"href":"https:\/\/elpueblonoticia.com.ar\/web\/wp-json\/wp\/v2\/posts\/6076\/revisions"}],"predecessor-version":[{"id":6078,"href":"https:\/\/elpueblonoticia.com.ar\/web\/wp-json\/wp\/v2\/posts\/6076\/revisions\/6078"}],"wp:featuredmedia":[{"embeddable":true,"href":"https:\/\/elpueblonoticia.com.ar\/web\/wp-json\/wp\/v2\/media\/6077"}],"wp:attachment":[{"href":"https:\/\/elpueblonoticia.com.ar\/web\/wp-json\/wp\/v2\/media?parent=6076"}],"wp:term":[{"taxonomy":"category","embeddable":true,"href":"https:\/\/elpueblonoticia.com.ar\/web\/wp-json\/wp\/v2\/categories?post=6076"},{"taxonomy":"post_tag","embeddable":true,"href":"https:\/\/elpueblonoticia.com.ar\/web\/wp-json\/wp\/v2\/tags?post=6076"}],"curies":[{"name":"wp","href":"https:\/\/api.w.org\/{rel}","templated":true}]}}