{"id":6050,"date":"2026-01-26T11:18:23","date_gmt":"2026-01-26T14:18:23","guid":{"rendered":"https:\/\/elpueblonoticia.com.ar\/web\/?p=6050"},"modified":"2026-01-26T11:18:23","modified_gmt":"2026-01-26T14:18:23","slug":"centesimo-quincuagesimo-quinto-aniversario","status":"publish","type":"post","link":"https:\/\/elpueblonoticia.com.ar\/web\/2026\/01\/26\/centesimo-quincuagesimo-quinto-aniversario\/","title":{"rendered":"Cent\u00e9simo Quincuag\u00e9simo Quinto Aniversario"},"content":{"rendered":"<p><img loading=\"lazy\" decoding=\"async\" class=\"alignnone size-medium wp-image-6052\" src=\"https:\/\/elpueblonoticia.com.ar\/web\/wp-content\/uploads\/2026\/01\/BATALLA-DE-NAEMBE-1-300x182.jpeg\" alt=\"\" width=\"300\" height=\"182\" srcset=\"https:\/\/elpueblonoticia.com.ar\/web\/wp-content\/uploads\/2026\/01\/BATALLA-DE-NAEMBE-1-300x182.jpeg 300w, https:\/\/elpueblonoticia.com.ar\/web\/wp-content\/uploads\/2026\/01\/BATALLA-DE-NAEMBE-1-1024x620.jpeg 1024w, https:\/\/elpueblonoticia.com.ar\/web\/wp-content\/uploads\/2026\/01\/BATALLA-DE-NAEMBE-1-768x465.jpeg 768w, https:\/\/elpueblonoticia.com.ar\/web\/wp-content\/uploads\/2026\/01\/BATALLA-DE-NAEMBE-1-1536x930.jpeg 1536w, https:\/\/elpueblonoticia.com.ar\/web\/wp-content\/uploads\/2026\/01\/BATALLA-DE-NAEMBE-1-693x420.jpeg 693w, https:\/\/elpueblonoticia.com.ar\/web\/wp-content\/uploads\/2026\/01\/BATALLA-DE-NAEMBE-1-696x422.jpeg 696w, https:\/\/elpueblonoticia.com.ar\/web\/wp-content\/uploads\/2026\/01\/BATALLA-DE-NAEMBE-1-1068x647.jpeg 1068w, https:\/\/elpueblonoticia.com.ar\/web\/wp-content\/uploads\/2026\/01\/BATALLA-DE-NAEMBE-1.jpeg 1600w\" sizes=\"auto, (max-width: 300px) 100vw, 300px\" \/> <img loading=\"lazy\" decoding=\"async\" class=\"alignnone size-medium wp-image-6053\" src=\"https:\/\/elpueblonoticia.com.ar\/web\/wp-content\/uploads\/2026\/01\/BATALLA-DE-NAEMBE-2-300x134.jpeg\" alt=\"\" width=\"300\" height=\"134\" srcset=\"https:\/\/elpueblonoticia.com.ar\/web\/wp-content\/uploads\/2026\/01\/BATALLA-DE-NAEMBE-2-300x134.jpeg 300w, https:\/\/elpueblonoticia.com.ar\/web\/wp-content\/uploads\/2026\/01\/BATALLA-DE-NAEMBE-2-1024x459.jpeg 1024w, https:\/\/elpueblonoticia.com.ar\/web\/wp-content\/uploads\/2026\/01\/BATALLA-DE-NAEMBE-2-768x344.jpeg 768w, https:\/\/elpueblonoticia.com.ar\/web\/wp-content\/uploads\/2026\/01\/BATALLA-DE-NAEMBE-2-1536x688.jpeg 1536w, https:\/\/elpueblonoticia.com.ar\/web\/wp-content\/uploads\/2026\/01\/BATALLA-DE-NAEMBE-2-937x420.jpeg 937w, https:\/\/elpueblonoticia.com.ar\/web\/wp-content\/uploads\/2026\/01\/BATALLA-DE-NAEMBE-2-696x312.jpeg 696w, https:\/\/elpueblonoticia.com.ar\/web\/wp-content\/uploads\/2026\/01\/BATALLA-DE-NAEMBE-2-1068x479.jpeg 1068w, https:\/\/elpueblonoticia.com.ar\/web\/wp-content\/uploads\/2026\/01\/BATALLA-DE-NAEMBE-2.jpeg 1600w\" sizes=\"auto, (max-width: 300px) 100vw, 300px\" \/> <img loading=\"lazy\" decoding=\"async\" class=\"alignnone size-medium wp-image-6054\" src=\"https:\/\/elpueblonoticia.com.ar\/web\/wp-content\/uploads\/2026\/01\/BATALLA-DE-NAEMBE-3-300x200.jpeg\" alt=\"\" width=\"300\" height=\"200\" srcset=\"https:\/\/elpueblonoticia.com.ar\/web\/wp-content\/uploads\/2026\/01\/BATALLA-DE-NAEMBE-3-300x200.jpeg 300w, https:\/\/elpueblonoticia.com.ar\/web\/wp-content\/uploads\/2026\/01\/BATALLA-DE-NAEMBE-3-1024x682.jpeg 1024w, https:\/\/elpueblonoticia.com.ar\/web\/wp-content\/uploads\/2026\/01\/BATALLA-DE-NAEMBE-3-768x512.jpeg 768w, https:\/\/elpueblonoticia.com.ar\/web\/wp-content\/uploads\/2026\/01\/BATALLA-DE-NAEMBE-3-1536x1023.jpeg 1536w, https:\/\/elpueblonoticia.com.ar\/web\/wp-content\/uploads\/2026\/01\/BATALLA-DE-NAEMBE-3-630x420.jpeg 630w, https:\/\/elpueblonoticia.com.ar\/web\/wp-content\/uploads\/2026\/01\/BATALLA-DE-NAEMBE-3-696x464.jpeg 696w, https:\/\/elpueblonoticia.com.ar\/web\/wp-content\/uploads\/2026\/01\/BATALLA-DE-NAEMBE-3-1068x712.jpeg 1068w, https:\/\/elpueblonoticia.com.ar\/web\/wp-content\/uploads\/2026\/01\/BATALLA-DE-NAEMBE-3.jpeg 1600w\" sizes=\"auto, (max-width: 300px) 100vw, 300px\" \/> <img loading=\"lazy\" decoding=\"async\" class=\"alignnone size-medium wp-image-6055\" src=\"https:\/\/elpueblonoticia.com.ar\/web\/wp-content\/uploads\/2026\/01\/BATALLA-DE-NAEMBE-4-300x200.jpeg\" alt=\"\" width=\"300\" height=\"200\" srcset=\"https:\/\/elpueblonoticia.com.ar\/web\/wp-content\/uploads\/2026\/01\/BATALLA-DE-NAEMBE-4-300x200.jpeg 300w, https:\/\/elpueblonoticia.com.ar\/web\/wp-content\/uploads\/2026\/01\/BATALLA-DE-NAEMBE-4-1024x682.jpeg 1024w, https:\/\/elpueblonoticia.com.ar\/web\/wp-content\/uploads\/2026\/01\/BATALLA-DE-NAEMBE-4-768x512.jpeg 768w, https:\/\/elpueblonoticia.com.ar\/web\/wp-content\/uploads\/2026\/01\/BATALLA-DE-NAEMBE-4-1536x1023.jpeg 1536w, https:\/\/elpueblonoticia.com.ar\/web\/wp-content\/uploads\/2026\/01\/BATALLA-DE-NAEMBE-4-630x420.jpeg 630w, https:\/\/elpueblonoticia.com.ar\/web\/wp-content\/uploads\/2026\/01\/BATALLA-DE-NAEMBE-4-696x464.jpeg 696w, https:\/\/elpueblonoticia.com.ar\/web\/wp-content\/uploads\/2026\/01\/BATALLA-DE-NAEMBE-4-1068x712.jpeg 1068w, https:\/\/elpueblonoticia.com.ar\/web\/wp-content\/uploads\/2026\/01\/BATALLA-DE-NAEMBE-4.jpeg 1600w\" sizes=\"auto, (max-width: 300px) 100vw, 300px\" \/> <img loading=\"lazy\" decoding=\"async\" class=\"alignnone size-medium wp-image-6056\" src=\"https:\/\/elpueblonoticia.com.ar\/web\/wp-content\/uploads\/2026\/01\/BATALLA-DE-NAEMBE-5-300x200.jpeg\" alt=\"\" width=\"300\" height=\"200\" srcset=\"https:\/\/elpueblonoticia.com.ar\/web\/wp-content\/uploads\/2026\/01\/BATALLA-DE-NAEMBE-5-300x200.jpeg 300w, https:\/\/elpueblonoticia.com.ar\/web\/wp-content\/uploads\/2026\/01\/BATALLA-DE-NAEMBE-5-1024x682.jpeg 1024w, https:\/\/elpueblonoticia.com.ar\/web\/wp-content\/uploads\/2026\/01\/BATALLA-DE-NAEMBE-5-768x512.jpeg 768w, https:\/\/elpueblonoticia.com.ar\/web\/wp-content\/uploads\/2026\/01\/BATALLA-DE-NAEMBE-5-1536x1023.jpeg 1536w, https:\/\/elpueblonoticia.com.ar\/web\/wp-content\/uploads\/2026\/01\/BATALLA-DE-NAEMBE-5-630x420.jpeg 630w, https:\/\/elpueblonoticia.com.ar\/web\/wp-content\/uploads\/2026\/01\/BATALLA-DE-NAEMBE-5-696x464.jpeg 696w, https:\/\/elpueblonoticia.com.ar\/web\/wp-content\/uploads\/2026\/01\/BATALLA-DE-NAEMBE-5-1068x712.jpeg 1068w, https:\/\/elpueblonoticia.com.ar\/web\/wp-content\/uploads\/2026\/01\/BATALLA-DE-NAEMBE-5.jpeg 1600w\" sizes=\"auto, (max-width: 300px) 100vw, 300px\" \/> <img loading=\"lazy\" decoding=\"async\" class=\"alignnone size-medium wp-image-6057\" src=\"https:\/\/elpueblonoticia.com.ar\/web\/wp-content\/uploads\/2026\/01\/BATALLA-DE-NAEMBE-6-300x200.jpeg\" alt=\"\" width=\"300\" height=\"200\" srcset=\"https:\/\/elpueblonoticia.com.ar\/web\/wp-content\/uploads\/2026\/01\/BATALLA-DE-NAEMBE-6-300x200.jpeg 300w, https:\/\/elpueblonoticia.com.ar\/web\/wp-content\/uploads\/2026\/01\/BATALLA-DE-NAEMBE-6-1024x682.jpeg 1024w, https:\/\/elpueblonoticia.com.ar\/web\/wp-content\/uploads\/2026\/01\/BATALLA-DE-NAEMBE-6-768x512.jpeg 768w, https:\/\/elpueblonoticia.com.ar\/web\/wp-content\/uploads\/2026\/01\/BATALLA-DE-NAEMBE-6-1536x1023.jpeg 1536w, https:\/\/elpueblonoticia.com.ar\/web\/wp-content\/uploads\/2026\/01\/BATALLA-DE-NAEMBE-6-630x420.jpeg 630w, https:\/\/elpueblonoticia.com.ar\/web\/wp-content\/uploads\/2026\/01\/BATALLA-DE-NAEMBE-6-696x464.jpeg 696w, https:\/\/elpueblonoticia.com.ar\/web\/wp-content\/uploads\/2026\/01\/BATALLA-DE-NAEMBE-6-1068x712.jpeg 1068w, https:\/\/elpueblonoticia.com.ar\/web\/wp-content\/uploads\/2026\/01\/BATALLA-DE-NAEMBE-6.jpeg 1600w\" sizes=\"auto, (max-width: 300px) 100vw, 300px\" \/> <img loading=\"lazy\" decoding=\"async\" class=\"alignnone size-medium wp-image-6058\" src=\"https:\/\/elpueblonoticia.com.ar\/web\/wp-content\/uploads\/2026\/01\/BATALLA-DE-NAEMBE-7-300x200.jpeg\" alt=\"\" width=\"300\" height=\"200\" srcset=\"https:\/\/elpueblonoticia.com.ar\/web\/wp-content\/uploads\/2026\/01\/BATALLA-DE-NAEMBE-7-300x200.jpeg 300w, https:\/\/elpueblonoticia.com.ar\/web\/wp-content\/uploads\/2026\/01\/BATALLA-DE-NAEMBE-7-1024x682.jpeg 1024w, https:\/\/elpueblonoticia.com.ar\/web\/wp-content\/uploads\/2026\/01\/BATALLA-DE-NAEMBE-7-768x512.jpeg 768w, https:\/\/elpueblonoticia.com.ar\/web\/wp-content\/uploads\/2026\/01\/BATALLA-DE-NAEMBE-7-1536x1023.jpeg 1536w, https:\/\/elpueblonoticia.com.ar\/web\/wp-content\/uploads\/2026\/01\/BATALLA-DE-NAEMBE-7-630x420.jpeg 630w, https:\/\/elpueblonoticia.com.ar\/web\/wp-content\/uploads\/2026\/01\/BATALLA-DE-NAEMBE-7-696x464.jpeg 696w, https:\/\/elpueblonoticia.com.ar\/web\/wp-content\/uploads\/2026\/01\/BATALLA-DE-NAEMBE-7-1068x712.jpeg 1068w, https:\/\/elpueblonoticia.com.ar\/web\/wp-content\/uploads\/2026\/01\/BATALLA-DE-NAEMBE-7.jpeg 1600w\" sizes=\"auto, (max-width: 300px) 100vw, 300px\" \/> <img loading=\"lazy\" decoding=\"async\" class=\"alignnone size-medium wp-image-6059\" src=\"https:\/\/elpueblonoticia.com.ar\/web\/wp-content\/uploads\/2026\/01\/BATALLA-DE-NAEMBE-8-300x200.jpeg\" alt=\"\" width=\"300\" height=\"200\" srcset=\"https:\/\/elpueblonoticia.com.ar\/web\/wp-content\/uploads\/2026\/01\/BATALLA-DE-NAEMBE-8-300x200.jpeg 300w, https:\/\/elpueblonoticia.com.ar\/web\/wp-content\/uploads\/2026\/01\/BATALLA-DE-NAEMBE-8-1024x682.jpeg 1024w, https:\/\/elpueblonoticia.com.ar\/web\/wp-content\/uploads\/2026\/01\/BATALLA-DE-NAEMBE-8-768x512.jpeg 768w, https:\/\/elpueblonoticia.com.ar\/web\/wp-content\/uploads\/2026\/01\/BATALLA-DE-NAEMBE-8-1536x1023.jpeg 1536w, https:\/\/elpueblonoticia.com.ar\/web\/wp-content\/uploads\/2026\/01\/BATALLA-DE-NAEMBE-8-630x420.jpeg 630w, https:\/\/elpueblonoticia.com.ar\/web\/wp-content\/uploads\/2026\/01\/BATALLA-DE-NAEMBE-8-696x464.jpeg 696w, https:\/\/elpueblonoticia.com.ar\/web\/wp-content\/uploads\/2026\/01\/BATALLA-DE-NAEMBE-8-1068x712.jpeg 1068w, https:\/\/elpueblonoticia.com.ar\/web\/wp-content\/uploads\/2026\/01\/BATALLA-DE-NAEMBE-8.jpeg 1600w\" sizes=\"auto, (max-width: 300px) 100vw, 300px\" \/> <img loading=\"lazy\" decoding=\"async\" class=\"alignnone size-medium wp-image-6060\" src=\"https:\/\/elpueblonoticia.com.ar\/web\/wp-content\/uploads\/2026\/01\/BATALLA-DE-NAEMBE-10-300x200.jpeg\" alt=\"\" width=\"300\" height=\"200\" srcset=\"https:\/\/elpueblonoticia.com.ar\/web\/wp-content\/uploads\/2026\/01\/BATALLA-DE-NAEMBE-10-300x200.jpeg 300w, https:\/\/elpueblonoticia.com.ar\/web\/wp-content\/uploads\/2026\/01\/BATALLA-DE-NAEMBE-10-1024x682.jpeg 1024w, https:\/\/elpueblonoticia.com.ar\/web\/wp-content\/uploads\/2026\/01\/BATALLA-DE-NAEMBE-10-768x512.jpeg 768w, https:\/\/elpueblonoticia.com.ar\/web\/wp-content\/uploads\/2026\/01\/BATALLA-DE-NAEMBE-10-1536x1023.jpeg 1536w, https:\/\/elpueblonoticia.com.ar\/web\/wp-content\/uploads\/2026\/01\/BATALLA-DE-NAEMBE-10-630x420.jpeg 630w, https:\/\/elpueblonoticia.com.ar\/web\/wp-content\/uploads\/2026\/01\/BATALLA-DE-NAEMBE-10-696x464.jpeg 696w, https:\/\/elpueblonoticia.com.ar\/web\/wp-content\/uploads\/2026\/01\/BATALLA-DE-NAEMBE-10-1068x712.jpeg 1068w, https:\/\/elpueblonoticia.com.ar\/web\/wp-content\/uploads\/2026\/01\/BATALLA-DE-NAEMBE-10.jpeg 1600w\" sizes=\"auto, (max-width: 300px) 100vw, 300px\" \/> <img loading=\"lazy\" decoding=\"async\" class=\"alignnone size-medium wp-image-6061\" src=\"https:\/\/elpueblonoticia.com.ar\/web\/wp-content\/uploads\/2026\/01\/BATALLA-DE-NAEMBE-11-300x200.jpeg\" alt=\"\" width=\"300\" height=\"200\" srcset=\"https:\/\/elpueblonoticia.com.ar\/web\/wp-content\/uploads\/2026\/01\/BATALLA-DE-NAEMBE-11-300x200.jpeg 300w, https:\/\/elpueblonoticia.com.ar\/web\/wp-content\/uploads\/2026\/01\/BATALLA-DE-NAEMBE-11-1024x682.jpeg 1024w, https:\/\/elpueblonoticia.com.ar\/web\/wp-content\/uploads\/2026\/01\/BATALLA-DE-NAEMBE-11-768x512.jpeg 768w, https:\/\/elpueblonoticia.com.ar\/web\/wp-content\/uploads\/2026\/01\/BATALLA-DE-NAEMBE-11-1536x1023.jpeg 1536w, https:\/\/elpueblonoticia.com.ar\/web\/wp-content\/uploads\/2026\/01\/BATALLA-DE-NAEMBE-11-630x420.jpeg 630w, https:\/\/elpueblonoticia.com.ar\/web\/wp-content\/uploads\/2026\/01\/BATALLA-DE-NAEMBE-11-696x464.jpeg 696w, https:\/\/elpueblonoticia.com.ar\/web\/wp-content\/uploads\/2026\/01\/BATALLA-DE-NAEMBE-11-1068x712.jpeg 1068w, https:\/\/elpueblonoticia.com.ar\/web\/wp-content\/uploads\/2026\/01\/BATALLA-DE-NAEMBE-11.jpeg 1600w\" sizes=\"auto, (max-width: 300px) 100vw, 300px\" \/> <img loading=\"lazy\" decoding=\"async\" class=\"alignnone size-medium wp-image-6062\" src=\"https:\/\/elpueblonoticia.com.ar\/web\/wp-content\/uploads\/2026\/01\/BATALLA-DE-NAEMBE-12-300x200.jpeg\" alt=\"\" width=\"300\" height=\"200\" srcset=\"https:\/\/elpueblonoticia.com.ar\/web\/wp-content\/uploads\/2026\/01\/BATALLA-DE-NAEMBE-12-300x200.jpeg 300w, https:\/\/elpueblonoticia.com.ar\/web\/wp-content\/uploads\/2026\/01\/BATALLA-DE-NAEMBE-12-1024x682.jpeg 1024w, https:\/\/elpueblonoticia.com.ar\/web\/wp-content\/uploads\/2026\/01\/BATALLA-DE-NAEMBE-12-768x512.jpeg 768w, https:\/\/elpueblonoticia.com.ar\/web\/wp-content\/uploads\/2026\/01\/BATALLA-DE-NAEMBE-12-1536x1023.jpeg 1536w, https:\/\/elpueblonoticia.com.ar\/web\/wp-content\/uploads\/2026\/01\/BATALLA-DE-NAEMBE-12-630x420.jpeg 630w, https:\/\/elpueblonoticia.com.ar\/web\/wp-content\/uploads\/2026\/01\/BATALLA-DE-NAEMBE-12-696x464.jpeg 696w, https:\/\/elpueblonoticia.com.ar\/web\/wp-content\/uploads\/2026\/01\/BATALLA-DE-NAEMBE-12-1068x712.jpeg 1068w, https:\/\/elpueblonoticia.com.ar\/web\/wp-content\/uploads\/2026\/01\/BATALLA-DE-NAEMBE-12.jpeg 1600w\" sizes=\"auto, (max-width: 300px) 100vw, 300px\" \/> <img loading=\"lazy\" decoding=\"async\" class=\"alignnone size-medium wp-image-6063\" src=\"https:\/\/elpueblonoticia.com.ar\/web\/wp-content\/uploads\/2026\/01\/BATALLA-DE-NAEMBE-13-300x200.jpeg\" alt=\"\" width=\"300\" height=\"200\" srcset=\"https:\/\/elpueblonoticia.com.ar\/web\/wp-content\/uploads\/2026\/01\/BATALLA-DE-NAEMBE-13-300x200.jpeg 300w, https:\/\/elpueblonoticia.com.ar\/web\/wp-content\/uploads\/2026\/01\/BATALLA-DE-NAEMBE-13-1024x682.jpeg 1024w, https:\/\/elpueblonoticia.com.ar\/web\/wp-content\/uploads\/2026\/01\/BATALLA-DE-NAEMBE-13-768x512.jpeg 768w, https:\/\/elpueblonoticia.com.ar\/web\/wp-content\/uploads\/2026\/01\/BATALLA-DE-NAEMBE-13-1536x1023.jpeg 1536w, https:\/\/elpueblonoticia.com.ar\/web\/wp-content\/uploads\/2026\/01\/BATALLA-DE-NAEMBE-13-630x420.jpeg 630w, https:\/\/elpueblonoticia.com.ar\/web\/wp-content\/uploads\/2026\/01\/BATALLA-DE-NAEMBE-13-696x464.jpeg 696w, https:\/\/elpueblonoticia.com.ar\/web\/wp-content\/uploads\/2026\/01\/BATALLA-DE-NAEMBE-13-1068x712.jpeg 1068w, https:\/\/elpueblonoticia.com.ar\/web\/wp-content\/uploads\/2026\/01\/BATALLA-DE-NAEMBE-13.jpeg 1600w\" sizes=\"auto, (max-width: 300px) 100vw, 300px\" \/> <img loading=\"lazy\" decoding=\"async\" class=\"alignnone size-medium wp-image-6064\" src=\"https:\/\/elpueblonoticia.com.ar\/web\/wp-content\/uploads\/2026\/01\/BATALLA-DE-NAEMBE-14-300x200.jpeg\" alt=\"\" width=\"300\" height=\"200\" srcset=\"https:\/\/elpueblonoticia.com.ar\/web\/wp-content\/uploads\/2026\/01\/BATALLA-DE-NAEMBE-14-300x200.jpeg 300w, https:\/\/elpueblonoticia.com.ar\/web\/wp-content\/uploads\/2026\/01\/BATALLA-DE-NAEMBE-14-1024x682.jpeg 1024w, https:\/\/elpueblonoticia.com.ar\/web\/wp-content\/uploads\/2026\/01\/BATALLA-DE-NAEMBE-14-768x512.jpeg 768w, https:\/\/elpueblonoticia.com.ar\/web\/wp-content\/uploads\/2026\/01\/BATALLA-DE-NAEMBE-14-1536x1023.jpeg 1536w, https:\/\/elpueblonoticia.com.ar\/web\/wp-content\/uploads\/2026\/01\/BATALLA-DE-NAEMBE-14-630x420.jpeg 630w, https:\/\/elpueblonoticia.com.ar\/web\/wp-content\/uploads\/2026\/01\/BATALLA-DE-NAEMBE-14-696x464.jpeg 696w, https:\/\/elpueblonoticia.com.ar\/web\/wp-content\/uploads\/2026\/01\/BATALLA-DE-NAEMBE-14-1068x712.jpeg 1068w, https:\/\/elpueblonoticia.com.ar\/web\/wp-content\/uploads\/2026\/01\/BATALLA-DE-NAEMBE-14.jpeg 1600w\" sizes=\"auto, (max-width: 300px) 100vw, 300px\" \/> <img loading=\"lazy\" decoding=\"async\" class=\"alignnone size-medium wp-image-6065\" src=\"https:\/\/elpueblonoticia.com.ar\/web\/wp-content\/uploads\/2026\/01\/BATALLA-DE-NAEMBE-15-300x200.jpeg\" alt=\"\" width=\"300\" height=\"200\" srcset=\"https:\/\/elpueblonoticia.com.ar\/web\/wp-content\/uploads\/2026\/01\/BATALLA-DE-NAEMBE-15-300x200.jpeg 300w, https:\/\/elpueblonoticia.com.ar\/web\/wp-content\/uploads\/2026\/01\/BATALLA-DE-NAEMBE-15-1024x682.jpeg 1024w, https:\/\/elpueblonoticia.com.ar\/web\/wp-content\/uploads\/2026\/01\/BATALLA-DE-NAEMBE-15-768x512.jpeg 768w, https:\/\/elpueblonoticia.com.ar\/web\/wp-content\/uploads\/2026\/01\/BATALLA-DE-NAEMBE-15-1536x1023.jpeg 1536w, https:\/\/elpueblonoticia.com.ar\/web\/wp-content\/uploads\/2026\/01\/BATALLA-DE-NAEMBE-15-630x420.jpeg 630w, https:\/\/elpueblonoticia.com.ar\/web\/wp-content\/uploads\/2026\/01\/BATALLA-DE-NAEMBE-15-696x464.jpeg 696w, https:\/\/elpueblonoticia.com.ar\/web\/wp-content\/uploads\/2026\/01\/BATALLA-DE-NAEMBE-15-1068x712.jpeg 1068w, https:\/\/elpueblonoticia.com.ar\/web\/wp-content\/uploads\/2026\/01\/BATALLA-DE-NAEMBE-15.jpeg 1600w\" sizes=\"auto, (max-width: 300px) 100vw, 300px\" \/> <img loading=\"lazy\" decoding=\"async\" class=\"alignnone size-medium wp-image-6066\" src=\"https:\/\/elpueblonoticia.com.ar\/web\/wp-content\/uploads\/2026\/01\/BATALLA-DE-NAEMBE-16-300x200.jpeg\" alt=\"\" width=\"300\" height=\"200\" srcset=\"https:\/\/elpueblonoticia.com.ar\/web\/wp-content\/uploads\/2026\/01\/BATALLA-DE-NAEMBE-16-300x200.jpeg 300w, https:\/\/elpueblonoticia.com.ar\/web\/wp-content\/uploads\/2026\/01\/BATALLA-DE-NAEMBE-16-1024x682.jpeg 1024w, https:\/\/elpueblonoticia.com.ar\/web\/wp-content\/uploads\/2026\/01\/BATALLA-DE-NAEMBE-16-768x512.jpeg 768w, https:\/\/elpueblonoticia.com.ar\/web\/wp-content\/uploads\/2026\/01\/BATALLA-DE-NAEMBE-16-1536x1023.jpeg 1536w, https:\/\/elpueblonoticia.com.ar\/web\/wp-content\/uploads\/2026\/01\/BATALLA-DE-NAEMBE-16-630x420.jpeg 630w, https:\/\/elpueblonoticia.com.ar\/web\/wp-content\/uploads\/2026\/01\/BATALLA-DE-NAEMBE-16-696x464.jpeg 696w, https:\/\/elpueblonoticia.com.ar\/web\/wp-content\/uploads\/2026\/01\/BATALLA-DE-NAEMBE-16-1068x712.jpeg 1068w, https:\/\/elpueblonoticia.com.ar\/web\/wp-content\/uploads\/2026\/01\/BATALLA-DE-NAEMBE-16.jpeg 1600w\" sizes=\"auto, (max-width: 300px) 100vw, 300px\" \/> <img loading=\"lazy\" decoding=\"async\" class=\"alignnone size-medium wp-image-6067\" src=\"https:\/\/elpueblonoticia.com.ar\/web\/wp-content\/uploads\/2026\/01\/BATALLA-DE-NAEMBE-17-300x200.jpeg\" alt=\"\" width=\"300\" height=\"200\" srcset=\"https:\/\/elpueblonoticia.com.ar\/web\/wp-content\/uploads\/2026\/01\/BATALLA-DE-NAEMBE-17-300x200.jpeg 300w, https:\/\/elpueblonoticia.com.ar\/web\/wp-content\/uploads\/2026\/01\/BATALLA-DE-NAEMBE-17-1024x682.jpeg 1024w, https:\/\/elpueblonoticia.com.ar\/web\/wp-content\/uploads\/2026\/01\/BATALLA-DE-NAEMBE-17-768x512.jpeg 768w, https:\/\/elpueblonoticia.com.ar\/web\/wp-content\/uploads\/2026\/01\/BATALLA-DE-NAEMBE-17-1536x1023.jpeg 1536w, https:\/\/elpueblonoticia.com.ar\/web\/wp-content\/uploads\/2026\/01\/BATALLA-DE-NAEMBE-17-630x420.jpeg 630w, https:\/\/elpueblonoticia.com.ar\/web\/wp-content\/uploads\/2026\/01\/BATALLA-DE-NAEMBE-17-696x464.jpeg 696w, https:\/\/elpueblonoticia.com.ar\/web\/wp-content\/uploads\/2026\/01\/BATALLA-DE-NAEMBE-17-1068x712.jpeg 1068w, https:\/\/elpueblonoticia.com.ar\/web\/wp-content\/uploads\/2026\/01\/BATALLA-DE-NAEMBE-17.jpeg 1600w\" sizes=\"auto, (max-width: 300px) 100vw, 300px\" \/> <img loading=\"lazy\" decoding=\"async\" class=\"alignnone size-medium wp-image-6068\" src=\"https:\/\/elpueblonoticia.com.ar\/web\/wp-content\/uploads\/2026\/01\/BATALLA-DE-NAEMBE-18-300x200.jpeg\" alt=\"\" width=\"300\" height=\"200\" srcset=\"https:\/\/elpueblonoticia.com.ar\/web\/wp-content\/uploads\/2026\/01\/BATALLA-DE-NAEMBE-18-300x200.jpeg 300w, https:\/\/elpueblonoticia.com.ar\/web\/wp-content\/uploads\/2026\/01\/BATALLA-DE-NAEMBE-18-1024x682.jpeg 1024w, https:\/\/elpueblonoticia.com.ar\/web\/wp-content\/uploads\/2026\/01\/BATALLA-DE-NAEMBE-18-768x512.jpeg 768w, https:\/\/elpueblonoticia.com.ar\/web\/wp-content\/uploads\/2026\/01\/BATALLA-DE-NAEMBE-18-1536x1023.jpeg 1536w, https:\/\/elpueblonoticia.com.ar\/web\/wp-content\/uploads\/2026\/01\/BATALLA-DE-NAEMBE-18-630x420.jpeg 630w, https:\/\/elpueblonoticia.com.ar\/web\/wp-content\/uploads\/2026\/01\/BATALLA-DE-NAEMBE-18-696x464.jpeg 696w, https:\/\/elpueblonoticia.com.ar\/web\/wp-content\/uploads\/2026\/01\/BATALLA-DE-NAEMBE-18-1068x712.jpeg 1068w, https:\/\/elpueblonoticia.com.ar\/web\/wp-content\/uploads\/2026\/01\/BATALLA-DE-NAEMBE-18.jpeg 1600w\" sizes=\"auto, (max-width: 300px) 100vw, 300px\" \/> <img loading=\"lazy\" decoding=\"async\" class=\"alignnone size-medium wp-image-6069\" src=\"https:\/\/elpueblonoticia.com.ar\/web\/wp-content\/uploads\/2026\/01\/BATALLA-DE-NAEMBE-19-300x255.jpeg\" alt=\"\" width=\"300\" height=\"255\" srcset=\"https:\/\/elpueblonoticia.com.ar\/web\/wp-content\/uploads\/2026\/01\/BATALLA-DE-NAEMBE-19-300x255.jpeg 300w, https:\/\/elpueblonoticia.com.ar\/web\/wp-content\/uploads\/2026\/01\/BATALLA-DE-NAEMBE-19-1024x871.jpeg 1024w, https:\/\/elpueblonoticia.com.ar\/web\/wp-content\/uploads\/2026\/01\/BATALLA-DE-NAEMBE-19-768x653.jpeg 768w, https:\/\/elpueblonoticia.com.ar\/web\/wp-content\/uploads\/2026\/01\/BATALLA-DE-NAEMBE-19-494x420.jpeg 494w, https:\/\/elpueblonoticia.com.ar\/web\/wp-content\/uploads\/2026\/01\/BATALLA-DE-NAEMBE-19-696x592.jpeg 696w, https:\/\/elpueblonoticia.com.ar\/web\/wp-content\/uploads\/2026\/01\/BATALLA-DE-NAEMBE-19-1068x909.jpeg 1068w, https:\/\/elpueblonoticia.com.ar\/web\/wp-content\/uploads\/2026\/01\/BATALLA-DE-NAEMBE-19.jpeg 1253w\" sizes=\"auto, (max-width: 300px) 100vw, 300px\" \/> <img loading=\"lazy\" decoding=\"async\" class=\"alignnone size-medium wp-image-6070\" src=\"https:\/\/elpueblonoticia.com.ar\/web\/wp-content\/uploads\/2026\/01\/BATALLA-DE-NAEMBE-20-300x238.jpeg\" alt=\"\" width=\"300\" height=\"238\" srcset=\"https:\/\/elpueblonoticia.com.ar\/web\/wp-content\/uploads\/2026\/01\/BATALLA-DE-NAEMBE-20-300x238.jpeg 300w, https:\/\/elpueblonoticia.com.ar\/web\/wp-content\/uploads\/2026\/01\/BATALLA-DE-NAEMBE-20-1024x812.jpeg 1024w, https:\/\/elpueblonoticia.com.ar\/web\/wp-content\/uploads\/2026\/01\/BATALLA-DE-NAEMBE-20-768x609.jpeg 768w, https:\/\/elpueblonoticia.com.ar\/web\/wp-content\/uploads\/2026\/01\/BATALLA-DE-NAEMBE-20-530x420.jpeg 530w, https:\/\/elpueblonoticia.com.ar\/web\/wp-content\/uploads\/2026\/01\/BATALLA-DE-NAEMBE-20-696x552.jpeg 696w, https:\/\/elpueblonoticia.com.ar\/web\/wp-content\/uploads\/2026\/01\/BATALLA-DE-NAEMBE-20-1068x846.jpeg 1068w, https:\/\/elpueblonoticia.com.ar\/web\/wp-content\/uploads\/2026\/01\/BATALLA-DE-NAEMBE-20.jpeg 1345w\" sizes=\"auto, (max-width: 300px) 100vw, 300px\" \/> <img loading=\"lazy\" decoding=\"async\" class=\"alignnone size-medium wp-image-6071\" src=\"https:\/\/elpueblonoticia.com.ar\/web\/wp-content\/uploads\/2026\/01\/BATALLA-DE-NAEMBE-21-300x162.jpeg\" alt=\"\" width=\"300\" height=\"162\" srcset=\"https:\/\/elpueblonoticia.com.ar\/web\/wp-content\/uploads\/2026\/01\/BATALLA-DE-NAEMBE-21-300x162.jpeg 300w, https:\/\/elpueblonoticia.com.ar\/web\/wp-content\/uploads\/2026\/01\/BATALLA-DE-NAEMBE-21-1024x552.jpeg 1024w, https:\/\/elpueblonoticia.com.ar\/web\/wp-content\/uploads\/2026\/01\/BATALLA-DE-NAEMBE-21-768x414.jpeg 768w, https:\/\/elpueblonoticia.com.ar\/web\/wp-content\/uploads\/2026\/01\/BATALLA-DE-NAEMBE-21-1536x828.jpeg 1536w, https:\/\/elpueblonoticia.com.ar\/web\/wp-content\/uploads\/2026\/01\/BATALLA-DE-NAEMBE-21-780x420.jpeg 780w, https:\/\/elpueblonoticia.com.ar\/web\/wp-content\/uploads\/2026\/01\/BATALLA-DE-NAEMBE-21-696x375.jpeg 696w, https:\/\/elpueblonoticia.com.ar\/web\/wp-content\/uploads\/2026\/01\/BATALLA-DE-NAEMBE-21-1068x580.jpeg 1068w, https:\/\/elpueblonoticia.com.ar\/web\/wp-content\/uploads\/2026\/01\/BATALLA-DE-NAEMBE-21.jpeg 1600w\" sizes=\"auto, (max-width: 300px) 100vw, 300px\" \/> <img loading=\"lazy\" decoding=\"async\" class=\"alignnone size-medium wp-image-6072\" src=\"https:\/\/elpueblonoticia.com.ar\/web\/wp-content\/uploads\/2026\/01\/BATALLA-DE-NAEMBE-22-300x200.jpeg\" alt=\"\" width=\"300\" height=\"200\" srcset=\"https:\/\/elpueblonoticia.com.ar\/web\/wp-content\/uploads\/2026\/01\/BATALLA-DE-NAEMBE-22-300x200.jpeg 300w, https:\/\/elpueblonoticia.com.ar\/web\/wp-content\/uploads\/2026\/01\/BATALLA-DE-NAEMBE-22-1024x682.jpeg 1024w, https:\/\/elpueblonoticia.com.ar\/web\/wp-content\/uploads\/2026\/01\/BATALLA-DE-NAEMBE-22-768x512.jpeg 768w, https:\/\/elpueblonoticia.com.ar\/web\/wp-content\/uploads\/2026\/01\/BATALLA-DE-NAEMBE-22-1536x1023.jpeg 1536w, https:\/\/elpueblonoticia.com.ar\/web\/wp-content\/uploads\/2026\/01\/BATALLA-DE-NAEMBE-22-630x420.jpeg 630w, https:\/\/elpueblonoticia.com.ar\/web\/wp-content\/uploads\/2026\/01\/BATALLA-DE-NAEMBE-22-696x464.jpeg 696w, https:\/\/elpueblonoticia.com.ar\/web\/wp-content\/uploads\/2026\/01\/BATALLA-DE-NAEMBE-22-1068x712.jpeg 1068w, https:\/\/elpueblonoticia.com.ar\/web\/wp-content\/uploads\/2026\/01\/BATALLA-DE-NAEMBE-22.jpeg 1600w\" sizes=\"auto, (max-width: 300px) 100vw, 300px\" \/> <img loading=\"lazy\" decoding=\"async\" class=\"alignnone size-medium wp-image-6073\" src=\"https:\/\/elpueblonoticia.com.ar\/web\/wp-content\/uploads\/2026\/01\/BATALLA-DE-NAEMBE-23-294x300.jpeg\" alt=\"\" width=\"294\" height=\"300\" srcset=\"https:\/\/elpueblonoticia.com.ar\/web\/wp-content\/uploads\/2026\/01\/BATALLA-DE-NAEMBE-23-294x300.jpeg 294w, https:\/\/elpueblonoticia.com.ar\/web\/wp-content\/uploads\/2026\/01\/BATALLA-DE-NAEMBE-23-1003x1024.jpeg 1003w, https:\/\/elpueblonoticia.com.ar\/web\/wp-content\/uploads\/2026\/01\/BATALLA-DE-NAEMBE-23-768x784.jpeg 768w, https:\/\/elpueblonoticia.com.ar\/web\/wp-content\/uploads\/2026\/01\/BATALLA-DE-NAEMBE-23-411x420.jpeg 411w, https:\/\/elpueblonoticia.com.ar\/web\/wp-content\/uploads\/2026\/01\/BATALLA-DE-NAEMBE-23-696x711.jpeg 696w, https:\/\/elpueblonoticia.com.ar\/web\/wp-content\/uploads\/2026\/01\/BATALLA-DE-NAEMBE-23-356x364.jpeg 356w, https:\/\/elpueblonoticia.com.ar\/web\/wp-content\/uploads\/2026\/01\/BATALLA-DE-NAEMBE-23.jpeg 1044w\" sizes=\"auto, (max-width: 294px) 100vw, 294px\" \/><\/p>\n<p class=\"x_MsoNormal\"><span lang=\"ES\" data-olk-copy-source=\"MessageBody\">INTENDENTE HORMAECHEA LLAM\u00d3 A \u201cCONSTRUIR PUENTES Y NO TRINCHERAS\u201d AL RECORDAR LA BATALLA DE \u00d1AEMB\u00c9.<\/span><\/p>\n<p class=\"x_MsoNormal\"><span lang=\"ES\">En la ma\u00f1ana de este lunes 26 de enero, se llev\u00f3 a cabo el acto conmemorativo por el 155\u00b0 aniversario de la Batalla de \u00d1aemb\u00e9, uno de los hechos m\u00e1s significativos de la historia correntina y regional. La ceremonia tuvo lugar en el monolito hist\u00f3rico ubicado a la vera de la Ruta Nacional N\u00b012, sitio emblem\u00e1tico donde se honra la memoria de quienes protagonizaron el \u00faltimo gran enfrentamiento de la guerra civil en esta regi\u00f3n del pa\u00eds.<\/span><\/p>\n<p class=\"x_MsoNormal\"><span lang=\"ES\">El acto cont\u00f3 con la presencia del intendente de Goya, doctor Mariano Hormaechea; la intendenta de Colonia Carolina, Andrea Alarc\u00f3n; el jefe del Batall\u00f3n de Ingenieros de Monte 12, teniente coronel Sergio Ortiz; el viceintendente de Goya, contador Sebasti\u00e1n Mazzaro; el viceintendente de Colonia Carolina, Diego Espina; el jefe de la Prefectura Naval Argentina Goya, prefecto Marcelo Sebasti\u00e1n Regondi; la directora de la EFA Coembota, Rosana Cardozo, adem\u00e1s de funcionarios municipales, representantes de instituciones, docentes y alumnos.<\/span><\/p>\n<p class=\"x_MsoNormal\"><span lang=\"ES\">La ceremonia dio inicio con el izamiento de la Bandera Nacional, a cargo del intendente Hormaechea, la intendenta Alarc\u00f3n y el teniente coronel Ortiz, en un marco de profundo respeto y solemnidad.<\/span><\/p>\n<p class=\"x_MsoNormal\"><span lang=\"ES\">\u201cDurante la evocaci\u00f3n hist\u00f3rica se record\u00f3 que aquel 26 de enero de 1871, los campos de \u00d1aemb\u00e9 fueron escenario del enfrentamiento entre las milicias correntinas al mando del coronel Santiago Baibiene, apoyadas por fuerzas nacionales dirigidas por el entonces teniente coronel Julio Argentino Roca, y las tropas federales de Ricardo L\u00f3pez Jord\u00e1n, que contaban con unos 7.000 hombres, frente a los 2.800 soldados del bando vencedor. En ese combate se utilizaron incluso ca\u00f1ones Krupp, tecnolog\u00eda de avanzada para la \u00e9poca, y entre las filas federales combati\u00f3 el escritor Jos\u00e9 Hern\u00e1ndez, autor del Mart\u00edn Fierro\u201d.<\/span><\/p>\n<p class=\"x_MsoNormal\"><span lang=\"ES\">\u201cLos ca\u00eddos \u2014muchos de ellos j\u00f3venes correntinos de Goya, Mercedes, Ca\u00e1 Cat\u00ed, Saladas y otras localidades\u2014 descansan hoy confundidos con el suelo que los cobij\u00f3, h\u00e9roes an\u00f3nimos cuya valent\u00eda s\u00f3lo puede ser distinguida por la memoria colectiva y el respeto eterno\u201d.<\/span><\/p>\n<p class=\"x_MsoNormal\"><span lang=\"ES\">MINUTO DE SILENCIO E INVOCACI\u00d3N RELIGIOSA<\/span><\/p>\n<p class=\"x_MsoNormal\"><span lang=\"ES\">En un clima de profundo recogimiento, se realiz\u00f3 un minuto de silencio en memoria de todos los argentinos que perdieron su vida en \u00d1aemb\u00e9, seguido por una invocaci\u00f3n religiosa a cargo del di\u00e1cono Ra\u00fal Nicoletti, quien elev\u00f3 una plegaria por las almas de quienes regaron con su sangre ese suelo correntino y pidi\u00f3 sabidur\u00eda para los tiempos presentes.<\/span><\/p>\n<p class=\"x_MsoNormal\"><span lang=\"ES\">PALABRAS ALUSIVAS DEL INTENDENTE MARIANO HORMAECHEA<\/span><\/p>\n<p class=\"x_MsoNormal\"><span lang=\"ES\">A continuaci\u00f3n, el jefe comunal de Goya brind\u00f3 su mensaje alusivo, cuyas palabras fueron \u00edntegramente resaltadas, marcando el eje reflexivo y pedag\u00f3gico del acto: \u201cBuenos d\u00edas, se\u00f1or viceintendente municipal de Goya, intendente de la municipalidad de Colonia Carolina, viceintendente, jefe de las fuerzas armadas, jefe de prefectura, funcionarios municipales, autoridades de las distintas instituciones educativas, alumnos.\u201d<\/span><\/p>\n<p class=\"x_MsoNormal\"><span lang=\"ES\">\u201cNos reunimos hoy para conmemorar lo ocurrido el 26 de enero de 1871 en estos campos de \u00d1aemb\u00e9. Sin embargo, no estamos aqu\u00ed para celebrar el triunfo de una facci\u00f3n sobre otra, ni para glorificar el estr\u00e9pito de los ca\u00f1ones o el choque de las lanzas. Estamos aqu\u00ed para aprender de nuestra propia historia.<\/span><\/p>\n<p class=\"x_MsoNormal\"><span lang=\"ES\">En el 155 aniversario de la Batalla de \u00d1aemb\u00e9 estamos rindiendo homenaje a los que lucharon por sus ideales en el primer monumento p\u00fablico que el pueblo de Goya y alrededores erigi\u00f3 en su memoria sin otra protecci\u00f3n que la Cruz, s\u00edmbolo de fortaleza.<\/span><\/p>\n<p class=\"x_MsoNormal\"><span lang=\"ES\">Batalla de \u00d1aemb\u00e9, patrimonio de la historia de Corrientes en su proceso de luchas c\u00edvico-militares que paralizaron a los pueblos con sangrientos sucesos.<\/span><\/p>\n<p class=\"x_MsoNormal\"><span lang=\"ES\">Nos reunimos hoy para conmemorar lo ocurrido el 26 de enero de 1871 en estos campos de \u00d1aemb\u00e9. Sin embargo, no estamos aqu\u00ed para celebrar el triunfo de una facci\u00f3n sobre otra, ni para glorificar el estr\u00e9pito de los ca\u00f1ones o el choque de las lanzas. Estamos aqu\u00ed para aprender de nuestra propia historia.<\/span><\/p>\n<p class=\"x_MsoNormal\"><span lang=\"ES\">El pueblo de Corrientes defendi\u00f3 sus derechos y la libertad. Ese es nuestro camino de integraci\u00f3n y desarrollo. Las generaciones del presente buscamos la paz, respetando valores y diversidad.<\/span><\/p>\n<p class=\"x_MsoNormal\"><span lang=\"ES\">La Batalla de \u00d1aemb\u00e9 fue, ante todo, un doloroso recordatorio de lo que sucede cuando el di\u00e1logo se agota y el desentendimiento entre hermanos nos lleva a las armas. En aquel entonces, la naci\u00f3n luchaba por definirse, por encontrar su forma y su rumbo. Hoy, en pleno 2026, los desaf\u00edos son distintos, pero la necesidad de unidad sigue siendo la misma.<\/span><\/p>\n<p class=\"x_MsoNormal\"><span lang=\"ES\">En estas tierras combatieron hombres con visiones distintas de pa\u00eds. Por un lado, la b\u00fasqueda de un orden nacional; por el otro, la defensa de las autonom\u00edas federales. Hoy, la &#8216;batalla&#8217; que nos toca librar no es contra un compatriota. Nuestras batallas actuales se llaman desigualdad, educaci\u00f3n, desarrollo sostenible y transparencia.<\/span><\/p>\n<p class=\"x_MsoNormal\"><span lang=\"ES\">Si algo nos ense\u00f1a la historia de \u00d1aemb\u00e9 es que el progreso no nace de la eliminaci\u00f3n del que piensa distinto, sino de la capacidad de integrar esas diferencias en un proyecto com\u00fan.<\/span><\/p>\n<p class=\"x_MsoNormal\"><span lang=\"ES\">Aquellos soldados, muchos de ellos j\u00f3venes correntinos y entrerrianos, nos legaron la responsabilidad de que su sangre no fuera en vano; nos legaron la tarea de construir una Argentina donde la ley est\u00e9 por encima de la fuerza.<\/span><\/p>\n<p class=\"x_MsoNormal\"><span lang=\"ES\">Honrar a los ca\u00eddos de \u00d1aemb\u00e9 hoy significa ser mejores ciudadanos. Significa entender que el federalismo no es solo un concepto en la Constituci\u00f3n, sino una pr\u00e1ctica diaria de respeto por nuestras identidades locales dentro de una naci\u00f3n fuerte y cohesionada.<\/span><\/p>\n<p class=\"x_MsoNormal\"><span lang=\"ES\">El inter\u00e9s de las nuevas generaciones nos obliga a facilitarles los medios para su educaci\u00f3n integral. Es nuestra responsabilidad ayudarlos a progresar por sus propios medios. Los padres y autoridades tenemos la oportunidad de afirmar el esfuerzo propio, la unidad nacional, el respeto a las instituciones y la superaci\u00f3n de la grieta, echando ra\u00edces aqu\u00ed con tes\u00f3n y en libertad, enfoc\u00e1ndonos en la construcci\u00f3n de un futuro com\u00fan superando nuestros conflictos pasados.<\/span><\/p>\n<p class=\"x_MsoNormal\"><span lang=\"ES\">Que el eco de aquellos combates nos sirva para recordar que la paz es nuestra conquista m\u00e1s valiosa. Que, en lugar de trincheras, sigamos construyendo puentes; y que, en lugar de enemigos, veamos siempre en el otro a un compatriota con quien caminar hacia el futuro.<\/span><\/p>\n<p class=\"x_MsoNormal\"><span lang=\"ES\">A 155 a\u00f1os de aquella jornada, decimos: \u00a1Memoria para aprender, uni\u00f3n para crecer!<\/span><\/p>\n<p class=\"x_MsoNormal\"><span lang=\"ES\">Muchas gracias&#8221;, finaliz\u00f3 el intendente Mariano Hormaechea.<\/span><\/p>\n<p class=\"x_MsoNormal\"><span lang=\"ES\">OFRENDAS FLORALES Y CIERRE<\/span><\/p>\n<p class=\"x_MsoNormal\"><span lang=\"ES\">Finalizado el discurso, se procedi\u00f3 a la colocaci\u00f3n de ofrendas florales en homenaje a los h\u00e9roes de la Batalla de \u00d1aemb\u00e9. El gesto estuvo a cargo del intendente Mariano Hormaechea y el viceintendente Sebasti\u00e1n Mazzaro por el municipio de Goya; la intendenta Andrea Alarc\u00f3n y el viceintendente Diego Espina por Colonia Carolina; y los representantes del Batall\u00f3n de Ingenieros de Monte 12, el teniente coronel Sergio Ortiz y el suboficial mayor Julio Ortiz.<\/span><\/p>\n<p class=\"x_MsoNormal\"><span lang=\"ES\">El acto concluy\u00f3 con la despedida respetuosa de la Bandera de Guerra del Batall\u00f3n de Ingenieros de Monte 12 y de la Bandera de Ceremonia de la EFA Coembota, renovando el compromiso colectivo de trabajar, inspirados en el coraje de los antepasados, por una provincia y una Naci\u00f3n unidas, en paz y con memoria.<\/span><\/p>\n","protected":false},"excerpt":{"rendered":"<p>INTENDENTE HORMAECHEA LLAM\u00d3 A \u201cCONSTRUIR PUENTES Y NO TRINCHERAS\u201d AL RECORDAR LA BATALLA DE \u00d1AEMB\u00c9. En la ma\u00f1ana de este lunes 26 de enero, se llev\u00f3 a cabo el acto conmemorativo por el 155\u00b0 aniversario de la Batalla de \u00d1aemb\u00e9, uno de los hechos m\u00e1s significativos de la historia correntina y regional. La ceremonia tuvo [&hellip;]<\/p>\n","protected":false},"author":2,"featured_media":6051,"comment_status":"open","ping_status":"open","sticky":false,"template":"","format":"standard","meta":{"footnotes":""},"categories":[56],"tags":[],"class_list":{"0":"post-6050","1":"post","2":"type-post","3":"status-publish","4":"format-standard","5":"has-post-thumbnail","7":"category-locales"},"_links":{"self":[{"href":"https:\/\/elpueblonoticia.com.ar\/web\/wp-json\/wp\/v2\/posts\/6050","targetHints":{"allow":["GET"]}}],"collection":[{"href":"https:\/\/elpueblonoticia.com.ar\/web\/wp-json\/wp\/v2\/posts"}],"about":[{"href":"https:\/\/elpueblonoticia.com.ar\/web\/wp-json\/wp\/v2\/types\/post"}],"author":[{"embeddable":true,"href":"https:\/\/elpueblonoticia.com.ar\/web\/wp-json\/wp\/v2\/users\/2"}],"replies":[{"embeddable":true,"href":"https:\/\/elpueblonoticia.com.ar\/web\/wp-json\/wp\/v2\/comments?post=6050"}],"version-history":[{"count":1,"href":"https:\/\/elpueblonoticia.com.ar\/web\/wp-json\/wp\/v2\/posts\/6050\/revisions"}],"predecessor-version":[{"id":6074,"href":"https:\/\/elpueblonoticia.com.ar\/web\/wp-json\/wp\/v2\/posts\/6050\/revisions\/6074"}],"wp:featuredmedia":[{"embeddable":true,"href":"https:\/\/elpueblonoticia.com.ar\/web\/wp-json\/wp\/v2\/media\/6051"}],"wp:attachment":[{"href":"https:\/\/elpueblonoticia.com.ar\/web\/wp-json\/wp\/v2\/media?parent=6050"}],"wp:term":[{"taxonomy":"category","embeddable":true,"href":"https:\/\/elpueblonoticia.com.ar\/web\/wp-json\/wp\/v2\/categories?post=6050"},{"taxonomy":"post_tag","embeddable":true,"href":"https:\/\/elpueblonoticia.com.ar\/web\/wp-json\/wp\/v2\/tags?post=6050"}],"curies":[{"name":"wp","href":"https:\/\/api.w.org\/{rel}","templated":true}]}}