{"id":6046,"date":"2026-01-26T11:01:00","date_gmt":"2026-01-26T14:01:00","guid":{"rendered":"https:\/\/elpueblonoticia.com.ar\/web\/?p=6046"},"modified":"2026-01-26T11:01:00","modified_gmt":"2026-01-26T14:01:00","slug":"lunes-caliente-el-ultimo-de-enero-sera-uno-de-los-mas-calidos-del-ano-en-corrientes","status":"publish","type":"post","link":"https:\/\/elpueblonoticia.com.ar\/web\/2026\/01\/26\/lunes-caliente-el-ultimo-de-enero-sera-uno-de-los-mas-calidos-del-ano-en-corrientes\/","title":{"rendered":"Lunes caliente: El \u00faltimo de enero ser\u00e1 uno de los m\u00e1s c\u00e1lidos del a\u00f1o en Corrientes"},"content":{"rendered":"<div class=\"titulo-nota\">\n<p><strong>El Servicio Meteorol\u00f3gico Nacional adelanta, sin lluvias y sin mucha humedad, un lunes caliente. Con una m\u00e1xima prevista en 37 grados y la m\u00ednima en 25, hoy, lunes 26, se convertir\u00e1 en el d\u00eda m\u00e1s caluroso del verano. Detalles de las precauciones a tomar.<\/strong><\/p>\n<\/div>\n<p>&nbsp;<\/p>\n<p>En la semana se mantendr\u00e1n m\u00e1ximas y m\u00ednimas altas con algunos grados menos que \u00e9ste Lunes, \u00faltimo de enero. Durante estos d\u00edas no habr\u00e1n precipitaciones hasta el final del primer mes del 2026.<\/p>\n<p>A cuidarse, ingerir mucha agua y sin exposici\u00f3n al sol. La mejor forma de terminar el mes en curso y listos para recibir a febrero que se viene c\u00e1lido tambi\u00e9n.<\/p>\n<h2><strong>Recomendaciones del SMN ante temperaturas extremas<\/strong><\/h2>\n<p>-Las recomendaciones para este tipo de eventos son indicadas por el\u00a0<strong>Ministerio de Salud<\/strong>.<\/p>\n<p>-Aumentar el consumo de\u00a0<strong>agua<\/strong>\u00a0sin esperar a tener sed para mantener una\u00a0<strong>hidrataci\u00f3n adecuada<\/strong>.<\/p>\n<p>-No exponerse al sol en exceso, ni en horas centrales del d\u00eda (entre las 10 y las 16 horas).<\/p>\n<p>-Prestar atenci\u00f3n a los\u00a0<strong>beb\u00e9s<\/strong>,\u00a0<strong>ni\u00f1os<\/strong>\u00a0y\u00a0<strong>ni\u00f1as<\/strong>\u00a0y a las\u00a0<strong>personas mayores<\/strong>.<\/p>\n<p>FUENTE: CORRIENTES HOY<\/p>\n","protected":false},"excerpt":{"rendered":"<p>El Servicio Meteorol\u00f3gico Nacional adelanta, sin lluvias y sin mucha humedad, un lunes caliente. Con una m\u00e1xima prevista en 37 grados y la m\u00ednima en 25, hoy, lunes 26, se convertir\u00e1 en el d\u00eda m\u00e1s caluroso del verano. Detalles de las precauciones a tomar. &nbsp; En la semana se mantendr\u00e1n m\u00e1ximas y m\u00ednimas altas con [&hellip;]<\/p>\n","protected":false},"author":2,"featured_media":6047,"comment_status":"open","ping_status":"open","sticky":false,"template":"","format":"standard","meta":{"footnotes":""},"categories":[78],"tags":[],"class_list":{"0":"post-6046","1":"post","2":"type-post","3":"status-publish","4":"format-standard","5":"has-post-thumbnail","7":"category-generales"},"_links":{"self":[{"href":"https:\/\/elpueblonoticia.com.ar\/web\/wp-json\/wp\/v2\/posts\/6046","targetHints":{"allow":["GET"]}}],"collection":[{"href":"https:\/\/elpueblonoticia.com.ar\/web\/wp-json\/wp\/v2\/posts"}],"about":[{"href":"https:\/\/elpueblonoticia.com.ar\/web\/wp-json\/wp\/v2\/types\/post"}],"author":[{"embeddable":true,"href":"https:\/\/elpueblonoticia.com.ar\/web\/wp-json\/wp\/v2\/users\/2"}],"replies":[{"embeddable":true,"href":"https:\/\/elpueblonoticia.com.ar\/web\/wp-json\/wp\/v2\/comments?post=6046"}],"version-history":[{"count":1,"href":"https:\/\/elpueblonoticia.com.ar\/web\/wp-json\/wp\/v2\/posts\/6046\/revisions"}],"predecessor-version":[{"id":6048,"href":"https:\/\/elpueblonoticia.com.ar\/web\/wp-json\/wp\/v2\/posts\/6046\/revisions\/6048"}],"wp:featuredmedia":[{"embeddable":true,"href":"https:\/\/elpueblonoticia.com.ar\/web\/wp-json\/wp\/v2\/media\/6047"}],"wp:attachment":[{"href":"https:\/\/elpueblonoticia.com.ar\/web\/wp-json\/wp\/v2\/media?parent=6046"}],"wp:term":[{"taxonomy":"category","embeddable":true,"href":"https:\/\/elpueblonoticia.com.ar\/web\/wp-json\/wp\/v2\/categories?post=6046"},{"taxonomy":"post_tag","embeddable":true,"href":"https:\/\/elpueblonoticia.com.ar\/web\/wp-json\/wp\/v2\/tags?post=6046"}],"curies":[{"name":"wp","href":"https:\/\/api.w.org\/{rel}","templated":true}]}}