{"id":6042,"date":"2026-01-26T10:52:20","date_gmt":"2026-01-26T13:52:20","guid":{"rendered":"https:\/\/elpueblonoticia.com.ar\/web\/?p=6042"},"modified":"2026-01-26T10:52:20","modified_gmt":"2026-01-26T13:52:20","slug":"esquina-un-hombre-fue-apunalado-durante-el-banderazo-de-una-comparsa","status":"publish","type":"post","link":"https:\/\/elpueblonoticia.com.ar\/web\/2026\/01\/26\/esquina-un-hombre-fue-apunalado-durante-el-banderazo-de-una-comparsa\/","title":{"rendered":"Esquina: un hombre fue apu\u00f1alado durante el banderazo de una comparsa"},"content":{"rendered":"<p><img decoding=\"async\" src=\"https:\/\/www.powernoticias.com\/images\/202601260009385303\" \/><\/p>\n<p>Ocurri\u00f3 durante el evento de la comparsa esquinense Yasi Ber\u00e1. En medio de la celebraci\u00f3n dos sujetos atacaron a un tercero con un arma blanca. El dispositivo de seguridad permiti\u00f3 identificar y detener a los autores. Uno de ellos es menor de edad.<\/p>\n<div class=\"contenido\">\n<div id=\"modalFulltext\">Un violento hecho ocurri\u00f3 el s\u00e1bado en la localidad de Esquina, cuando un hombre fue apu\u00f1alado durante el banderazo de la comparsa Yasi Ber\u00e1.<\/p>\n<p>Cerca de la medianoche del s\u00e1bado en la intersecci\u00f3n de las avenidas Mitre y 25 de Mayo se realiz\u00f3 el banderazo de la comparsa Yasi Ber\u00e1 que convoc\u00f3 a m\u00e1s de 5.000 personas.<\/p>\n<p>El evento parec\u00eda desarrollarse con normalidad cuando en un local comercial sobre avenida 25 de Mayo se produjo un ataque a un hombre con un arma blanca. Los efectivos abocados a la seguridad de la convocatoria fueron alertados del hecho, por lo que se pudo identificar con rapidez a los agresores.<\/p>\n<p>Es as\u00ed que se detuvo a un menor de 15 a\u00f1os, quien fue entregado a sus tutores conforme a la normativa vigente pero qued\u00f3 supeditado a la causa. En tanto que tambi\u00e9n fue demorado un hombre mayor de edad que permanece a disposici\u00f3n de la Fiscal\u00eda.<\/p>\n<p>La v\u00edctima fue asistida de inmediato y trasladada al hospital local para su evaluaci\u00f3n m\u00e9dica y atenci\u00f3n correspondiente, en tanto que las autoridades realizaron las diligencias de rigor en el lugar de los hechos.<\/p>\n<p>Cabe recordar que el banderazo cont\u00f3 con un operativo de seguridad que involucr\u00f3 a 38 efectivos y 6 m\u00f3viles, los cuales no registraron otros incidentes hasta la finalizaci\u00f3n del evento.<\/p>\n<p>Con informaci\u00f3n de Informate Esquina<\/p><\/div>\n<div>\n<div id=\"117986-4\"><\/div>\n<div id=\"117986-6\"><\/div>\n<div id=\"117986-3\"><\/div>\n<\/div>\n<\/div>\n<div class=\"modalRedes\"><\/div>\n","protected":false},"excerpt":{"rendered":"<p>Ocurri\u00f3 durante el evento de la comparsa esquinense Yasi Ber\u00e1. En medio de la celebraci\u00f3n dos sujetos atacaron a un tercero con un arma blanca. El dispositivo de seguridad permiti\u00f3 identificar y detener a los autores. Uno de ellos es menor de edad. Un violento hecho ocurri\u00f3 el s\u00e1bado en la localidad de Esquina, cuando [&hellip;]<\/p>\n","protected":false},"author":2,"featured_media":6043,"comment_status":"open","ping_status":"open","sticky":false,"template":"","format":"standard","meta":{"footnotes":""},"categories":[68],"tags":[],"class_list":{"0":"post-6042","1":"post","2":"type-post","3":"status-publish","4":"format-standard","5":"has-post-thumbnail","7":"category-policiales-nacionales"},"_links":{"self":[{"href":"https:\/\/elpueblonoticia.com.ar\/web\/wp-json\/wp\/v2\/posts\/6042","targetHints":{"allow":["GET"]}}],"collection":[{"href":"https:\/\/elpueblonoticia.com.ar\/web\/wp-json\/wp\/v2\/posts"}],"about":[{"href":"https:\/\/elpueblonoticia.com.ar\/web\/wp-json\/wp\/v2\/types\/post"}],"author":[{"embeddable":true,"href":"https:\/\/elpueblonoticia.com.ar\/web\/wp-json\/wp\/v2\/users\/2"}],"replies":[{"embeddable":true,"href":"https:\/\/elpueblonoticia.com.ar\/web\/wp-json\/wp\/v2\/comments?post=6042"}],"version-history":[{"count":1,"href":"https:\/\/elpueblonoticia.com.ar\/web\/wp-json\/wp\/v2\/posts\/6042\/revisions"}],"predecessor-version":[{"id":6044,"href":"https:\/\/elpueblonoticia.com.ar\/web\/wp-json\/wp\/v2\/posts\/6042\/revisions\/6044"}],"wp:featuredmedia":[{"embeddable":true,"href":"https:\/\/elpueblonoticia.com.ar\/web\/wp-json\/wp\/v2\/media\/6043"}],"wp:attachment":[{"href":"https:\/\/elpueblonoticia.com.ar\/web\/wp-json\/wp\/v2\/media?parent=6042"}],"wp:term":[{"taxonomy":"category","embeddable":true,"href":"https:\/\/elpueblonoticia.com.ar\/web\/wp-json\/wp\/v2\/categories?post=6042"},{"taxonomy":"post_tag","embeddable":true,"href":"https:\/\/elpueblonoticia.com.ar\/web\/wp-json\/wp\/v2\/tags?post=6042"}],"curies":[{"name":"wp","href":"https:\/\/api.w.org\/{rel}","templated":true}]}}