{"id":6038,"date":"2026-01-26T10:43:48","date_gmt":"2026-01-26T13:43:48","guid":{"rendered":"https:\/\/elpueblonoticia.com.ar\/web\/?p=6038"},"modified":"2026-01-26T10:43:48","modified_gmt":"2026-01-26T13:43:48","slug":"el-goyano-kevin-zenon-definio-su-futuro-en-boca","status":"publish","type":"post","link":"https:\/\/elpueblonoticia.com.ar\/web\/2026\/01\/26\/el-goyano-kevin-zenon-definio-su-futuro-en-boca\/","title":{"rendered":"El goyano Kevin Zen\u00f3n defini\u00f3 su futuro en Boca"},"content":{"rendered":"<p>El correntino Kevin Zen\u00f3n es uno de los jugadores que entr\u00f3 en vidriera en Boca en este Mercado de Pases. El zurdo, que supo ser figura en el xeneize a inicios de 2024, fue perdiendo terreno y casi se va vendido a Grecia a mediados del a\u00f1o pasado. Ahora, tras llegar una oferta de Alav\u00e9s de Espa\u00f1a, Zen\u00f3n tom\u00f3 una decisi\u00f3n con su futuro.<\/p>\n<p>&#8220;A Kevin Zen\u00f3n no le interesa la oferta de Alav\u00e9s. Por ahora se queda. Hay algo que no es menor. Se le est\u00e1 venciendo el contrato con su representante y parece que lo va a cambiar&#8221;, cont\u00f3 el periodista &#8220;Tato&#8221; Aguilera, que sigue el d\u00eda a d\u00eda de Boca en TyC Sports, sobre el futuro del mediocampista.<\/p>\n<p>&#8220;Creo que Zen\u00f3n va a ser tenido en cuenta de aqu\u00ed en adelante. Ya le comunic\u00f3 a Boca que desestima la oferta de Alav\u00e9s y afirma la continuidad en Boca. Tiene la cabeza puesta en el equipo para recuperar un lugar&#8221;, cont\u00f3 tambi\u00e9n el periodista Diego Monroig en ESPN sobre la decisi\u00f3n del goyano.<\/p>\n<p>&#8220;Zen\u00f3n ya sabe que el San Pablo lo quiere y Alav\u00e9s tambi\u00e9n. El tema es el siguiente. Zen\u00f3n, con esto de jugar y haber arrancado en el equipo titular en la pr\u00e1ctica, no digo que lo haga dudar, es como que est\u00e1 ah\u00ed en una situaci\u00f3n indefinida de \u0091me voy o no me voy\u0092&#8221;, cont\u00f3 Mart\u00edn Costa en Splendid.<\/p>\n<p>&#8220;Yo creo que el orden de prioridades es Alav\u00e9s y San Pablo. Si el Alav\u00e9s se acerca al n\u00famero que pide Boca y a \u00e9l le ofrece un contrato interesante, la cosa puede cambiar. Si no hoy est\u00e1 con esa situaci\u00f3n que a Boca un poco lo desconcierta. Est\u00e1 con esta duda&#8221;, cont\u00f3 el periodista.<\/p>\n<p>&#8220;Si se acercan a los 10 millones de d\u00f3lares limpios, Zen\u00f3n se puede ir de Boca&#8221;, simplific\u00f3 Claudio Civiello en TyC Sports. Es que Boca no tiene el 100% del jugador, ya que un porcentaje le corresponde a Uni\u00f3n de Santa Fe, club donde comenz\u00f3 su carrera y se destac\u00f3 antes de llegar al xeneize.<\/p>\n","protected":false},"excerpt":{"rendered":"<p>El correntino Kevin Zen\u00f3n es uno de los jugadores que entr\u00f3 en vidriera en Boca en este Mercado de Pases. El zurdo, que supo ser figura en el xeneize a inicios de 2024, fue perdiendo terreno y casi se va vendido a Grecia a mediados del a\u00f1o pasado. Ahora, tras llegar una oferta de Alav\u00e9s [&hellip;]<\/p>\n","protected":false},"author":2,"featured_media":6039,"comment_status":"open","ping_status":"open","sticky":false,"template":"","format":"standard","meta":{"footnotes":""},"categories":[76],"tags":[],"class_list":{"0":"post-6038","1":"post","2":"type-post","3":"status-publish","4":"format-standard","5":"has-post-thumbnail","7":"category-deportes"},"_links":{"self":[{"href":"https:\/\/elpueblonoticia.com.ar\/web\/wp-json\/wp\/v2\/posts\/6038","targetHints":{"allow":["GET"]}}],"collection":[{"href":"https:\/\/elpueblonoticia.com.ar\/web\/wp-json\/wp\/v2\/posts"}],"about":[{"href":"https:\/\/elpueblonoticia.com.ar\/web\/wp-json\/wp\/v2\/types\/post"}],"author":[{"embeddable":true,"href":"https:\/\/elpueblonoticia.com.ar\/web\/wp-json\/wp\/v2\/users\/2"}],"replies":[{"embeddable":true,"href":"https:\/\/elpueblonoticia.com.ar\/web\/wp-json\/wp\/v2\/comments?post=6038"}],"version-history":[{"count":1,"href":"https:\/\/elpueblonoticia.com.ar\/web\/wp-json\/wp\/v2\/posts\/6038\/revisions"}],"predecessor-version":[{"id":6040,"href":"https:\/\/elpueblonoticia.com.ar\/web\/wp-json\/wp\/v2\/posts\/6038\/revisions\/6040"}],"wp:featuredmedia":[{"embeddable":true,"href":"https:\/\/elpueblonoticia.com.ar\/web\/wp-json\/wp\/v2\/media\/6039"}],"wp:attachment":[{"href":"https:\/\/elpueblonoticia.com.ar\/web\/wp-json\/wp\/v2\/media?parent=6038"}],"wp:term":[{"taxonomy":"category","embeddable":true,"href":"https:\/\/elpueblonoticia.com.ar\/web\/wp-json\/wp\/v2\/categories?post=6038"},{"taxonomy":"post_tag","embeddable":true,"href":"https:\/\/elpueblonoticia.com.ar\/web\/wp-json\/wp\/v2\/tags?post=6038"}],"curies":[{"name":"wp","href":"https:\/\/api.w.org\/{rel}","templated":true}]}}