{"id":6034,"date":"2026-01-26T10:10:32","date_gmt":"2026-01-26T13:10:32","guid":{"rendered":"https:\/\/elpueblonoticia.com.ar\/web\/?p=6034"},"modified":"2026-01-26T10:10:32","modified_gmt":"2026-01-26T13:10:32","slug":"35-fiesta-nacional-del-chamame-edicion-record-en-entradas-vendidas","status":"publish","type":"post","link":"https:\/\/elpueblonoticia.com.ar\/web\/2026\/01\/26\/35-fiesta-nacional-del-chamame-edicion-record-en-entradas-vendidas\/","title":{"rendered":"35\u00b0 Fiesta Nacional del Chamam\u00e9: edici\u00f3n r\u00e9cord en entradas vendidas"},"content":{"rendered":"<p><strong>Seg\u00fan datos propiciados por el Instituto de Cultura, esta edici\u00f3n tiene contabilizado m\u00e1s de 70.000 entradas vendidas. Cabe mencionar que en m\u00e1s de una noche las localidades fueron agotadas y la capacidad del Anfiteatro estuvo colmada de espectadores.<\/strong><\/p>\n<p>&nbsp;<\/p>\n<p>Camino a lo que ser\u00e1 el cierre de la 35\u00b0 Fiesta Nacional del Chamam\u00e9, este s\u00e1bado con entradas agotadas se vivi\u00f3 la novena noche ante un Anfiteatro Mario del Tr\u00e1nsito Cocomarola con gran presencia de p\u00fablico local, nacional e internacional.<\/p>\n<p>En la novena luna se vivieron grandes momentos vibrantes con las actuaciones del grupo Ambo\u00e9, Ernestito Montiel y su Cuarteto Santa Ana, Grupo Itat\u00ed, la Orquesta Oficial de la Provincia, entre otros.<\/p>\n<p><strong>Fiesta<\/strong>\u00a0<strong>hist\u00f3rica<\/strong><\/p>\n<p>A modo de balance,\u00a0la presidenta del Instituto de Cultura, Lourdes S\u00e1nchez sostuvo que \u00abcada una de estas noches contamos con presencia de turistas nacionales e internacionales, familias, nuevas generaciones que vinieron a disfrutar de esta fiesta\u00bb, indic\u00f3, quien adem\u00e1s enfatiz\u00f3 sobre la presencia masiva del p\u00fablico al cumplirse 9 noches desde el inicio de esta nueva edici\u00f3n.<\/p>\n<p>En ese sentido, S\u00e1nchez destac\u00f3 que \u00abest\u00e1 es una fiesta hist\u00f3rica en muchos sentidos\u00bb ya que \u00aben cantidad de espectadores, tenemos contabilizados m\u00e1s de 70 mil tickets vendidos\u00bb, y, por ello, \u00abestamos sumamente felices, orgullosos, y ya pensando en lo que va a ser la edici\u00f3n del a\u00f1o que viene\u00bb, expres\u00f3.<\/p>\n<p>Seguidamente, se mostr\u00f3 agradecida con la designaci\u00f3n por parte del Gobernador \u00abqui\u00e9n confi\u00f3 en m\u00ed para este lugar tan importante, frente a la cultura de Corrientes\u00bb, coment\u00f3 y record\u00f3 que \u00aba los pocos d\u00edas de asumir la enorme responsabilidad de organizar esta fiesta tan querida, una de las fiestas m\u00e1s importantes culturalmente en Corrientes, me rode\u00e9 de gente que que sabe muy bien lo que hace\u00bb.<\/p>\n<p>Asimismo, la presidenta hizo menci\u00f3n al trabajo art\u00edstico y en equipo llevado adelante a lo largo de las noches que hicieron posible la ejecuci\u00f3n del evento y augur\u00f3 que \u00abojal\u00e1 que en alg\u00fan momento todo el mundo conozcan nuestras fiestas, que vengan el otro a\u00f1o\u00bb.<\/p>\n<p>Para concluir, resalt\u00f3 que el rating en la transmisi\u00f3n nacional arroj\u00f3 buenos resultados y \u00abeso significa que muchas personas se detienen a mirar lo que est\u00e1 pasando en Corrientes\u00bb, subray\u00f3.<\/p>\n<p><strong>Apuesta<\/strong>\u00a0<strong>a<\/strong>\u00a0<strong>Corrientes<\/strong><\/p>\n<p>Por su parte, el ministro de Hacienda, Marcelo Rivas Piasentini destac\u00f3 la importancia de recibir a turistas en la novena noche del Chamam\u00e9, agradeciendo el clima y la convocatoria que se vivi\u00f3 en cada noche<\/p>\n<p>A su vez, resalt\u00f3 la contribuci\u00f3n cultural y econ\u00f3mica del evento para la provincia y agreg\u00f3 para cerrar, que \u00abla cultura de la Fiesta se afianza a\u00f1o a a\u00f1o\u00bb.<\/p>\n","protected":false},"excerpt":{"rendered":"<p>Seg\u00fan datos propiciados por el Instituto de Cultura, esta edici\u00f3n tiene contabilizado m\u00e1s de 70.000 entradas vendidas. Cabe mencionar que en m\u00e1s de una noche las localidades fueron agotadas y la capacidad del Anfiteatro estuvo colmada de espectadores. &nbsp; Camino a lo que ser\u00e1 el cierre de la 35\u00b0 Fiesta Nacional del Chamam\u00e9, este s\u00e1bado [&hellip;]<\/p>\n","protected":false},"author":2,"featured_media":6035,"comment_status":"open","ping_status":"open","sticky":false,"template":"","format":"standard","meta":{"footnotes":""},"categories":[78],"tags":[],"class_list":{"0":"post-6034","1":"post","2":"type-post","3":"status-publish","4":"format-standard","5":"has-post-thumbnail","7":"category-generales"},"_links":{"self":[{"href":"https:\/\/elpueblonoticia.com.ar\/web\/wp-json\/wp\/v2\/posts\/6034","targetHints":{"allow":["GET"]}}],"collection":[{"href":"https:\/\/elpueblonoticia.com.ar\/web\/wp-json\/wp\/v2\/posts"}],"about":[{"href":"https:\/\/elpueblonoticia.com.ar\/web\/wp-json\/wp\/v2\/types\/post"}],"author":[{"embeddable":true,"href":"https:\/\/elpueblonoticia.com.ar\/web\/wp-json\/wp\/v2\/users\/2"}],"replies":[{"embeddable":true,"href":"https:\/\/elpueblonoticia.com.ar\/web\/wp-json\/wp\/v2\/comments?post=6034"}],"version-history":[{"count":1,"href":"https:\/\/elpueblonoticia.com.ar\/web\/wp-json\/wp\/v2\/posts\/6034\/revisions"}],"predecessor-version":[{"id":6036,"href":"https:\/\/elpueblonoticia.com.ar\/web\/wp-json\/wp\/v2\/posts\/6034\/revisions\/6036"}],"wp:featuredmedia":[{"embeddable":true,"href":"https:\/\/elpueblonoticia.com.ar\/web\/wp-json\/wp\/v2\/media\/6035"}],"wp:attachment":[{"href":"https:\/\/elpueblonoticia.com.ar\/web\/wp-json\/wp\/v2\/media?parent=6034"}],"wp:term":[{"taxonomy":"category","embeddable":true,"href":"https:\/\/elpueblonoticia.com.ar\/web\/wp-json\/wp\/v2\/categories?post=6034"},{"taxonomy":"post_tag","embeddable":true,"href":"https:\/\/elpueblonoticia.com.ar\/web\/wp-json\/wp\/v2\/tags?post=6034"}],"curies":[{"name":"wp","href":"https:\/\/api.w.org\/{rel}","templated":true}]}}