{"id":6030,"date":"2026-01-26T09:13:27","date_gmt":"2026-01-26T12:13:27","guid":{"rendered":"https:\/\/elpueblonoticia.com.ar\/web\/?p=6030"},"modified":"2026-01-26T09:13:27","modified_gmt":"2026-01-26T12:13:27","slug":"mariano-hormaechea-celebro-el-estreno-del-corsodromo-renovado","status":"publish","type":"post","link":"https:\/\/elpueblonoticia.com.ar\/web\/2026\/01\/26\/mariano-hormaechea-celebro-el-estreno-del-corsodromo-renovado\/","title":{"rendered":"Mariano Hormaechea celebr\u00f3 el estreno del Cors\u00f3dromo renovado"},"content":{"rendered":"<p><strong>Entrevistado por el equipo de la transmisi\u00f3n oficial de los corsos de nuestra ciudad, el Intendente Mariano Hormaechea, en la primera luna carnavalera, ratific\u00f3 el logro gracias al \u201cTrabajo en conjunto entre la Municipalidad y las comparsas para empezar a disfrutar desde este renovado Cors\u00f3dromo las noches de carnaval en la ciudad\u201d.<\/strong><\/p>\n<p>&nbsp;<\/p>\n<p>\u201cTrabajamos con el equipo municipal y las comparsas para posicionar a nuestros carnavales, que sean los mejores de la regi\u00f3n\u201d Asegur\u00f3 Mariano Hormaechea.<\/p>\n<p>UN ENCUENTRO PARA DISFRUTAR<\/p>\n<p>El jefe comunal, en di\u00e1logo con los periodistas afirm\u00f3: \u201cLlego el gran d\u00eda, hemos decidido posponer la fecha original para que las comparsas lleguen bien organizadas, pero estamos en el Predio Costa Surub\u00ed en nuestro Cors\u00f3dromo para disfrutar de las noches de carnaval.\u201d<\/p>\n<p>TRABAJO EN CONJUNTO PERMITEN BUENOS RESULTADOS<\/p>\n<p>\u201cEste es el resultado del trabajo en conjunto, siempre nuestro objetivo ha sido revalorizar nuestros carnavales, -explic\u00f3 el Intendente- con la incorporaci\u00f3n de las tribunas, modernizamos, m\u00e1s tribunas sin perder la esencia de mesas y sillas, en la actualidad con la puesta del servicio de un camarote algo novedoso, moderno que se usa en otros lugares, tenemos un Cors\u00f3dromo con la mirada de seguir creciendo y trabajando por el turismo de la ciudad.\u201d<\/p>\n<p>MUNICIPIO Y COMPARSEROS<\/p>\n<p>En la continuidad del di\u00e1logo el Primera Mandatario Local, sostuvo: \u201cEste es el gran equipo de trabajo junto a la comisi\u00f3n de corso, articulando con las comparsas incorporando bailarines comparseros, que nos ayud\u00f3 a aportar ideas para posicionar este producto, permitiendo escuchar las necesidades de cada comparsa, sumando la infraestructura del municipio para tener estos resultados, estamos acostumbrados porque en el Predio suceden todos los eventos m\u00e1s importantes de la ciudad, nuestros carnavales se posicionan como una buena propuesta y uno de los mejores.\u201d<\/p>\n<p>VISI\u00d3N ESTRAT\u00c9GICA DEL GOBIERNO PROVINCIAL FAVORECE EL DESARROLLO DE LAS CIUDADES<\/p>\n<p>\u201cLa mirada del Gobierno de la provincia, direccionada a la explotaci\u00f3n del turismo, -indic\u00f3- permite a Corrientes ubicarse en los \u00faltimos a\u00f1os como un \u00a0gran destino, los Carnavales, con la Fiesta del Chamam\u00e9, en nuestro caso La Fiesta del Surub\u00ed, la Feria del Libro, todo esto se obtiene con el acompa\u00f1amiento del Gobierno de Corrientes, agradecemos la presencia del Ministro de Turismo junto a los funcionarios goyanos que son parte de ese ministerio, esta ser\u00e1 la din\u00e1mica que nos proponemos para el futuro reflejado con la presencia de Juan Enrique Braillard Poccard.\u201d<\/p>\n<p>PRESENTES EN LA FIESTA NACIONAL DEL CHAMAM\u00c9<\/p>\n<p>\u201cHemos participado de la Fiesta del Chamam\u00e9, nos debemos acompa\u00f1ar para visibilizar mucho m\u00e1s todo lo que hacemos para potenciar estos encuentros, que marcan nuestra esencia e identidad de todo Corrientes.\u201d Comento el Intendente<\/p>\n<p>FIESTA NACIONAL DEL SURUB\u00cd LA ANTESALA DE LAS BODAS DE ORO<\/p>\n<p>Ante la consulta sobre la Edici\u00f3n de este a\u00f1o de la Fiesta Nacional del Surub\u00ed, Mariano Hormaechea, adelanto: \u201cEstamos trabajando en este proceso de transici\u00f3n de la COMUPE con \u201cBucky\u201d Gonz\u00e1lez Vilas, empezamos a realizar algunas tareas con la instalaci\u00f3n de los extractores de aire, en el Multiespacio Antonio Villarreal, iniciaremos los trabajos de refacci\u00f3n en las oficinas de atenci\u00f3n en el Predio, estamos analizando los nombres de los artistas para el festival de nuestra 49\u00ba Edici\u00f3n, trabajando con el equipo, se abri\u00f3 la inscripci\u00f3n para la Expo Goya y se han vendido los espacios as\u00ed que marchamos bien, sumado al cierre de inscripci\u00f3n de pescadores, de barras pesqueras, \u00a0de nuestra Edici\u00f3n, ser\u00e1n los preparativos para\u00a0 nuestra Bodas de Oro de la Fiesta del Surub\u00ed.\u201d<\/p>\n<p>\u201cInvitamos a participar de las noches de carnavales, donde se observa pasi\u00f3n, adrenalina puesta por los comparseros, estamos seguros que pasaremos muy bien.\u201d Reitero el Intendente<\/p>\n","protected":false},"excerpt":{"rendered":"<p>Entrevistado por el equipo de la transmisi\u00f3n oficial de los corsos de nuestra ciudad, el Intendente Mariano Hormaechea, en la primera luna carnavalera, ratific\u00f3 el logro gracias al \u201cTrabajo en conjunto entre la Municipalidad y las comparsas para empezar a disfrutar desde este renovado Cors\u00f3dromo las noches de carnaval en la ciudad\u201d. &nbsp; \u201cTrabajamos con [&hellip;]<\/p>\n","protected":false},"author":2,"featured_media":6031,"comment_status":"open","ping_status":"open","sticky":false,"template":"","format":"standard","meta":{"footnotes":""},"categories":[56],"tags":[],"class_list":{"0":"post-6030","1":"post","2":"type-post","3":"status-publish","4":"format-standard","5":"has-post-thumbnail","7":"category-locales"},"_links":{"self":[{"href":"https:\/\/elpueblonoticia.com.ar\/web\/wp-json\/wp\/v2\/posts\/6030","targetHints":{"allow":["GET"]}}],"collection":[{"href":"https:\/\/elpueblonoticia.com.ar\/web\/wp-json\/wp\/v2\/posts"}],"about":[{"href":"https:\/\/elpueblonoticia.com.ar\/web\/wp-json\/wp\/v2\/types\/post"}],"author":[{"embeddable":true,"href":"https:\/\/elpueblonoticia.com.ar\/web\/wp-json\/wp\/v2\/users\/2"}],"replies":[{"embeddable":true,"href":"https:\/\/elpueblonoticia.com.ar\/web\/wp-json\/wp\/v2\/comments?post=6030"}],"version-history":[{"count":1,"href":"https:\/\/elpueblonoticia.com.ar\/web\/wp-json\/wp\/v2\/posts\/6030\/revisions"}],"predecessor-version":[{"id":6032,"href":"https:\/\/elpueblonoticia.com.ar\/web\/wp-json\/wp\/v2\/posts\/6030\/revisions\/6032"}],"wp:featuredmedia":[{"embeddable":true,"href":"https:\/\/elpueblonoticia.com.ar\/web\/wp-json\/wp\/v2\/media\/6031"}],"wp:attachment":[{"href":"https:\/\/elpueblonoticia.com.ar\/web\/wp-json\/wp\/v2\/media?parent=6030"}],"wp:term":[{"taxonomy":"category","embeddable":true,"href":"https:\/\/elpueblonoticia.com.ar\/web\/wp-json\/wp\/v2\/categories?post=6030"},{"taxonomy":"post_tag","embeddable":true,"href":"https:\/\/elpueblonoticia.com.ar\/web\/wp-json\/wp\/v2\/tags?post=6030"}],"curies":[{"name":"wp","href":"https:\/\/api.w.org\/{rel}","templated":true}]}}