{"id":6026,"date":"2026-01-26T08:52:55","date_gmt":"2026-01-26T11:52:55","guid":{"rendered":"https:\/\/elpueblonoticia.com.ar\/web\/?p=6026"},"modified":"2026-01-26T08:52:55","modified_gmt":"2026-01-26T11:52:55","slug":"29-anos-del-crimen-de-cabezas-un-asesinato-que-se-convirtio-en-el-eje-de-la-libertad-de-prensa","status":"publish","type":"post","link":"https:\/\/elpueblonoticia.com.ar\/web\/2026\/01\/26\/29-anos-del-crimen-de-cabezas-un-asesinato-que-se-convirtio-en-el-eje-de-la-libertad-de-prensa\/","title":{"rendered":"29 a\u00f1os del crimen de Cabezas: un asesinato que se convirti\u00f3 en el eje de la libertad de prensa"},"content":{"rendered":"<p>NA &#8211; Jos\u00e9 Luis Cabezas fue asesinado por sicarios contratados por el mega empresario Alfredo Yabr\u00e1n. Gabriel Michi, editor de Newsweek Argentina y compa\u00f1ero de Cabezas cuando sucedi\u00f3 el hecho, reflexion\u00f3 hace un tiempo sobre el impacto del asesinato que marc\u00f3 un antes y un despu\u00e9s en la historia del periodismo argentino.<\/p>\n<p>Buenos Aires, 24 enero (NA) \u2013 Se cumplen 29 a\u00f1os del crimen de Jos\u00e9 Luis Cabezas, el fotoperiodista que fue asesinado por sicarios contratados por el mega empresario Alfredo Yabr\u00e1n, quien se suicid\u00f3 minutos antes de ser detenido. El homicidio del profesional se convirti\u00f3 en el eje de la libertad de prensa y que puso en jaque la labor period\u00edstica. Se espera que se realicen diversos actos en Pinamar y General Madariaga para conmemorarlo y para que contin\u00fae el reclamo de justicia.<\/p>\n<p>Este domingo, y como cada 25 de enero, familiares, amigos y colegas recuerdan a Cabezas y alzan la bandera de lucha, llevando a cabo diversos encuentros y manteniendo en pie su labor como reportero gr\u00e1fico y periodista.<\/p>\n<p>Gabriel Michi, editor de Newsweek Argentina y compa\u00f1ero de Cabezas cuando sucedi\u00f3 el hecho, reflexion\u00f3 hace un tiempo sobre el impacto del asesinato que marc\u00f3 un antes y un despu\u00e9s en la historia del periodismo argentino.<\/p>\n<p><b>C\u00f3mo fue el crimen de Cabezas<\/b><\/p>\n<p>En el verano de 1996, Jos\u00e9 Luis Cabezas trabajaba para la revista Noticias como fot\u00f3grafo y periodista investigativo. Antes de su crimen hab\u00eda estado detr\u00e1s de la corrupci\u00f3n y el narcotr\u00e1fico en la provincia de Buenos Aires.<\/p>\n<p>Su vida cambi\u00f3 cuando el 3 de marzo de ese a\u00f1o la revista puso de tapa la primera foto de Yabr\u00e1n, quien desde entonces se ocultaba de los flashes. El encargado de la foto fue Cabezas y se trat\u00f3 de la sentencia de su muerte.<\/p>\n<p>El asesinato del reportero gr\u00e1fico ocurri\u00f3 reci\u00e9n en 1997 cuando estaba de vacaciones en Pinamar. El 25 de enero fue encontrado muerto con varios disparos dentro de su auto, el cual fue prendido fuego.<\/p>\n<p>El asesinato de Cabezas gener\u00f3 una gran movilizaci\u00f3n social y pol\u00edtica en Argentina. Se realizaron manifestaciones y marchas en su memoria. Adem\u00e1s, se exigieron investigaciones y sanciones para los responsables de su muerte, supo la Agencia Noticias Argentinas.<\/p>\n<p>Finalmente, en 2000, Yabr\u00e1n, due\u00f1o de OCA, se suicid\u00f3 antes de ser arrestado. Sin embargo, la justicia argentina continu\u00f3 investigando y procesando a otros involucrados en el asesinato, como a la banda de &#8220;Los Horneros&#8221;, un grupo de delincuentes de La Plata, conformado por Jos\u00e9 Luis Auge, H\u00e9ctor Retana, Sergio Gonz\u00e1lez y Horacio Braga.<\/p>\n<p>La muerte de Jos\u00e9 Luis Cabezas es recordada cada a\u00f1o en Argentina como un s\u00edmbolo de la lucha por la libertad de expresi\u00f3n y la justicia. #AgenciaNA<\/p>\n","protected":false},"excerpt":{"rendered":"<p>NA &#8211; Jos\u00e9 Luis Cabezas fue asesinado por sicarios contratados por el mega empresario Alfredo Yabr\u00e1n. Gabriel Michi, editor de Newsweek Argentina y compa\u00f1ero de Cabezas cuando sucedi\u00f3 el hecho, reflexion\u00f3 hace un tiempo sobre el impacto del asesinato que marc\u00f3 un antes y un despu\u00e9s en la historia del periodismo argentino. Buenos Aires, 24 [&hellip;]<\/p>\n","protected":false},"author":2,"featured_media":6027,"comment_status":"open","ping_status":"open","sticky":false,"template":"","format":"standard","meta":{"footnotes":""},"categories":[64],"tags":[],"class_list":{"0":"post-6026","1":"post","2":"type-post","3":"status-publish","4":"format-standard","5":"has-post-thumbnail","7":"category-nacionales"},"_links":{"self":[{"href":"https:\/\/elpueblonoticia.com.ar\/web\/wp-json\/wp\/v2\/posts\/6026","targetHints":{"allow":["GET"]}}],"collection":[{"href":"https:\/\/elpueblonoticia.com.ar\/web\/wp-json\/wp\/v2\/posts"}],"about":[{"href":"https:\/\/elpueblonoticia.com.ar\/web\/wp-json\/wp\/v2\/types\/post"}],"author":[{"embeddable":true,"href":"https:\/\/elpueblonoticia.com.ar\/web\/wp-json\/wp\/v2\/users\/2"}],"replies":[{"embeddable":true,"href":"https:\/\/elpueblonoticia.com.ar\/web\/wp-json\/wp\/v2\/comments?post=6026"}],"version-history":[{"count":1,"href":"https:\/\/elpueblonoticia.com.ar\/web\/wp-json\/wp\/v2\/posts\/6026\/revisions"}],"predecessor-version":[{"id":6028,"href":"https:\/\/elpueblonoticia.com.ar\/web\/wp-json\/wp\/v2\/posts\/6026\/revisions\/6028"}],"wp:featuredmedia":[{"embeddable":true,"href":"https:\/\/elpueblonoticia.com.ar\/web\/wp-json\/wp\/v2\/media\/6027"}],"wp:attachment":[{"href":"https:\/\/elpueblonoticia.com.ar\/web\/wp-json\/wp\/v2\/media?parent=6026"}],"wp:term":[{"taxonomy":"category","embeddable":true,"href":"https:\/\/elpueblonoticia.com.ar\/web\/wp-json\/wp\/v2\/categories?post=6026"},{"taxonomy":"post_tag","embeddable":true,"href":"https:\/\/elpueblonoticia.com.ar\/web\/wp-json\/wp\/v2\/tags?post=6026"}],"curies":[{"name":"wp","href":"https:\/\/api.w.org\/{rel}","templated":true}]}}