{"id":6018,"date":"2026-01-26T08:30:51","date_gmt":"2026-01-26T11:30:51","guid":{"rendered":"https:\/\/elpueblonoticia.com.ar\/web\/?p=6018"},"modified":"2026-01-26T08:30:51","modified_gmt":"2026-01-26T11:30:51","slug":"segunda-luna-carnestolenda-en-goya-el-espectaculo-carnavalero-disfrutado-a-pleno-en-costa-surubi","status":"publish","type":"post","link":"https:\/\/elpueblonoticia.com.ar\/web\/2026\/01\/26\/segunda-luna-carnestolenda-en-goya-el-espectaculo-carnavalero-disfrutado-a-pleno-en-costa-surubi\/","title":{"rendered":"SEGUNDA LUNA CARNESTOLENDA EN GOYA: EL ESPECT\u00c1CULO CARNAVALERO DISFRUTADO A PLENO EN COSTA SURUB\u00cd"},"content":{"rendered":"<p data-olk-copy-source=\"MessageBody\"><img loading=\"lazy\" decoding=\"async\" class=\"alignnone size-medium wp-image-6021\" src=\"https:\/\/elpueblonoticia.com.ar\/web\/wp-content\/uploads\/2026\/01\/2-noche-carnavales-goyanos-2026-1-1-200x300.jpeg\" alt=\"\" width=\"200\" height=\"300\" srcset=\"https:\/\/elpueblonoticia.com.ar\/web\/wp-content\/uploads\/2026\/01\/2-noche-carnavales-goyanos-2026-1-1-200x300.jpeg 200w, https:\/\/elpueblonoticia.com.ar\/web\/wp-content\/uploads\/2026\/01\/2-noche-carnavales-goyanos-2026-1-1-682x1024.jpeg 682w, https:\/\/elpueblonoticia.com.ar\/web\/wp-content\/uploads\/2026\/01\/2-noche-carnavales-goyanos-2026-1-1-768x1152.jpeg 768w, https:\/\/elpueblonoticia.com.ar\/web\/wp-content\/uploads\/2026\/01\/2-noche-carnavales-goyanos-2026-1-1-280x420.jpeg 280w, https:\/\/elpueblonoticia.com.ar\/web\/wp-content\/uploads\/2026\/01\/2-noche-carnavales-goyanos-2026-1-1-696x1044.jpeg 696w, https:\/\/elpueblonoticia.com.ar\/web\/wp-content\/uploads\/2026\/01\/2-noche-carnavales-goyanos-2026-1-1.jpeg 857w\" sizes=\"auto, (max-width: 200px) 100vw, 200px\" \/><img loading=\"lazy\" decoding=\"async\" class=\"alignnone size-medium wp-image-6022\" src=\"https:\/\/elpueblonoticia.com.ar\/web\/wp-content\/uploads\/2026\/01\/2-noche-carnavales-goyanos-2026-2-200x300.jpeg\" alt=\"\" width=\"200\" height=\"300\" srcset=\"https:\/\/elpueblonoticia.com.ar\/web\/wp-content\/uploads\/2026\/01\/2-noche-carnavales-goyanos-2026-2-200x300.jpeg 200w, https:\/\/elpueblonoticia.com.ar\/web\/wp-content\/uploads\/2026\/01\/2-noche-carnavales-goyanos-2026-2-682x1024.jpeg 682w, https:\/\/elpueblonoticia.com.ar\/web\/wp-content\/uploads\/2026\/01\/2-noche-carnavales-goyanos-2026-2-768x1153.jpeg 768w, https:\/\/elpueblonoticia.com.ar\/web\/wp-content\/uploads\/2026\/01\/2-noche-carnavales-goyanos-2026-2-1023x1536.jpeg 1023w, https:\/\/elpueblonoticia.com.ar\/web\/wp-content\/uploads\/2026\/01\/2-noche-carnavales-goyanos-2026-2-280x420.jpeg 280w, https:\/\/elpueblonoticia.com.ar\/web\/wp-content\/uploads\/2026\/01\/2-noche-carnavales-goyanos-2026-2-696x1045.jpeg 696w, https:\/\/elpueblonoticia.com.ar\/web\/wp-content\/uploads\/2026\/01\/2-noche-carnavales-goyanos-2026-2.jpeg 1066w\" sizes=\"auto, (max-width: 200px) 100vw, 200px\" \/><img loading=\"lazy\" decoding=\"async\" class=\"alignnone size-medium wp-image-6023\" src=\"https:\/\/elpueblonoticia.com.ar\/web\/wp-content\/uploads\/2026\/01\/2-noche-carnavales-goyanos-2026-4-200x300.jpeg\" alt=\"\" width=\"200\" height=\"300\" srcset=\"https:\/\/elpueblonoticia.com.ar\/web\/wp-content\/uploads\/2026\/01\/2-noche-carnavales-goyanos-2026-4-200x300.jpeg 200w, https:\/\/elpueblonoticia.com.ar\/web\/wp-content\/uploads\/2026\/01\/2-noche-carnavales-goyanos-2026-4-682x1024.jpeg 682w, https:\/\/elpueblonoticia.com.ar\/web\/wp-content\/uploads\/2026\/01\/2-noche-carnavales-goyanos-2026-4-768x1153.jpeg 768w, https:\/\/elpueblonoticia.com.ar\/web\/wp-content\/uploads\/2026\/01\/2-noche-carnavales-goyanos-2026-4-1023x1536.jpeg 1023w, https:\/\/elpueblonoticia.com.ar\/web\/wp-content\/uploads\/2026\/01\/2-noche-carnavales-goyanos-2026-4-280x420.jpeg 280w, https:\/\/elpueblonoticia.com.ar\/web\/wp-content\/uploads\/2026\/01\/2-noche-carnavales-goyanos-2026-4-696x1045.jpeg 696w, https:\/\/elpueblonoticia.com.ar\/web\/wp-content\/uploads\/2026\/01\/2-noche-carnavales-goyanos-2026-4.jpeg 1066w\" sizes=\"auto, (max-width: 200px) 100vw, 200px\" \/><\/p>\n<p class=\"x_MsoNormal\" data-olk-copy-source=\"MessageBody\">Como un verdadero ritual de carnaval, la segunda luna carnavalera vivida el pasado s\u00e1bado 25 de enero en el Cors\u00f3dromo de Costa Surub\u00ed volvi\u00f3 a confirmar que la pasi\u00f3n por los corsos oficiales de Goya 2026 crece noche a noche. Una mayor cantidad de apasionados simpatizantes se dio cita para alentar, vibrar y dejarse llevar por el despliegue art\u00edstico de las comparsas animadoras, en una velada que fue pura fiesta.<\/p>\n<p class=\"x_MsoNormal\" aria-hidden=\"true\">\n<p class=\"x_MsoNormal\">El cors\u00f3dromo no solo fue testigo del brillo, la m\u00fasica y el color de cada una de las comparsas, sino que tambi\u00e9n se transform\u00f3 en un enorme espacio de juego y alegr\u00eda cuando se \u201cdesat\u00f3\u201d el cl\u00e1sico juego con la nieve artificial, que inund\u00f3 todos los sectores de las tribunas y desat\u00f3 risas, aplausos y una diversi\u00f3n total entre grandes y chicos.<\/p>\n<p class=\"x_MsoNormal\" aria-hidden=\"true\">\n<p class=\"x_MsoNormal\">Los protagonistas fueron los mismos, al igual que los cuadros y las propuestas art\u00edsticas, pero la segunda noche carnavalera siempre tiene ese sabor especial, esa sensaci\u00f3n de estar viendo algo distinto. Los ajustes realizados, la energ\u00eda renovada y, sobre todo, la participaci\u00f3n interactiva del p\u00fablico, se convirtieron en factores determinantes que potenciaron esa percepci\u00f3n y elevaron a\u00fan m\u00e1s el espect\u00e1culo.<\/p>\n<p class=\"x_MsoNormal\" aria-hidden=\"true\">\n<p class=\"x_MsoNormal\">El orden de salida, que dio inicio puntualmente a las 22 horas, abri\u00f3 con la Agrupaci\u00f3n Oh Bah\u00eda!, seguida por la Comparsa ARAMI. Luego fue el turno de la Comparsa IT\u00c1 VERA, continuando la noche con la Comparsa AYMAR\u00c1, para dar paso m\u00e1s tarde a la Comparsa TROPICAL. El cierre de esta segunda noche carnestolenda estuvo a cargo de la Comparsa PORAMBA, que puso el broche final a una jornada inolvidable.<\/p>\n<p class=\"x_MsoNormal\" aria-hidden=\"true\">\n<p class=\"x_MsoNormal\">Entre los datos destacados de la noche, sobresali\u00f3 la presencia de un grupo de bailarines de la comparsa \u201cCaru Cura\u201d de Esquina, quienes pasearon todo su talento y cualidades por la emblem\u00e1tica \u201cAlfombra Blanca\u201d, invitados especialmente por la Comparsa Sol Tropical, en el marco de la celebraci\u00f3n de sus 50 a\u00f1os de pasi\u00f3n carnavalera, sumando un momento especial y emotivo al espect\u00e1culo.<\/p>\n<p class=\"x_MsoNormal\" aria-hidden=\"true\">\n<p class=\"x_MsoNormal\">Sin dudas, la pausa de la semana servir\u00e1 para acrecentar la expectativa y las ganas de volver a vivir la magia del carnaval, de cara a la \u00faltima luna carnavalera de competencia, que tendr\u00e1 lugar el pr\u00f3ximo s\u00e1bado 31 de enero, desde las 22 horas, nuevamente en el Cors\u00f3dromo de Costa Surub\u00ed, donde la fiesta promete cerrar a lo grande.<\/p>\n","protected":false},"excerpt":{"rendered":"<p>Como un verdadero ritual de carnaval, la segunda luna carnavalera vivida el pasado s\u00e1bado 25 de enero en el Cors\u00f3dromo de Costa Surub\u00ed volvi\u00f3 a confirmar que la pasi\u00f3n por los corsos oficiales de Goya 2026 crece noche a noche. Una mayor cantidad de apasionados simpatizantes se dio cita para alentar, vibrar y dejarse llevar [&hellip;]<\/p>\n","protected":false},"author":2,"featured_media":6020,"comment_status":"open","ping_status":"open","sticky":false,"template":"","format":"standard","meta":{"footnotes":""},"categories":[56],"tags":[],"class_list":{"0":"post-6018","1":"post","2":"type-post","3":"status-publish","4":"format-standard","5":"has-post-thumbnail","7":"category-locales"},"_links":{"self":[{"href":"https:\/\/elpueblonoticia.com.ar\/web\/wp-json\/wp\/v2\/posts\/6018","targetHints":{"allow":["GET"]}}],"collection":[{"href":"https:\/\/elpueblonoticia.com.ar\/web\/wp-json\/wp\/v2\/posts"}],"about":[{"href":"https:\/\/elpueblonoticia.com.ar\/web\/wp-json\/wp\/v2\/types\/post"}],"author":[{"embeddable":true,"href":"https:\/\/elpueblonoticia.com.ar\/web\/wp-json\/wp\/v2\/users\/2"}],"replies":[{"embeddable":true,"href":"https:\/\/elpueblonoticia.com.ar\/web\/wp-json\/wp\/v2\/comments?post=6018"}],"version-history":[{"count":1,"href":"https:\/\/elpueblonoticia.com.ar\/web\/wp-json\/wp\/v2\/posts\/6018\/revisions"}],"predecessor-version":[{"id":6024,"href":"https:\/\/elpueblonoticia.com.ar\/web\/wp-json\/wp\/v2\/posts\/6018\/revisions\/6024"}],"wp:featuredmedia":[{"embeddable":true,"href":"https:\/\/elpueblonoticia.com.ar\/web\/wp-json\/wp\/v2\/media\/6020"}],"wp:attachment":[{"href":"https:\/\/elpueblonoticia.com.ar\/web\/wp-json\/wp\/v2\/media?parent=6018"}],"wp:term":[{"taxonomy":"category","embeddable":true,"href":"https:\/\/elpueblonoticia.com.ar\/web\/wp-json\/wp\/v2\/categories?post=6018"},{"taxonomy":"post_tag","embeddable":true,"href":"https:\/\/elpueblonoticia.com.ar\/web\/wp-json\/wp\/v2\/tags?post=6018"}],"curies":[{"name":"wp","href":"https:\/\/api.w.org\/{rel}","templated":true}]}}