{"id":6008,"date":"2026-01-26T07:47:07","date_gmt":"2026-01-26T10:47:07","guid":{"rendered":"https:\/\/elpueblonoticia.com.ar\/web\/?p=6008"},"modified":"2026-01-26T07:47:07","modified_gmt":"2026-01-26T10:47:07","slug":"goya-se-viste-de-fiesta","status":"publish","type":"post","link":"https:\/\/elpueblonoticia.com.ar\/web\/2026\/01\/26\/goya-se-viste-de-fiesta\/","title":{"rendered":"GOYA SE VISTE DE FIESTA"},"content":{"rendered":"<p data-olk-copy-source=\"MessageBody\"><img loading=\"lazy\" decoding=\"async\" class=\"alignnone size-medium wp-image-6010\" src=\"https:\/\/elpueblonoticia.com.ar\/web\/wp-content\/uploads\/2026\/01\/Nota-VILAS-1-300x169.jpeg\" alt=\"\" width=\"300\" height=\"169\" srcset=\"https:\/\/elpueblonoticia.com.ar\/web\/wp-content\/uploads\/2026\/01\/Nota-VILAS-1-300x169.jpeg 300w, https:\/\/elpueblonoticia.com.ar\/web\/wp-content\/uploads\/2026\/01\/Nota-VILAS-1-1024x576.jpeg 1024w, https:\/\/elpueblonoticia.com.ar\/web\/wp-content\/uploads\/2026\/01\/Nota-VILAS-1-768x432.jpeg 768w, https:\/\/elpueblonoticia.com.ar\/web\/wp-content\/uploads\/2026\/01\/Nota-VILAS-1-747x420.jpeg 747w, https:\/\/elpueblonoticia.com.ar\/web\/wp-content\/uploads\/2026\/01\/Nota-VILAS-1-696x392.jpeg 696w, https:\/\/elpueblonoticia.com.ar\/web\/wp-content\/uploads\/2026\/01\/Nota-VILAS-1-1068x601.jpeg 1068w, https:\/\/elpueblonoticia.com.ar\/web\/wp-content\/uploads\/2026\/01\/Nota-VILAS-1.jpeg 1280w\" sizes=\"auto, (max-width: 300px) 100vw, 300px\" \/> <img loading=\"lazy\" decoding=\"async\" class=\"alignnone size-medium wp-image-6011\" src=\"https:\/\/elpueblonoticia.com.ar\/web\/wp-content\/uploads\/2026\/01\/Nota-VILAS-2-169x300.jpeg\" alt=\"\" width=\"169\" height=\"300\" srcset=\"https:\/\/elpueblonoticia.com.ar\/web\/wp-content\/uploads\/2026\/01\/Nota-VILAS-2-169x300.jpeg 169w, https:\/\/elpueblonoticia.com.ar\/web\/wp-content\/uploads\/2026\/01\/Nota-VILAS-2-576x1024.jpeg 576w, https:\/\/elpueblonoticia.com.ar\/web\/wp-content\/uploads\/2026\/01\/Nota-VILAS-2-236x420.jpeg 236w, https:\/\/elpueblonoticia.com.ar\/web\/wp-content\/uploads\/2026\/01\/Nota-VILAS-2-696x1237.jpeg 696w, https:\/\/elpueblonoticia.com.ar\/web\/wp-content\/uploads\/2026\/01\/Nota-VILAS-2.jpeg 720w\" sizes=\"auto, (max-width: 169px) 100vw, 169px\" \/> <img loading=\"lazy\" decoding=\"async\" class=\"alignnone size-medium wp-image-6012\" src=\"https:\/\/elpueblonoticia.com.ar\/web\/wp-content\/uploads\/2026\/01\/Nota-VILAS-3-300x169.jpeg\" alt=\"\" width=\"300\" height=\"169\" srcset=\"https:\/\/elpueblonoticia.com.ar\/web\/wp-content\/uploads\/2026\/01\/Nota-VILAS-3-300x169.jpeg 300w, https:\/\/elpueblonoticia.com.ar\/web\/wp-content\/uploads\/2026\/01\/Nota-VILAS-3-1024x576.jpeg 1024w, https:\/\/elpueblonoticia.com.ar\/web\/wp-content\/uploads\/2026\/01\/Nota-VILAS-3-768x432.jpeg 768w, https:\/\/elpueblonoticia.com.ar\/web\/wp-content\/uploads\/2026\/01\/Nota-VILAS-3-747x420.jpeg 747w, https:\/\/elpueblonoticia.com.ar\/web\/wp-content\/uploads\/2026\/01\/Nota-VILAS-3-696x392.jpeg 696w, https:\/\/elpueblonoticia.com.ar\/web\/wp-content\/uploads\/2026\/01\/Nota-VILAS-3-1068x601.jpeg 1068w, https:\/\/elpueblonoticia.com.ar\/web\/wp-content\/uploads\/2026\/01\/Nota-VILAS-3.jpeg 1280w\" sizes=\"auto, (max-width: 300px) 100vw, 300px\" \/> <img loading=\"lazy\" decoding=\"async\" class=\"alignnone size-medium wp-image-6013\" src=\"https:\/\/elpueblonoticia.com.ar\/web\/wp-content\/uploads\/2026\/01\/Nota-VILAS-4-194x300.jpeg\" alt=\"\" width=\"194\" height=\"300\" srcset=\"https:\/\/elpueblonoticia.com.ar\/web\/wp-content\/uploads\/2026\/01\/Nota-VILAS-4-194x300.jpeg 194w, https:\/\/elpueblonoticia.com.ar\/web\/wp-content\/uploads\/2026\/01\/Nota-VILAS-4-661x1024.jpeg 661w, https:\/\/elpueblonoticia.com.ar\/web\/wp-content\/uploads\/2026\/01\/Nota-VILAS-4-768x1190.jpeg 768w, https:\/\/elpueblonoticia.com.ar\/web\/wp-content\/uploads\/2026\/01\/Nota-VILAS-4-271x420.jpeg 271w, https:\/\/elpueblonoticia.com.ar\/web\/wp-content\/uploads\/2026\/01\/Nota-VILAS-4-696x1079.jpeg 696w, https:\/\/elpueblonoticia.com.ar\/web\/wp-content\/uploads\/2026\/01\/Nota-VILAS-4.jpeg 826w\" sizes=\"auto, (max-width: 194px) 100vw, 194px\" \/> <img loading=\"lazy\" decoding=\"async\" class=\"alignnone size-medium wp-image-6014\" src=\"https:\/\/elpueblonoticia.com.ar\/web\/wp-content\/uploads\/2026\/01\/Nota-VILAS-6-237x300.jpeg\" alt=\"\" width=\"237\" height=\"300\" srcset=\"https:\/\/elpueblonoticia.com.ar\/web\/wp-content\/uploads\/2026\/01\/Nota-VILAS-6-237x300.jpeg 237w, https:\/\/elpueblonoticia.com.ar\/web\/wp-content\/uploads\/2026\/01\/Nota-VILAS-6-809x1024.jpeg 809w, https:\/\/elpueblonoticia.com.ar\/web\/wp-content\/uploads\/2026\/01\/Nota-VILAS-6-768x972.jpeg 768w, https:\/\/elpueblonoticia.com.ar\/web\/wp-content\/uploads\/2026\/01\/Nota-VILAS-6-332x420.jpeg 332w, https:\/\/elpueblonoticia.com.ar\/web\/wp-content\/uploads\/2026\/01\/Nota-VILAS-6-696x881.jpeg 696w, https:\/\/elpueblonoticia.com.ar\/web\/wp-content\/uploads\/2026\/01\/Nota-VILAS-6.jpeg 1011w\" sizes=\"auto, (max-width: 237px) 100vw, 237px\" \/> <img loading=\"lazy\" decoding=\"async\" class=\"alignnone size-medium wp-image-6015\" src=\"https:\/\/elpueblonoticia.com.ar\/web\/wp-content\/uploads\/2026\/01\/Nota-VILAS-7-216x300.jpeg\" alt=\"\" width=\"216\" height=\"300\" srcset=\"https:\/\/elpueblonoticia.com.ar\/web\/wp-content\/uploads\/2026\/01\/Nota-VILAS-7-216x300.jpeg 216w, https:\/\/elpueblonoticia.com.ar\/web\/wp-content\/uploads\/2026\/01\/Nota-VILAS-7-738x1024.jpeg 738w, https:\/\/elpueblonoticia.com.ar\/web\/wp-content\/uploads\/2026\/01\/Nota-VILAS-7-768x1066.jpeg 768w, https:\/\/elpueblonoticia.com.ar\/web\/wp-content\/uploads\/2026\/01\/Nota-VILAS-7-303x420.jpeg 303w, https:\/\/elpueblonoticia.com.ar\/web\/wp-content\/uploads\/2026\/01\/Nota-VILAS-7-696x966.jpeg 696w, https:\/\/elpueblonoticia.com.ar\/web\/wp-content\/uploads\/2026\/01\/Nota-VILAS-7.jpeg 922w\" sizes=\"auto, (max-width: 216px) 100vw, 216px\" \/><\/p>\n<p class=\"x_MsoNormal\" data-olk-copy-source=\"MessageBody\">Ignacio Nacho Vilas logr\u00f3 debutar y triunfar en la primer final de TCpista mouras en el Aut\u00f3dromo Roberto Mouras de la Plata<\/p>\n<p class=\"x_MsoNormal\">El Goyano hab\u00eda comenzado muy bien con los entrenamientos del d\u00eda viernes quedando con la Pool de 1,279<\/p>\n<p class=\"x_MsoNormal\">El d\u00eda s\u00e1bado durantes los entrenamientos punte\u00f3 y a \u00faltimo momento antes del cierre de las pruebas qued\u00f3 2 a dos mil\u00e9simas del primero Haimen Rubiera<\/p>\n<p class=\"x_MsoNormal\">Lleg\u00f3 el momento de clasificar y al colocar gomas nuevas el auto perdi\u00f3 un segundo por vuelta y tras ser tapado en tres oportunidades clasific\u00f3 6 siendo luego asentido al puesto quinto por descalificaci\u00f3n de un auto por estar fuera de reglamento<\/p>\n<p class=\"x_MsoNormal\" aria-hidden=\"true\">\n<p class=\"x_MsoNormal\">El d\u00eda domingo a las 10 hs se larg\u00f3 la serie en donde larg\u00f3 5 y tras un toque al pasar al cuarto puesto qued\u00f3 relegado al 7 recuperando y terminando en el 5to puesto<\/p>\n<p class=\"x_MsoNormal\">Por t\u00e9cnica se descalifica a quien terminase 4 lo que le permiti\u00f3 a Nacho Vilas largar la final en el 4 puesto de la grilla por el sector externo lo que aprovech\u00f3 para pasar al tercero por afuera en el curvon\u00a0 a m\u00e1s de 200 km<\/p>\n<p class=\"x_MsoNormal\">Tras el ingreso del pace car Vilas se posiciona 2do a dos segundos de la punta donde empez\u00f3 a descontar y faltando 4 vueltas Rubiera Hainze tiene un problema con el captor aprovechando el Goyano &#8220;Nacho&#8221; Vilas y tomando la punta la que no largar\u00eda m\u00e1s hasta el final sacando m\u00e1s de 9 segundos a quien lo escolt\u00f3.<\/p>\n<p class=\"x_MsoNormal\">Gan\u00f3 Nacho Ignacio Vilas la promesa Goyana que enorgullece a Corrientes<\/p>\n","protected":false},"excerpt":{"rendered":"<p>Ignacio Nacho Vilas logr\u00f3 debutar y triunfar en la primer final de TCpista mouras en el Aut\u00f3dromo Roberto Mouras de la Plata El Goyano hab\u00eda comenzado muy bien con los entrenamientos del d\u00eda viernes quedando con la Pool de 1,279 El d\u00eda s\u00e1bado durantes los entrenamientos punte\u00f3 y a \u00faltimo momento antes del cierre de [&hellip;]<\/p>\n","protected":false},"author":2,"featured_media":6009,"comment_status":"open","ping_status":"open","sticky":false,"template":"","format":"standard","meta":{"footnotes":""},"categories":[76],"tags":[],"class_list":{"0":"post-6008","1":"post","2":"type-post","3":"status-publish","4":"format-standard","5":"has-post-thumbnail","7":"category-deportes"},"_links":{"self":[{"href":"https:\/\/elpueblonoticia.com.ar\/web\/wp-json\/wp\/v2\/posts\/6008","targetHints":{"allow":["GET"]}}],"collection":[{"href":"https:\/\/elpueblonoticia.com.ar\/web\/wp-json\/wp\/v2\/posts"}],"about":[{"href":"https:\/\/elpueblonoticia.com.ar\/web\/wp-json\/wp\/v2\/types\/post"}],"author":[{"embeddable":true,"href":"https:\/\/elpueblonoticia.com.ar\/web\/wp-json\/wp\/v2\/users\/2"}],"replies":[{"embeddable":true,"href":"https:\/\/elpueblonoticia.com.ar\/web\/wp-json\/wp\/v2\/comments?post=6008"}],"version-history":[{"count":1,"href":"https:\/\/elpueblonoticia.com.ar\/web\/wp-json\/wp\/v2\/posts\/6008\/revisions"}],"predecessor-version":[{"id":6016,"href":"https:\/\/elpueblonoticia.com.ar\/web\/wp-json\/wp\/v2\/posts\/6008\/revisions\/6016"}],"wp:featuredmedia":[{"embeddable":true,"href":"https:\/\/elpueblonoticia.com.ar\/web\/wp-json\/wp\/v2\/media\/6009"}],"wp:attachment":[{"href":"https:\/\/elpueblonoticia.com.ar\/web\/wp-json\/wp\/v2\/media?parent=6008"}],"wp:term":[{"taxonomy":"category","embeddable":true,"href":"https:\/\/elpueblonoticia.com.ar\/web\/wp-json\/wp\/v2\/categories?post=6008"},{"taxonomy":"post_tag","embeddable":true,"href":"https:\/\/elpueblonoticia.com.ar\/web\/wp-json\/wp\/v2\/tags?post=6008"}],"curies":[{"name":"wp","href":"https:\/\/api.w.org\/{rel}","templated":true}]}}