{"id":5998,"date":"2026-01-23T11:52:36","date_gmt":"2026-01-23T14:52:36","guid":{"rendered":"https:\/\/elpueblonoticia.com.ar\/web\/?p=5998"},"modified":"2026-01-23T11:52:36","modified_gmt":"2026-01-23T14:52:36","slug":"alpine-y-franco-colapinto-presentaron-su-nuevo-monoplaza-para-la-formula-1","status":"publish","type":"post","link":"https:\/\/elpueblonoticia.com.ar\/web\/2026\/01\/23\/alpine-y-franco-colapinto-presentaron-su-nuevo-monoplaza-para-la-formula-1\/","title":{"rendered":"Alpine y Franco Colapinto presentaron su nuevo monoplaza para la F\u00f3rmula 1"},"content":{"rendered":"<p><img decoding=\"async\" src=\"https:\/\/pxcdn.ellitoral.com.ar\/litoral\/012026\/1769173152576.webp?cw=446\" alt=\"Alpine y Franco Colapinto presentaron su nuevo monoplaza para la F\u00f3rmula 1 \" \/><\/p>\n<p>El equipo se prepara para los tests de pretemporada.<\/p>\n<p>escuder\u00eda\u00a0<strong>Alpine\u00a0<\/strong>present\u00f3 oficialmente su nuevo monoplaza\u00a0<strong>A526<\/strong>, que competir\u00e1 en la temporada 2026 de\u00a0<strong>F\u00f3rmula 1<\/strong>. El evento se realiz\u00f3\u00a0este viernes a bordo de un crucero frente a la costa de Barcelona y cont\u00f3 con la participaci\u00f3n de los pilotos<strong>\u00a0Franco Colapinto<\/strong>\u00a0y Pierre Gasly.<\/p>\n<div class=\"container-spot\" data-tipo=\"tipo_todo\" data-pos=\"NEW_P1_cuerpo\">\n<div class=\"gpt-load\" data-gpt=\"\/22675780113\/nota\/new_p1_cuerpo\" data-size=\"[[728, 90]]\" data-gpt-mobile=\"\/22675780113\/nota\/new_p1_cuerpo\" data-size-mobile=\"[[320, 100],[300, 250],[300, 100],[300, 50]]\"><\/div>\n<\/div>\n<p>El equipo franc\u00e9s ya hab\u00eda probado el A526 d\u00edas atr\u00e1s durante una sesi\u00f3n privada en Silverstone, donde\u00a0<strong>Gasly estren\u00f3 el monoplaza en pista<\/strong>. Tras el lanzamiento oficial, Alpine permanecer\u00e1 en Barcelona para participar de los primeros tests de pretemporada en el\u00a0<strong>Circuit de Catalunya<\/strong>, programados del 26 al 30 de enero, junto a las otras diez escuder\u00edas de la categor\u00eda.<\/p>\n<p>Posteriormente, el equipo se trasladar\u00e1 a\u00a0<strong>Bahr\u00e9in\u00a0<\/strong>para nuevas pruebas en febrero, consideradas clave para ajustar el rendimiento del veh\u00edculo antes del inicio oficial del calendario en el\u00a0<strong>Gran Premio de Australia,<\/strong>\u00a0previsto para el 8 de marzo.<\/p>\n<div class=\"container-spot\" data-tipo=\"tipo_todo\" data-pos=\"NEW_P2_cuerpo\">\n<div class=\"gpt-load\" data-gpt=\"\/22675780113\/nota\/new_p2_cuerpo\" data-size=\"[[728, 90]]\" data-gpt-mobile=\"\/22675780113\/nota\/new_p2_cuerpo\" data-size-mobile=\"[[320, 100],[320, 50],[300, 600],[300, 250],[300, 100],[300, 50]]\"><\/div>\n<\/div>\n<h2 class=\"h2\">Nuevo desaf\u00edo para Colapinto<\/h2>\n<p>Para Franco Colapinto, la presentaci\u00f3n del A526 representa un avance relevante en su carrera, ya que afrontar\u00e1 por primera vez sesiones completas de pretemporada con un monoplaza de F\u00f3rmula 1.<\/p>\n<p>&nbsp;<\/p>\n<div class=\"fixed-container direction-center\"><\/div>\n","protected":false},"excerpt":{"rendered":"<p>El equipo se prepara para los tests de pretemporada. escuder\u00eda\u00a0Alpine\u00a0present\u00f3 oficialmente su nuevo monoplaza\u00a0A526, que competir\u00e1 en la temporada 2026 de\u00a0F\u00f3rmula 1. El evento se realiz\u00f3\u00a0este viernes a bordo de un crucero frente a la costa de Barcelona y cont\u00f3 con la participaci\u00f3n de los pilotos\u00a0Franco Colapinto\u00a0y Pierre Gasly. El equipo franc\u00e9s ya hab\u00eda probado [&hellip;]<\/p>\n","protected":false},"author":2,"featured_media":5999,"comment_status":"open","ping_status":"open","sticky":false,"template":"","format":"standard","meta":{"footnotes":""},"categories":[78],"tags":[],"class_list":{"0":"post-5998","1":"post","2":"type-post","3":"status-publish","4":"format-standard","5":"has-post-thumbnail","7":"category-generales"},"_links":{"self":[{"href":"https:\/\/elpueblonoticia.com.ar\/web\/wp-json\/wp\/v2\/posts\/5998","targetHints":{"allow":["GET"]}}],"collection":[{"href":"https:\/\/elpueblonoticia.com.ar\/web\/wp-json\/wp\/v2\/posts"}],"about":[{"href":"https:\/\/elpueblonoticia.com.ar\/web\/wp-json\/wp\/v2\/types\/post"}],"author":[{"embeddable":true,"href":"https:\/\/elpueblonoticia.com.ar\/web\/wp-json\/wp\/v2\/users\/2"}],"replies":[{"embeddable":true,"href":"https:\/\/elpueblonoticia.com.ar\/web\/wp-json\/wp\/v2\/comments?post=5998"}],"version-history":[{"count":1,"href":"https:\/\/elpueblonoticia.com.ar\/web\/wp-json\/wp\/v2\/posts\/5998\/revisions"}],"predecessor-version":[{"id":6000,"href":"https:\/\/elpueblonoticia.com.ar\/web\/wp-json\/wp\/v2\/posts\/5998\/revisions\/6000"}],"wp:featuredmedia":[{"embeddable":true,"href":"https:\/\/elpueblonoticia.com.ar\/web\/wp-json\/wp\/v2\/media\/5999"}],"wp:attachment":[{"href":"https:\/\/elpueblonoticia.com.ar\/web\/wp-json\/wp\/v2\/media?parent=5998"}],"wp:term":[{"taxonomy":"category","embeddable":true,"href":"https:\/\/elpueblonoticia.com.ar\/web\/wp-json\/wp\/v2\/categories?post=5998"},{"taxonomy":"post_tag","embeddable":true,"href":"https:\/\/elpueblonoticia.com.ar\/web\/wp-json\/wp\/v2\/tags?post=5998"}],"curies":[{"name":"wp","href":"https:\/\/api.w.org\/{rel}","templated":true}]}}