{"id":5994,"date":"2026-01-23T11:40:55","date_gmt":"2026-01-23T14:40:55","guid":{"rendered":"https:\/\/elpueblonoticia.com.ar\/web\/?p=5994"},"modified":"2026-01-23T11:40:55","modified_gmt":"2026-01-23T14:40:55","slug":"gobierno-de-corrientes-paga-sueldos-de-enero-desde-este-26","status":"publish","type":"post","link":"https:\/\/elpueblonoticia.com.ar\/web\/2026\/01\/23\/gobierno-de-corrientes-paga-sueldos-de-enero-desde-este-26\/","title":{"rendered":"Gobierno de Corrientes paga sueldos de enero desde este 26"},"content":{"rendered":"<p>Los agentes de la administraci\u00f3n p\u00fablica provincial, activos, jubilados y pensionados, percibir\u00e1n los haberes de enero entre este lunes 26 y el viernes 30. Con la ejecuci\u00f3n del cronograma de sueldos, tras abonarse el Adicional Remunerativo Mensual, el Plus de Refuerzo y el segundo tramo del Bono Navide\u00f1o, el Gobierno de Corrientes cumple con el pago del Ingreso Salarial Mensual para cada uno de los beneficiarios.<\/p>\n<p>&nbsp;<\/p>\n<div class=\"contenido\">\n<div id=\"modalFulltext\">\n<div>El cronograma de pago de sueldos comienza este lunes 26, jornada que percibir\u00e1n los agentes con n\u00fameros de Documento Nacional de Identidad terminados en 0 y 1; este tramo estar\u00e1 disponible desde el s\u00e1bado 24, a trav\u00e9s del hombaking de la caja sueldo de cada agente y, tambi\u00e9n, de los cajeros autom\u00e1ticos habilitados por el Banco de Corrientes SA.<\/div>\n<div><\/div>\n<div>El segundo tramo, de acuerdo al dise\u00f1o por parte del Ministerio de Hacienda y Finanzas, se pagar\u00e1 desde el martes 27, para agentes con DNI finalizados en 2 y 3. El mi\u00e9rcoles 28, ser\u00e1 el turno de aquellos con documentos terminados en 4 y 5.<\/div>\n<div><\/div>\n<div>En tanto que, el jueves 29, percibir\u00e1n los agentes con sus documentos terminados en 6 y 7. El cronograma de pago del sueldo de enero finaliza el viernes 30, abon\u00e1ndose a quienes tengan DNI 8 y 9.<\/div>\n<\/div>\n<div>\n<div id=\"117986-4\"><\/div>\n<div id=\"117986-6\"><\/div>\n<div id=\"117986-3\"><\/div>\n<\/div>\n<\/div>\n<div class=\"modalRedes\"><\/div>\n<p>&nbsp;<\/p>\n<p>&nbsp;<\/p>\n<p>&nbsp;<\/p>\n<p>&nbsp;<\/p>\n<p>&nbsp;<\/p>\n<p>&nbsp;<\/p>\n<p>&nbsp;<\/p>\n<p>&nbsp;<\/p>\n<p>&nbsp;<\/p>\n<p>&nbsp;<\/p>\n<p>&nbsp;<\/p>\n<p>&nbsp;<\/p>\n<p>&nbsp;<\/p>\n<p>&nbsp;<\/p>\n<p>&nbsp;<\/p>\n<p>&nbsp;<\/p>\n<p>&nbsp;<\/p>\n<p>&nbsp;<\/p>\n<p>&nbsp;<\/p>\n<p>&nbsp;<\/p>\n<p>&nbsp;<\/p>\n<p>&nbsp;<\/p>\n<p>&nbsp;<\/p>\n<p>&nbsp;<\/p>\n<p>&nbsp;<\/p>\n<p>&nbsp;<\/p>\n<p>&nbsp;<\/p>\n<p>&nbsp;<\/p>\n<p>&nbsp;<\/p>\n<p>&nbsp;<\/p>\n<p>&nbsp;<\/p>\n<p>&nbsp;<\/p>\n<p>&nbsp;<\/p>\n<p>&nbsp;<\/p>\n","protected":false},"excerpt":{"rendered":"<p>Los agentes de la administraci\u00f3n p\u00fablica provincial, activos, jubilados y pensionados, percibir\u00e1n los haberes de enero entre este lunes 26 y el viernes 30. Con la ejecuci\u00f3n del cronograma de sueldos, tras abonarse el Adicional Remunerativo Mensual, el Plus de Refuerzo y el segundo tramo del Bono Navide\u00f1o, el Gobierno de Corrientes cumple con el [&hellip;]<\/p>\n","protected":false},"author":2,"featured_media":5995,"comment_status":"open","ping_status":"open","sticky":false,"template":"","format":"standard","meta":{"footnotes":""},"categories":[65],"tags":[],"class_list":{"0":"post-5994","1":"post","2":"type-post","3":"status-publish","4":"format-standard","5":"has-post-thumbnail","7":"category-economia"},"_links":{"self":[{"href":"https:\/\/elpueblonoticia.com.ar\/web\/wp-json\/wp\/v2\/posts\/5994","targetHints":{"allow":["GET"]}}],"collection":[{"href":"https:\/\/elpueblonoticia.com.ar\/web\/wp-json\/wp\/v2\/posts"}],"about":[{"href":"https:\/\/elpueblonoticia.com.ar\/web\/wp-json\/wp\/v2\/types\/post"}],"author":[{"embeddable":true,"href":"https:\/\/elpueblonoticia.com.ar\/web\/wp-json\/wp\/v2\/users\/2"}],"replies":[{"embeddable":true,"href":"https:\/\/elpueblonoticia.com.ar\/web\/wp-json\/wp\/v2\/comments?post=5994"}],"version-history":[{"count":1,"href":"https:\/\/elpueblonoticia.com.ar\/web\/wp-json\/wp\/v2\/posts\/5994\/revisions"}],"predecessor-version":[{"id":5996,"href":"https:\/\/elpueblonoticia.com.ar\/web\/wp-json\/wp\/v2\/posts\/5994\/revisions\/5996"}],"wp:featuredmedia":[{"embeddable":true,"href":"https:\/\/elpueblonoticia.com.ar\/web\/wp-json\/wp\/v2\/media\/5995"}],"wp:attachment":[{"href":"https:\/\/elpueblonoticia.com.ar\/web\/wp-json\/wp\/v2\/media?parent=5994"}],"wp:term":[{"taxonomy":"category","embeddable":true,"href":"https:\/\/elpueblonoticia.com.ar\/web\/wp-json\/wp\/v2\/categories?post=5994"},{"taxonomy":"post_tag","embeddable":true,"href":"https:\/\/elpueblonoticia.com.ar\/web\/wp-json\/wp\/v2\/tags?post=5994"}],"curies":[{"name":"wp","href":"https:\/\/api.w.org\/{rel}","templated":true}]}}