{"id":5990,"date":"2026-01-23T11:34:42","date_gmt":"2026-01-23T14:34:42","guid":{"rendered":"https:\/\/elpueblonoticia.com.ar\/web\/?p=5990"},"modified":"2026-01-23T11:34:42","modified_gmt":"2026-01-23T14:34:42","slug":"corrientes-una-menor-murio-y-hay-varios-heridos-en-un-siniestro-vial-multiple-en-lavalle","status":"publish","type":"post","link":"https:\/\/elpueblonoticia.com.ar\/web\/2026\/01\/23\/corrientes-una-menor-murio-y-hay-varios-heridos-en-un-siniestro-vial-multiple-en-lavalle\/","title":{"rendered":"Corrientes: una menor muri\u00f3 y hay varios heridos en un siniestro vial m\u00faltiple en Lavalle"},"content":{"rendered":"<div class=\"articulo__intro\">\n<p>\u00a0Las causas\u00a0a\u00fan se investigan mientras\u00a0se busca identificar a un\u00a0autom\u00f3vil que habr\u00eda huido del lugar.<\/p>\n<\/div>\n<div class=\"articulo__autorfecha\">\n<div class=\"autor\">\n<div class=\"autor__img\">\n<p>Una <strong>adolescente de 15 a\u00f1os muri\u00f3<\/strong>\u00a0y siete personas resultaron heridas en un\u00a0<strong>siniestro vial m\u00faltiple<\/strong>\u00a0ocurrido este viernes en\u00a0<strong>Lavalle<\/strong>, alrededor de la 1.30, en el kil\u00f3metro 111 de la Ruta 27.<\/p>\n<div class=\"container-spot\" data-tipo=\"tipo_todo\" data-pos=\"NEW_P1_cuerpo\">\n<div class=\"gpt-load\" data-gpt=\"\/22675780113\/nota\/new_p1_cuerpo\" data-size=\"[[728, 90]]\" data-gpt-mobile=\"\/22675780113\/nota\/new_p1_cuerpo\" data-size-mobile=\"[[320, 100],[300, 250],[300, 100],[300, 50]]\"><\/div>\n<\/div>\n<p>El siniestro involucr\u00f3 tres motos, una bicicleta y un\u00a0<strong>auto\u00a0<\/strong>que, seg\u00fan testigos, habr\u00eda<strong>\u00a0provocado el choque y luego escapado\u00a0<\/strong>del lugar.<\/p>\n<h2 class=\"h2\">Heridos<\/h2>\n<p>Entre los\u00a0<strong>heridos\u00a0<\/strong>hay dos hombres, dos mujeres y tres menores de 4, 11 y 14 a\u00f1os, quienes fueron trasladados a centros de salud de la zona con lesiones de distinta gravedad.<\/p>\n<div class=\"container-spot\" data-tipo=\"tipo_todo\" data-pos=\"NEW_P2_cuerpo\">\n<div class=\"gpt-load\" data-gpt=\"\/22675780113\/nota\/new_p2_cuerpo\" data-size=\"[[728, 90]]\" data-gpt-mobile=\"\/22675780113\/nota\/new_p2_cuerpo\" data-size-mobile=\"[[320, 100],[320, 50],[300, 600],[300, 250],[300, 100],[300, 50]]\"><\/div>\n<\/div>\n<p>La Polic\u00eda de Lavalle y la fiscal\u00eda local realizaron las primeras investigaciones\u00a0en el lugar del siniestro. Por el momento, se desconocen mayores circunstancias\u00a0y\u00a0<strong>se busca identificar al autom\u00f3vil que habr\u00eda huido.<\/strong><\/p>\n<p>La investigaci\u00f3n contin\u00faa en la Comisar\u00eda de Lavalle mientras se recopilan testimonios y pruebas para esclarecer c\u00f3mo se produjo el tr\u00e1gico incidente.<\/p>\n<\/div>\n<\/div>\n<\/div>\n","protected":false},"excerpt":{"rendered":"<p>\u00a0Las causas\u00a0a\u00fan se investigan mientras\u00a0se busca identificar a un\u00a0autom\u00f3vil que habr\u00eda huido del lugar. Una adolescente de 15 a\u00f1os muri\u00f3\u00a0y siete personas resultaron heridas en un\u00a0siniestro vial m\u00faltiple\u00a0ocurrido este viernes en\u00a0Lavalle, alrededor de la 1.30, en el kil\u00f3metro 111 de la Ruta 27. El siniestro involucr\u00f3 tres motos, una bicicleta y un\u00a0auto\u00a0que, seg\u00fan testigos, habr\u00eda\u00a0provocado [&hellip;]<\/p>\n","protected":false},"author":2,"featured_media":5991,"comment_status":"open","ping_status":"open","sticky":false,"template":"","format":"standard","meta":{"footnotes":""},"categories":[68],"tags":[],"class_list":{"0":"post-5990","1":"post","2":"type-post","3":"status-publish","4":"format-standard","5":"has-post-thumbnail","7":"category-policiales-nacionales"},"_links":{"self":[{"href":"https:\/\/elpueblonoticia.com.ar\/web\/wp-json\/wp\/v2\/posts\/5990","targetHints":{"allow":["GET"]}}],"collection":[{"href":"https:\/\/elpueblonoticia.com.ar\/web\/wp-json\/wp\/v2\/posts"}],"about":[{"href":"https:\/\/elpueblonoticia.com.ar\/web\/wp-json\/wp\/v2\/types\/post"}],"author":[{"embeddable":true,"href":"https:\/\/elpueblonoticia.com.ar\/web\/wp-json\/wp\/v2\/users\/2"}],"replies":[{"embeddable":true,"href":"https:\/\/elpueblonoticia.com.ar\/web\/wp-json\/wp\/v2\/comments?post=5990"}],"version-history":[{"count":1,"href":"https:\/\/elpueblonoticia.com.ar\/web\/wp-json\/wp\/v2\/posts\/5990\/revisions"}],"predecessor-version":[{"id":5992,"href":"https:\/\/elpueblonoticia.com.ar\/web\/wp-json\/wp\/v2\/posts\/5990\/revisions\/5992"}],"wp:featuredmedia":[{"embeddable":true,"href":"https:\/\/elpueblonoticia.com.ar\/web\/wp-json\/wp\/v2\/media\/5991"}],"wp:attachment":[{"href":"https:\/\/elpueblonoticia.com.ar\/web\/wp-json\/wp\/v2\/media?parent=5990"}],"wp:term":[{"taxonomy":"category","embeddable":true,"href":"https:\/\/elpueblonoticia.com.ar\/web\/wp-json\/wp\/v2\/categories?post=5990"},{"taxonomy":"post_tag","embeddable":true,"href":"https:\/\/elpueblonoticia.com.ar\/web\/wp-json\/wp\/v2\/tags?post=5990"}],"curies":[{"name":"wp","href":"https:\/\/api.w.org\/{rel}","templated":true}]}}