{"id":5970,"date":"2026-01-23T10:02:12","date_gmt":"2026-01-23T13:02:12","guid":{"rendered":"https:\/\/elpueblonoticia.com.ar\/web\/?p=5970"},"modified":"2026-01-23T10:02:12","modified_gmt":"2026-01-23T13:02:12","slug":"senalizacion-y-pintura-en-los-cordones-de-avenida-de-los-primeros-concejales","status":"publish","type":"post","link":"https:\/\/elpueblonoticia.com.ar\/web\/2026\/01\/23\/senalizacion-y-pintura-en-los-cordones-de-avenida-de-los-primeros-concejales\/","title":{"rendered":"SE\u00d1ALIZACI\u00d3N Y PINTURA EN LOS CORDONES DE AVENIDA DE LOS PRIMEROS CONCEJALES"},"content":{"rendered":"<p><strong>La Municipalidad de Goya, durante la ma\u00f1ana del jueves inici\u00f3 los trabajos de se\u00f1alizaci\u00f3n y pintura de los cordones en la Avenida de Los Primeros Concejales.<\/strong><\/p>\n<p>&nbsp;<\/p>\n<p>Los agentes municipales, comenzaron con los trabajos en ese tramo de la arteria situada al norte de la ciudad, para avanzar hacia el sector del Predio Costa Surub\u00ed, escenario a partir del viernes de los carnavales en nuestra ciudad.<\/p>\n","protected":false},"excerpt":{"rendered":"<p>La Municipalidad de Goya, durante la ma\u00f1ana del jueves inici\u00f3 los trabajos de se\u00f1alizaci\u00f3n y pintura de los cordones en la Avenida de Los Primeros Concejales. &nbsp; Los agentes municipales, comenzaron con los trabajos en ese tramo de la arteria situada al norte de la ciudad, para avanzar hacia el sector del Predio Costa Surub\u00ed, [&hellip;]<\/p>\n","protected":false},"author":2,"featured_media":5971,"comment_status":"open","ping_status":"open","sticky":false,"template":"","format":"standard","meta":{"footnotes":""},"categories":[56],"tags":[],"class_list":{"0":"post-5970","1":"post","2":"type-post","3":"status-publish","4":"format-standard","5":"has-post-thumbnail","7":"category-locales"},"_links":{"self":[{"href":"https:\/\/elpueblonoticia.com.ar\/web\/wp-json\/wp\/v2\/posts\/5970","targetHints":{"allow":["GET"]}}],"collection":[{"href":"https:\/\/elpueblonoticia.com.ar\/web\/wp-json\/wp\/v2\/posts"}],"about":[{"href":"https:\/\/elpueblonoticia.com.ar\/web\/wp-json\/wp\/v2\/types\/post"}],"author":[{"embeddable":true,"href":"https:\/\/elpueblonoticia.com.ar\/web\/wp-json\/wp\/v2\/users\/2"}],"replies":[{"embeddable":true,"href":"https:\/\/elpueblonoticia.com.ar\/web\/wp-json\/wp\/v2\/comments?post=5970"}],"version-history":[{"count":1,"href":"https:\/\/elpueblonoticia.com.ar\/web\/wp-json\/wp\/v2\/posts\/5970\/revisions"}],"predecessor-version":[{"id":5972,"href":"https:\/\/elpueblonoticia.com.ar\/web\/wp-json\/wp\/v2\/posts\/5970\/revisions\/5972"}],"wp:featuredmedia":[{"embeddable":true,"href":"https:\/\/elpueblonoticia.com.ar\/web\/wp-json\/wp\/v2\/media\/5971"}],"wp:attachment":[{"href":"https:\/\/elpueblonoticia.com.ar\/web\/wp-json\/wp\/v2\/media?parent=5970"}],"wp:term":[{"taxonomy":"category","embeddable":true,"href":"https:\/\/elpueblonoticia.com.ar\/web\/wp-json\/wp\/v2\/categories?post=5970"},{"taxonomy":"post_tag","embeddable":true,"href":"https:\/\/elpueblonoticia.com.ar\/web\/wp-json\/wp\/v2\/tags?post=5970"}],"curies":[{"name":"wp","href":"https:\/\/api.w.org\/{rel}","templated":true}]}}