{"id":5961,"date":"2026-01-23T09:31:01","date_gmt":"2026-01-23T12:31:01","guid":{"rendered":"https:\/\/elpueblonoticia.com.ar\/web\/?p=5961"},"modified":"2026-01-23T09:31:01","modified_gmt":"2026-01-23T12:31:01","slug":"reforma-laboral-que-piensan-los-diputados-de-corrientes-sobre-el-proyecto-de-milei","status":"publish","type":"post","link":"https:\/\/elpueblonoticia.com.ar\/web\/2026\/01\/23\/reforma-laboral-que-piensan-los-diputados-de-corrientes-sobre-el-proyecto-de-milei\/","title":{"rendered":"Reforma laboral: qu\u00e9 piensan los diputados de Corrientes sobre el proyecto de Milei"},"content":{"rendered":"<div class=\"article__headline\"><strong>Mientras el Gobierno nacional negocia el apoyo de los gobernadores, los diputados Di\u00f3genes Gonz\u00e1lez (UCR) y Christian Zulli (PJ) marcaron sus diferencias.<\/strong><\/div>\n<p>&nbsp;<\/p>\n<p>La\u00a0<strong>reforma laboral<\/strong>\u00a0impulsada por la gesti\u00f3n de Javier Milei comenz\u00f3 a polarizar las posturas de los representantes correntinos en el Congreso. Con la mira puesta en el reinicio de la actividad legislativa el pr\u00f3ximo\u00a0<strong>2 de febrero<\/strong>, el oficialismo nacional intensific\u00f3 las negociaciones con las provincias para garantizar el tratamiento en el Senado apenas diez d\u00edas despu\u00e9s.<\/p>\n<p>En este contexto, al ministro del Interior,\u00a0<strong>Diego Santilli<\/strong>, lo esperan en Corrientes la pr\u00f3xima semana tras su paso por Chaco y Salta. El objetivo es alinear el apoyo de los mandatarios regionales a una normativa que promete cambiar las reglas de juego del empleo en Argentina.<\/p>\n<h2><strong>La postura de la UCR: modernizaci\u00f3n con cautela fiscal<\/strong><\/h2>\n<p>El diputado nacional\u00a0<strong>Di\u00f3genes Gonz\u00e1lez<\/strong>, alineado a la conducci\u00f3n de los hermanos\u00a0<strong>Juan Pablo y Gustavo Vald\u00e9s<\/strong>, manifest\u00f3 una opini\u00f3n favorable en t\u00e9rminos generales.<\/p>\n<p>Para el legislador radical, es imperativo actualizar un r\u00e9gimen laboral que data de 1974 para adaptarlo a la &#8220;irrupci\u00f3n de la tecnolog\u00eda&#8221; y combatir la informalidad.<\/p>\n<p>&#8220;M\u00e1s del 40% de la fuerza laboral en Argentina est\u00e1 fuera del sistema&#8221;, advirti\u00f3 Gonz\u00e1lez a radio Continental. Sin embargo, aclar\u00f3 que la prioridad para el bloque ser\u00e1 monitorear el impacto fiscal. &#8220;Vamos a seguir con mucha atenci\u00f3n la probable ca\u00edda de la recaudaci\u00f3n de las provincias. Es un tema central para\u00a0<strong>Corrientes<\/strong>\u00a0que la reforma no implique p\u00e9rdida de recursos genuinos&#8221;.<\/p>\n<h2><strong>El PJ alerta por la quita de derechos<\/strong><\/h2>\n<p>Desde la vereda opuesta, el diputado\u00a0<strong>Christian Zulli<\/strong>, representante del peronismo correntino, rechaz\u00f3 de plano la iniciativa. Seg\u00fan el legislador, el proyecto vulnera el principio de protecci\u00f3n del trabajador: \u201cEl proyecto parte de una falsa igualdad entre empleador y trabajador. Por eso es necesario que el Estado y las leyes equilibren esa relaci\u00f3n\u201d, sostuvo en declaraciones radiales.<\/p>\n<p>Zulli critic\u00f3 herramientas propuestas como el\u00a0<strong>Banco de Horas<\/strong>\u00a0y el nuevo fondo de cese laboral (fondo de despido), asegurando que estas medidas favorecen a las grandes corporaciones sin distinguir la realidad de las\u00a0<strong>Pymes<\/strong>.<\/p>\n<p>Adem\u00e1s, alert\u00f3 que los cambios propuestos podr\u00edan profundizar la informalidad en lugar de generar empleo genuino, beneficiando &#8220;solo a unos pocos&#8221;.<\/p>\n","protected":false},"excerpt":{"rendered":"<p>Mientras el Gobierno nacional negocia el apoyo de los gobernadores, los diputados Di\u00f3genes Gonz\u00e1lez (UCR) y Christian Zulli (PJ) marcaron sus diferencias. &nbsp; La\u00a0reforma laboral\u00a0impulsada por la gesti\u00f3n de Javier Milei comenz\u00f3 a polarizar las posturas de los representantes correntinos en el Congreso. Con la mira puesta en el reinicio de la actividad legislativa el [&hellip;]<\/p>\n","protected":false},"author":2,"featured_media":5963,"comment_status":"open","ping_status":"open","sticky":false,"template":"","format":"standard","meta":{"footnotes":""},"categories":[66],"tags":[],"class_list":{"0":"post-5961","1":"post","2":"type-post","3":"status-publish","4":"format-standard","5":"has-post-thumbnail","7":"category-politica-nacionales"},"_links":{"self":[{"href":"https:\/\/elpueblonoticia.com.ar\/web\/wp-json\/wp\/v2\/posts\/5961","targetHints":{"allow":["GET"]}}],"collection":[{"href":"https:\/\/elpueblonoticia.com.ar\/web\/wp-json\/wp\/v2\/posts"}],"about":[{"href":"https:\/\/elpueblonoticia.com.ar\/web\/wp-json\/wp\/v2\/types\/post"}],"author":[{"embeddable":true,"href":"https:\/\/elpueblonoticia.com.ar\/web\/wp-json\/wp\/v2\/users\/2"}],"replies":[{"embeddable":true,"href":"https:\/\/elpueblonoticia.com.ar\/web\/wp-json\/wp\/v2\/comments?post=5961"}],"version-history":[{"count":1,"href":"https:\/\/elpueblonoticia.com.ar\/web\/wp-json\/wp\/v2\/posts\/5961\/revisions"}],"predecessor-version":[{"id":5964,"href":"https:\/\/elpueblonoticia.com.ar\/web\/wp-json\/wp\/v2\/posts\/5961\/revisions\/5964"}],"wp:featuredmedia":[{"embeddable":true,"href":"https:\/\/elpueblonoticia.com.ar\/web\/wp-json\/wp\/v2\/media\/5963"}],"wp:attachment":[{"href":"https:\/\/elpueblonoticia.com.ar\/web\/wp-json\/wp\/v2\/media?parent=5961"}],"wp:term":[{"taxonomy":"category","embeddable":true,"href":"https:\/\/elpueblonoticia.com.ar\/web\/wp-json\/wp\/v2\/categories?post=5961"},{"taxonomy":"post_tag","embeddable":true,"href":"https:\/\/elpueblonoticia.com.ar\/web\/wp-json\/wp\/v2\/tags?post=5961"}],"curies":[{"name":"wp","href":"https:\/\/api.w.org\/{rel}","templated":true}]}}