{"id":5957,"date":"2026-01-23T09:10:15","date_gmt":"2026-01-23T12:10:15","guid":{"rendered":"https:\/\/elpueblonoticia.com.ar\/web\/?p=5957"},"modified":"2026-01-23T09:10:15","modified_gmt":"2026-01-23T12:10:15","slug":"los-detalles-del-decreto-para-la-reconstruccion-del-estadio-del-club-de-regatas-corrientes","status":"publish","type":"post","link":"https:\/\/elpueblonoticia.com.ar\/web\/2026\/01\/23\/los-detalles-del-decreto-para-la-reconstruccion-del-estadio-del-club-de-regatas-corrientes\/","title":{"rendered":"Los detalles del decreto para la reconstrucci\u00f3n del estadio del Club de Regatas Corrientes"},"content":{"rendered":"<p><img decoding=\"async\" src=\"https:\/\/www.powernoticias.com\/images\/202601222048258365\" \/><\/p>\n<p>Se oficializ\u00f3 el convenio de cooperaci\u00f3n para levantar el &#8220;Nuevo Microestadio de B\u00e1squet&#8221;. La obra, que ser\u00e1 supervisada t\u00e9cnicamente por el Invico, busca reemplazar la estructura del Jos\u00e9 Jorge Contte, que colaps\u00f3 \u00edntegramente en agosto de 2025.<\/p>\n<p>El postergado anhelo de la reconstrucci\u00f3n del &#8220;Estadio de los Sue\u00f1os&#8221; comenz\u00f3 a dar sus primeros pasos administrativos formales. El pasado 16 de enero se hizo p\u00fablico el Decreto N\u00ba 2337, firmado a fines de noviembre del a\u00f1o pasado por el entonces gobernador Gustavo Vald\u00e9s, el cual instrumenta un convenio de cooperaci\u00f3n entre el Estado Provincial y el Club de Regatas Corrientes.<\/p>\n<p>El documento establece que la Provincia asumir\u00e1 la financiaci\u00f3n completa de la obra denominada \u201cNuevo Microestadio de B\u00e1squet\u201d, que se erigir\u00e1 en el predio que la instituci\u00f3n posee en el parque Mitre.<\/p>\n<p>La medida surge como respuesta al siniestro ocurrido el 13 de agosto de 2025, cuando la estructura del techo del hist\u00f3rico estadio Jos\u00e9 Jorge Contte colaps\u00f3 por completo, afortunadamente sin causar v\u00edctimas.<\/p>\n<p>El rol del Invico y los detalles del proyecto<\/p>\n<p>Si bien el decreto no especifica el monto total de la inversi\u00f3n, deja en claro que el Gobierno se har\u00e1 cargo de financiar cada una de las etapas previstas en el proyecto ejecutivo presentado por el club. El organismo encargado de ejercer el contralor t\u00e9cnico y la supervisi\u00f3n de los trabajos ser\u00e1 el Instituto de Vivienda de Corrientes (Invico).<\/p>\n<p>El presidente de la entidad remera, Eduardo Tassano, hab\u00eda adelantado meses atr\u00e1s que el objetivo no es solo recuperar el espacio perdido, sino dar un salto de calidad. El nuevo estadio est\u00e1 proyectado para cumplir estrictamente con las normativas de la FIBA, lo que permitir\u00e1 a Corrientes posicionarse como sede de torneos internacionales de primer nivel, adem\u00e1s de devolverle la local\u00eda al equipo en la Liga Nacional de B\u00e1squet.<\/p>\n<p>El presente del &#8220;Remero&#8221;<\/p>\n<p>Desde el derrumbe de su casa, el primer equipo de Regatas se vio obligado a mudar su local\u00eda al estadio Ra\u00fal Argentino Ortiz, perteneciente a su cl\u00e1sico rival, el Club San Mart\u00edn. Esta situaci\u00f3n de &#8220;alquiler&#8221; temporal ha acelerado las gestiones para que el inicio de las obras en el Parque Mitre sea inminente.<\/p>\n<p>Hasta el momento, las causas t\u00e9cnicas que provocaron el colapso de la estructura original no han sido difundidas de manera oficial. Con la publicaci\u00f3n de este decreto, se espera que en el corto plazo comiencen los movimientos de suelo y la remoci\u00f3n de los restos de la estructura antigua para dar paso a la nueva infraestructura deportiva de la capital.<\/p>\n<p>El Litoral<\/p>\n","protected":false},"excerpt":{"rendered":"<p>Se oficializ\u00f3 el convenio de cooperaci\u00f3n para levantar el &#8220;Nuevo Microestadio de B\u00e1squet&#8221;. La obra, que ser\u00e1 supervisada t\u00e9cnicamente por el Invico, busca reemplazar la estructura del Jos\u00e9 Jorge Contte, que colaps\u00f3 \u00edntegramente en agosto de 2025. El postergado anhelo de la reconstrucci\u00f3n del &#8220;Estadio de los Sue\u00f1os&#8221; comenz\u00f3 a dar sus primeros pasos administrativos [&hellip;]<\/p>\n","protected":false},"author":2,"featured_media":5958,"comment_status":"open","ping_status":"open","sticky":false,"template":"","format":"standard","meta":{"footnotes":""},"categories":[76],"tags":[],"class_list":{"0":"post-5957","1":"post","2":"type-post","3":"status-publish","4":"format-standard","5":"has-post-thumbnail","7":"category-deportes"},"_links":{"self":[{"href":"https:\/\/elpueblonoticia.com.ar\/web\/wp-json\/wp\/v2\/posts\/5957","targetHints":{"allow":["GET"]}}],"collection":[{"href":"https:\/\/elpueblonoticia.com.ar\/web\/wp-json\/wp\/v2\/posts"}],"about":[{"href":"https:\/\/elpueblonoticia.com.ar\/web\/wp-json\/wp\/v2\/types\/post"}],"author":[{"embeddable":true,"href":"https:\/\/elpueblonoticia.com.ar\/web\/wp-json\/wp\/v2\/users\/2"}],"replies":[{"embeddable":true,"href":"https:\/\/elpueblonoticia.com.ar\/web\/wp-json\/wp\/v2\/comments?post=5957"}],"version-history":[{"count":1,"href":"https:\/\/elpueblonoticia.com.ar\/web\/wp-json\/wp\/v2\/posts\/5957\/revisions"}],"predecessor-version":[{"id":5959,"href":"https:\/\/elpueblonoticia.com.ar\/web\/wp-json\/wp\/v2\/posts\/5957\/revisions\/5959"}],"wp:featuredmedia":[{"embeddable":true,"href":"https:\/\/elpueblonoticia.com.ar\/web\/wp-json\/wp\/v2\/media\/5958"}],"wp:attachment":[{"href":"https:\/\/elpueblonoticia.com.ar\/web\/wp-json\/wp\/v2\/media?parent=5957"}],"wp:term":[{"taxonomy":"category","embeddable":true,"href":"https:\/\/elpueblonoticia.com.ar\/web\/wp-json\/wp\/v2\/categories?post=5957"},{"taxonomy":"post_tag","embeddable":true,"href":"https:\/\/elpueblonoticia.com.ar\/web\/wp-json\/wp\/v2\/tags?post=5957"}],"curies":[{"name":"wp","href":"https:\/\/api.w.org\/{rel}","templated":true}]}}