{"id":5954,"date":"2026-01-23T08:52:26","date_gmt":"2026-01-23T11:52:26","guid":{"rendered":"https:\/\/elpueblonoticia.com.ar\/web\/?p=5954"},"modified":"2026-01-23T09:26:00","modified_gmt":"2026-01-23T12:26:00","slug":"localidades-correntinas-con-riesgo-alto-muy-alto-y-extremo-de-incendio","status":"publish","type":"post","link":"https:\/\/elpueblonoticia.com.ar\/web\/2026\/01\/23\/localidades-correntinas-con-riesgo-alto-muy-alto-y-extremo-de-incendio\/","title":{"rendered":"Localidades correntinas con riesgo alto, muy alto y extremo de incendio"},"content":{"rendered":"<div>\n<p><strong>La Cruz es la que figura en rojo con alerta m\u00e1xima ante las altas temperaturas. Hay otras nueve jurisdicciones del interior correntino en riesgo ante la posibilidad de focos \u00edgneos.<\/strong><\/p>\n<p>&nbsp;<\/p>\n<p>Este martes 20 de enero el mapa de alerta de incendios en la provincia est\u00e1 poblado de municipios, con posibilidad de focos \u00edgneos en sus territorios. La Cruz es la comuna que tiene marcado \u201criesgo extremo\u201d.<\/p>\n<p>Paso de los Libres, Monte Caseros, Virasoro e Ituzaing\u00f3, con riesgo muy alto. Mientras que la ciudad de Corrientes, Bella Vista, Mercedes, San Miguel y Chavarr\u00eda; tienen un \u00edndice alto de posibles focos de incendio.<\/p>\n<p>Esta situaci\u00f3n se da por las altas temperaturas en toda la provincia por lo que las autoridades provinciales recomiendan no hacer fuego, solamente est\u00e1 autorizado en zonas de &#8220;bajo riesgo&#8221;.<\/p>\n<p>Esta semana el mapa de alerta de incendios en la provincia mostr\u00f3 un ranking de municipios con posibilidad de focos \u00edgneos en sus territorios. La Cruz es la comuna que tiene marcado \u201criesgo extremo\u201d.<\/p>\n<p>Paso de los Libres, Monte Caseros, Virasoro e Ituzaing\u00f3, con riesgo muy alto. Mientras que la ciudad de Corrientes, Bella Vista, Mercedes, San Miguel y Chavarr\u00eda; tienen un \u00edndice alto de posibles focos de incendio.<\/p>\n<p>Esta situaci\u00f3n se da por las altas temperaturas en toda la provincia por lo que las autoridades provinciales recomiendan no hacer fuego, solamente est\u00e1 autorizado en zonas de &#8220;bajo riesgo&#8221;.<\/p>\n<figure class=\"embed\"><img decoding=\"async\" src=\"https:\/\/www.corrienteshoy.com\/galeria\/fotos\/2026\/01\/21\/o_1768991521_70621.jpg\" data-src=\"https:\/\/www.corrienteshoy.com\/galeria\/fotos\/2026\/01\/21\/o_1768991521_70621.jpg\" \/><\/figure>\n<p>&nbsp;<\/p>\n<p>&nbsp;<\/p>\n<p>FUENTE: CORRIENTES HOY<\/p>\n<\/div>\n<div class=\"s2s_supra_contenedor lang_directon_right s2sdefault align_left s2s_balloon_bottom \">\n<div class=\"s2s_contenedor s2s_no_text s2s-btn-group\">\n<div class=\"s2s_twitter s2s_btn s2s-btn-xs \">\n<div class=\"globo s2s_globo_closed s2s_twitter_iframe\"><\/div>\n<\/div>\n<div class=\"s2s_facebook s2s_btn s2s-btn-xs \">\n<div class=\"globo s2s_globo_closed s2s_facebook_iframe\"><\/div>\n<\/div>\n<div class=\"s2s_wapp s2s_btn s2s-btn-xs \">\n<div class=\"globo s2s_globo_closed s2s_wapp_iframe\"><\/div>\n<\/div>\n<\/div>\n<div class=\"s2s_credits_wrapper\"><\/div>\n<\/div>\n","protected":false},"excerpt":{"rendered":"<p>La Cruz es la que figura en rojo con alerta m\u00e1xima ante las altas temperaturas. Hay otras nueve jurisdicciones del interior correntino en riesgo ante la posibilidad de focos \u00edgneos. &nbsp; Este martes 20 de enero el mapa de alerta de incendios en la provincia est\u00e1 poblado de municipios, con posibilidad de focos \u00edgneos en [&hellip;]<\/p>\n","protected":false},"author":2,"featured_media":5962,"comment_status":"open","ping_status":"open","sticky":false,"template":"","format":"standard","meta":{"footnotes":""},"categories":[78],"tags":[],"class_list":{"0":"post-5954","1":"post","2":"type-post","3":"status-publish","4":"format-standard","5":"has-post-thumbnail","7":"category-generales"},"_links":{"self":[{"href":"https:\/\/elpueblonoticia.com.ar\/web\/wp-json\/wp\/v2\/posts\/5954","targetHints":{"allow":["GET"]}}],"collection":[{"href":"https:\/\/elpueblonoticia.com.ar\/web\/wp-json\/wp\/v2\/posts"}],"about":[{"href":"https:\/\/elpueblonoticia.com.ar\/web\/wp-json\/wp\/v2\/types\/post"}],"author":[{"embeddable":true,"href":"https:\/\/elpueblonoticia.com.ar\/web\/wp-json\/wp\/v2\/users\/2"}],"replies":[{"embeddable":true,"href":"https:\/\/elpueblonoticia.com.ar\/web\/wp-json\/wp\/v2\/comments?post=5954"}],"version-history":[{"count":1,"href":"https:\/\/elpueblonoticia.com.ar\/web\/wp-json\/wp\/v2\/posts\/5954\/revisions"}],"predecessor-version":[{"id":5955,"href":"https:\/\/elpueblonoticia.com.ar\/web\/wp-json\/wp\/v2\/posts\/5954\/revisions\/5955"}],"wp:featuredmedia":[{"embeddable":true,"href":"https:\/\/elpueblonoticia.com.ar\/web\/wp-json\/wp\/v2\/media\/5962"}],"wp:attachment":[{"href":"https:\/\/elpueblonoticia.com.ar\/web\/wp-json\/wp\/v2\/media?parent=5954"}],"wp:term":[{"taxonomy":"category","embeddable":true,"href":"https:\/\/elpueblonoticia.com.ar\/web\/wp-json\/wp\/v2\/categories?post=5954"},{"taxonomy":"post_tag","embeddable":true,"href":"https:\/\/elpueblonoticia.com.ar\/web\/wp-json\/wp\/v2\/tags?post=5954"}],"curies":[{"name":"wp","href":"https:\/\/api.w.org\/{rel}","templated":true}]}}