{"id":5950,"date":"2026-01-23T08:35:46","date_gmt":"2026-01-23T11:35:46","guid":{"rendered":"https:\/\/elpueblonoticia.com.ar\/web\/?p=5950"},"modified":"2026-01-23T08:35:46","modified_gmt":"2026-01-23T11:35:46","slug":"nacion-manda-vacunas-contra-el-dengue-a-11-provincias-corrientes-no-esta-en-la-lista","status":"publish","type":"post","link":"https:\/\/elpueblonoticia.com.ar\/web\/2026\/01\/23\/nacion-manda-vacunas-contra-el-dengue-a-11-provincias-corrientes-no-esta-en-la-lista\/","title":{"rendered":"Naci\u00f3n manda vacunas contra el dengue a 11 provincias: Corrientes no est\u00e1 en la lista"},"content":{"rendered":"<div>\n<p><strong>La cartera sanitaria dio a conocer hoy los distritos que recibir\u00e1n el insumo: Santa Fe, Catamarca, Chaco, C\u00f3rdoba, Entre R\u00edos, Formosa, Jujuy, La Rioja, Misiones, Salta y Santiago del Estero.<\/strong><\/p>\n<p>&nbsp;<\/p>\n<p>En su cuenta oficial de X el ministerio de Salud de la Naci\u00f3n inform\u00f3 este mi\u00e9rcoles 21 de enero, que empez\u00f3 el env\u00edo de vacunas contra el dengue a 11 provincias, Corrientes no est\u00e1 en la n\u00f3mina.<\/p>\n<p>\u201cComenz\u00f3 la distribuci\u00f3n de dosis de la vacuna contra el dengue en las zonas con mayor riesgo de circulaci\u00f3n de la enfermedad, con el objetivo de reforzar las estrategias locales de prevenci\u00f3n para los argentinos de\u00a0<strong>Santa Fe, Catamarca, Chaco, C\u00f3rdoba, Entre R\u00edos, Formosa, Jujuy, La Rioja, Misiones, Salta y Santiago del Estero.<\/strong><\/p>\n<p>El escenario epidemiol\u00f3gico actual en nuestro pa\u00eds es de bajo riesgo, con transmisi\u00f3n limitada y sin circulaci\u00f3n sostenida en la mayor parte del pa\u00eds. El Ministerio de Salud de la Naci\u00f3n sostiene acciones de monitoreo epidemiol\u00f3gico y acompa\u00f1amiento t\u00e9cnico a las provincias para fortalecer la respuesta del sistema de salud ante distintos escenarios.<\/p>\n<p>La vacuna contra el dengue fue aprobada por la ANMAT y su aplicaci\u00f3n se realiza de acuerdo con las definiciones sanitarias de cada jurisdicci\u00f3n.<\/p>\n<p>FUENTE: CORRIENTES HOY<\/p>\n<\/div>\n<div class=\"s2s_supra_contenedor lang_directon_right s2sdefault  align_left  s2s_balloon_bottom \">\n<div class=\"s2s_contenedor  s2s_no_text  s2s-btn-group\">\n<div class=\"s2s_twitter s2s_btn s2s-btn-xs \">\n<div class=\"globo s2s_globo_closed s2s_twitter_iframe\"><\/div>\n<\/div>\n<div class=\"s2s_facebook s2s_btn s2s-btn-xs \">\n<div class=\"globo s2s_globo_closed s2s_facebook_iframe\"><\/div>\n<\/div>\n<div class=\"s2s_wapp s2s_btn s2s-btn-xs  \">\n<div class=\"globo s2s_globo_closed s2s_wapp_iframe\"><\/div>\n<\/div>\n<\/div>\n<div class=\"s2s_credits_wrapper\"><\/div>\n<\/div>\n","protected":false},"excerpt":{"rendered":"<p>La cartera sanitaria dio a conocer hoy los distritos que recibir\u00e1n el insumo: Santa Fe, Catamarca, Chaco, C\u00f3rdoba, Entre R\u00edos, Formosa, Jujuy, La Rioja, Misiones, Salta y Santiago del Estero. &nbsp; En su cuenta oficial de X el ministerio de Salud de la Naci\u00f3n inform\u00f3 este mi\u00e9rcoles 21 de enero, que empez\u00f3 el env\u00edo de [&hellip;]<\/p>\n","protected":false},"author":2,"featured_media":5951,"comment_status":"open","ping_status":"open","sticky":false,"template":"","format":"standard","meta":{"footnotes":""},"categories":[69],"tags":[],"class_list":{"0":"post-5950","1":"post","2":"type-post","3":"status-publish","4":"format-standard","5":"has-post-thumbnail","7":"category-salud"},"_links":{"self":[{"href":"https:\/\/elpueblonoticia.com.ar\/web\/wp-json\/wp\/v2\/posts\/5950","targetHints":{"allow":["GET"]}}],"collection":[{"href":"https:\/\/elpueblonoticia.com.ar\/web\/wp-json\/wp\/v2\/posts"}],"about":[{"href":"https:\/\/elpueblonoticia.com.ar\/web\/wp-json\/wp\/v2\/types\/post"}],"author":[{"embeddable":true,"href":"https:\/\/elpueblonoticia.com.ar\/web\/wp-json\/wp\/v2\/users\/2"}],"replies":[{"embeddable":true,"href":"https:\/\/elpueblonoticia.com.ar\/web\/wp-json\/wp\/v2\/comments?post=5950"}],"version-history":[{"count":1,"href":"https:\/\/elpueblonoticia.com.ar\/web\/wp-json\/wp\/v2\/posts\/5950\/revisions"}],"predecessor-version":[{"id":5952,"href":"https:\/\/elpueblonoticia.com.ar\/web\/wp-json\/wp\/v2\/posts\/5950\/revisions\/5952"}],"wp:featuredmedia":[{"embeddable":true,"href":"https:\/\/elpueblonoticia.com.ar\/web\/wp-json\/wp\/v2\/media\/5951"}],"wp:attachment":[{"href":"https:\/\/elpueblonoticia.com.ar\/web\/wp-json\/wp\/v2\/media?parent=5950"}],"wp:term":[{"taxonomy":"category","embeddable":true,"href":"https:\/\/elpueblonoticia.com.ar\/web\/wp-json\/wp\/v2\/categories?post=5950"},{"taxonomy":"post_tag","embeddable":true,"href":"https:\/\/elpueblonoticia.com.ar\/web\/wp-json\/wp\/v2\/tags?post=5950"}],"curies":[{"name":"wp","href":"https:\/\/api.w.org\/{rel}","templated":true}]}}