{"id":5946,"date":"2026-01-23T08:22:36","date_gmt":"2026-01-23T11:22:36","guid":{"rendered":"https:\/\/elpueblonoticia.com.ar\/web\/?p=5946"},"modified":"2026-01-23T08:22:36","modified_gmt":"2026-01-23T11:22:36","slug":"alerta-sanitaria-en-el-sur-de-brasil-por-un-brote-de-gastroenteritis","status":"publish","type":"post","link":"https:\/\/elpueblonoticia.com.ar\/web\/2026\/01\/23\/alerta-sanitaria-en-el-sur-de-brasil-por-un-brote-de-gastroenteritis\/","title":{"rendered":"Alerta sanitaria en el sur de Brasil por un brote de gastroenteritis"},"content":{"rendered":"<div id=\"modalIntrotext\">\n<div><img decoding=\"async\" id=\"202601222027395551\" class=\"controledImg\" src=\"https:\/\/www.powernoticias.com\/images\/202601222027395551\" name=\"img-202601222027395551\" \/><\/div>\n<div>Un brote de gastroenteritis de gran magnitud encendi\u00f3 las alarmas sanitarias en el sur de Brasil, particularmente en el estado de Santa Catarina, uno de los destinos m\u00e1s elegidos por turistas durante la temporada de verano. De acuerdo con cifras oficiales, m\u00e1s de 10.600 personas ya fueron atendidas por cuadros compatibles con enfermedades diarreicas agudas en lo que va del a\u00f1o, con Florian\u00f3polis como principal foco.<\/div>\n<div><\/div>\n<\/div>\n<div id=\"modalFulltext\">Las investigaciones sanitarias apuntan a la contaminaci\u00f3n del agua como principal causa del brote. An\u00e1lisis recientes detectaron niveles elevados de Escherichia coli (E. coli) en el mar y en lagunas costeras, una bacteria de origen fecal que representa un riesgo directo para quienes se ba\u00f1an o consumen agua y alimentos sin la higiene adecuada.<\/p>\n<p>Playas no aptas y riesgo sanitario<\/p>\n<p>El Instituto de Medio Ambiente de Santa Catarina (IMA) inform\u00f3 que, de los 260 puntos monitoreados en la costa estadual, 89 presentan valores de contaminaci\u00f3n por encima de los par\u00e1metros permitidos, lo que equivale a m\u00e1s de un tercio del total. Seg\u00fan la normativa vigente, una playa es considerada no apta cuando se superan los 800 E. coli cada 100 mililitros de agua.<\/p>\n<p>Las zonas m\u00e1s afectadas se localizan en \u00e1reas cercanas a desembocaduras de r\u00edos, canales pluviales y sectores urbanos densamente poblados, donde los sistemas cloacales suelen colapsar ante el incremento de la poblaci\u00f3n tur\u00edstica.<\/p>\n<p>En Florian\u00f3polis, 29 puntos fueron declarados impropios para el ba\u00f1o, mientras que otros sectores mantienen condiciones aceptables, lo que obliga a consultar de manera permanente los informes oficiales de balneabilidad.<\/p>\n<p>Bombinhas y otros destinos bajo observaci\u00f3n<\/p>\n<p>La problem\u00e1tica no se limita a la capital catarinense. En Bombinhas, otro destino muy concurrido, se registraron m\u00e1s de 400 casos de enfermedades diarreicas agudas a comienzos de enero, y casi la mitad de los puntos analizados fueron clasificados como no aptos para el ba\u00f1o.<\/p>\n<p>Las autoridades sanitarias remarcan que la situaci\u00f3n es din\u00e1mica y que la aptitud de las playas puede variar semana a semana, especialmente despu\u00e9s de lluvias intensas que arrastran contaminantes hacia el mar.<\/p>\n<p>S\u00edntomas y advertencias m\u00e9dicas<\/p>\n<p>Especialistas en infectolog\u00eda advirtieron que la exposici\u00f3n a aguas contaminadas con E. coli puede provocar dolor abdominal, diarrea, n\u00e1useas y fiebre, con riesgo de deshidrataci\u00f3n, especialmente en ni\u00f1os, adultos mayores y personas con sistemas inmunol\u00f3gicos comprometidos. En los casos m\u00e1s severos, puede presentarse diarrea con sangre.<\/p>\n<p>\u201cEl mayor peligro est\u00e1 en el contacto directo con el agua contaminada. Al ingresar al mar o a lagunas no aptas, es pr\u00e1cticamente imposible evitar que la bacteria ingrese al organismo\u201d, explicaron profesionales de la salud.<\/p>\n<p>Recomendaciones clave para turistas<\/p>\n<div>\nFrente a este escenario, las autoridades brasile\u00f1as recomiendan:<\/p>\n<p>Consultar el mapa oficial de balneabilidad antes de ir a la playa.<br \/>\nEvitar ba\u00f1arse en zonas declaradas no aptas, especialmente despu\u00e9s de lluvias.<br \/>\nConsumir \u00fanicamente agua envasada, incluso para lavarse los dientes o higienizar alimentos.<\/p>\n<p>Evitar hielo de origen desconocido y alimentos crudos o mal cocidos.<br \/>\nExtremar la higiene de manos antes de comer.<\/p>\n<p>Ante la aparici\u00f3n de s\u00edntomas, se aconseja mantener una hidrataci\u00f3n constante y buscar atenci\u00f3n m\u00e9dica inmediata, especialmente si hay fiebre alta, v\u00f3mitos persistentes, sangre en las heces o signos de deshidrataci\u00f3n.<\/p><\/div>\n<\/div>\n","protected":false},"excerpt":{"rendered":"<p>Un brote de gastroenteritis de gran magnitud encendi\u00f3 las alarmas sanitarias en el sur de Brasil, particularmente en el estado de Santa Catarina, uno de los destinos m\u00e1s elegidos por turistas durante la temporada de verano. De acuerdo con cifras oficiales, m\u00e1s de 10.600 personas ya fueron atendidas por cuadros compatibles con enfermedades diarreicas agudas [&hellip;]<\/p>\n","protected":false},"author":2,"featured_media":5947,"comment_status":"open","ping_status":"open","sticky":false,"template":"","format":"standard","meta":{"footnotes":""},"categories":[81],"tags":[],"class_list":{"0":"post-5946","1":"post","2":"type-post","3":"status-publish","4":"format-standard","5":"has-post-thumbnail","7":"category-internacionales"},"_links":{"self":[{"href":"https:\/\/elpueblonoticia.com.ar\/web\/wp-json\/wp\/v2\/posts\/5946","targetHints":{"allow":["GET"]}}],"collection":[{"href":"https:\/\/elpueblonoticia.com.ar\/web\/wp-json\/wp\/v2\/posts"}],"about":[{"href":"https:\/\/elpueblonoticia.com.ar\/web\/wp-json\/wp\/v2\/types\/post"}],"author":[{"embeddable":true,"href":"https:\/\/elpueblonoticia.com.ar\/web\/wp-json\/wp\/v2\/users\/2"}],"replies":[{"embeddable":true,"href":"https:\/\/elpueblonoticia.com.ar\/web\/wp-json\/wp\/v2\/comments?post=5946"}],"version-history":[{"count":1,"href":"https:\/\/elpueblonoticia.com.ar\/web\/wp-json\/wp\/v2\/posts\/5946\/revisions"}],"predecessor-version":[{"id":5948,"href":"https:\/\/elpueblonoticia.com.ar\/web\/wp-json\/wp\/v2\/posts\/5946\/revisions\/5948"}],"wp:featuredmedia":[{"embeddable":true,"href":"https:\/\/elpueblonoticia.com.ar\/web\/wp-json\/wp\/v2\/media\/5947"}],"wp:attachment":[{"href":"https:\/\/elpueblonoticia.com.ar\/web\/wp-json\/wp\/v2\/media?parent=5946"}],"wp:term":[{"taxonomy":"category","embeddable":true,"href":"https:\/\/elpueblonoticia.com.ar\/web\/wp-json\/wp\/v2\/categories?post=5946"},{"taxonomy":"post_tag","embeddable":true,"href":"https:\/\/elpueblonoticia.com.ar\/web\/wp-json\/wp\/v2\/tags?post=5946"}],"curies":[{"name":"wp","href":"https:\/\/api.w.org\/{rel}","templated":true}]}}