{"id":5903,"date":"2026-01-22T10:46:08","date_gmt":"2026-01-22T13:46:08","guid":{"rendered":"https:\/\/elpueblonoticia.com.ar\/web\/?p=5903"},"modified":"2026-01-22T10:46:08","modified_gmt":"2026-01-22T13:46:08","slug":"milagro-en-la-ruta-12-una-familia-resulto-ilesa-tras-un-violento-siniestro-causado-por-un-camion","status":"publish","type":"post","link":"https:\/\/elpueblonoticia.com.ar\/web\/2026\/01\/22\/milagro-en-la-ruta-12-una-familia-resulto-ilesa-tras-un-violento-siniestro-causado-por-un-camion\/","title":{"rendered":"Milagro en la Ruta 12: una familia result\u00f3 ilesa tras un violento siniestro causado por un cami\u00f3n"},"content":{"rendered":"<p><img loading=\"lazy\" decoding=\"async\" class=\"wp-image-389122 entered lazyloaded\" src=\"https:\/\/www.diarioellibertador.com.ar\/wp-content\/uploads\/2026\/01\/617139250_1388460529957979_548622422009398039_n.jpg\" sizes=\"auto, (max-width: 604px) 100vw, 604px\" srcset=\"https:\/\/www.diarioellibertador.com.ar\/wp-content\/uploads\/2026\/01\/617139250_1388460529957979_548622422009398039_n.jpg 604w, https:\/\/www.diarioellibertador.com.ar\/wp-content\/uploads\/2026\/01\/617139250_1388460529957979_548622422009398039_n-150x183.jpg 150w, https:\/\/www.diarioellibertador.com.ar\/wp-content\/uploads\/2026\/01\/617139250_1388460529957979_548622422009398039_n-450x548.jpg 450w\" alt=\"\" width=\"604\" height=\"736\" data-lazy-srcset=\"https:\/\/www.diarioellibertador.com.ar\/wp-content\/uploads\/2026\/01\/617139250_1388460529957979_548622422009398039_n.jpg 604w, https:\/\/www.diarioellibertador.com.ar\/wp-content\/uploads\/2026\/01\/617139250_1388460529957979_548622422009398039_n-150x183.jpg 150w, https:\/\/www.diarioellibertador.com.ar\/wp-content\/uploads\/2026\/01\/617139250_1388460529957979_548622422009398039_n-450x548.jpg 450w\" data-lazy-sizes=\"(max-width: 604px) 100vw, 604px\" data-lazy-src=\"https:\/\/www.diarioellibertador.com.ar\/wp-content\/uploads\/2026\/01\/617139250_1388460529957979_548622422009398039_n.jpg\" data-ll-status=\"loaded\" \/><\/p>\n<p><img decoding=\"async\" src=\"https:\/\/www.diarioellibertador.com.ar\/wp-content\/uploads\/2026\/01\/618269686_1388460576624641_4813135653092113827_n.jpg\" \/><\/p>\n<p>Esta ma\u00f1ana, alrededor de las 07:40, se produjo un siniestro en el kil\u00f3metro 720 de la Ruta Nacional N\u00b012, a la altura del Paraje Duraznillo.<\/p>\n<div class=\"wp-block-image\"><\/div>\n<p>Seg\u00fan el reporte del Sistema Integral de Seguridad 911, un cami\u00f3n Ford Cargo 1933 perdi\u00f3 una de sus ruedas mientras circulaba, lo que gener\u00f3 una situaci\u00f3n de extremo peligro en la ruta.<\/p>\n<p>En sentido contrario, un Renault Fluence realiz\u00f3 una maniobra evasiva para evitar el impacto, pero termin\u00f3 fuera de control e impactando contra un poste de tendido el\u00e9ctrico.<\/p>\n<p>Seg\u00fan los datos de TN Goya, en el veh\u00edculo viajaban un hombre, una mujer y una menor de edad. Afortunadamente, ninguno de los ocupantes result\u00f3 herido, registr\u00e1ndose solo da\u00f1os materiales, aunque el susto fue enorme.<\/p>\n<p>&nbsp;<\/p>\n<div class=\"a-wrap a-wrap-base a-wrap-8 alignwide show-lg\"><\/div>\n","protected":false},"excerpt":{"rendered":"<p>Esta ma\u00f1ana, alrededor de las 07:40, se produjo un siniestro en el kil\u00f3metro 720 de la Ruta Nacional N\u00b012, a la altura del Paraje Duraznillo. Seg\u00fan el reporte del Sistema Integral de Seguridad 911, un cami\u00f3n Ford Cargo 1933 perdi\u00f3 una de sus ruedas mientras circulaba, lo que gener\u00f3 una situaci\u00f3n de extremo peligro en [&hellip;]<\/p>\n","protected":false},"author":2,"featured_media":5904,"comment_status":"open","ping_status":"open","sticky":false,"template":"","format":"standard","meta":{"footnotes":""},"categories":[68],"tags":[],"class_list":{"0":"post-5903","1":"post","2":"type-post","3":"status-publish","4":"format-standard","5":"has-post-thumbnail","7":"category-policiales-nacionales"},"_links":{"self":[{"href":"https:\/\/elpueblonoticia.com.ar\/web\/wp-json\/wp\/v2\/posts\/5903","targetHints":{"allow":["GET"]}}],"collection":[{"href":"https:\/\/elpueblonoticia.com.ar\/web\/wp-json\/wp\/v2\/posts"}],"about":[{"href":"https:\/\/elpueblonoticia.com.ar\/web\/wp-json\/wp\/v2\/types\/post"}],"author":[{"embeddable":true,"href":"https:\/\/elpueblonoticia.com.ar\/web\/wp-json\/wp\/v2\/users\/2"}],"replies":[{"embeddable":true,"href":"https:\/\/elpueblonoticia.com.ar\/web\/wp-json\/wp\/v2\/comments?post=5903"}],"version-history":[{"count":1,"href":"https:\/\/elpueblonoticia.com.ar\/web\/wp-json\/wp\/v2\/posts\/5903\/revisions"}],"predecessor-version":[{"id":5905,"href":"https:\/\/elpueblonoticia.com.ar\/web\/wp-json\/wp\/v2\/posts\/5903\/revisions\/5905"}],"wp:featuredmedia":[{"embeddable":true,"href":"https:\/\/elpueblonoticia.com.ar\/web\/wp-json\/wp\/v2\/media\/5904"}],"wp:attachment":[{"href":"https:\/\/elpueblonoticia.com.ar\/web\/wp-json\/wp\/v2\/media?parent=5903"}],"wp:term":[{"taxonomy":"category","embeddable":true,"href":"https:\/\/elpueblonoticia.com.ar\/web\/wp-json\/wp\/v2\/categories?post=5903"},{"taxonomy":"post_tag","embeddable":true,"href":"https:\/\/elpueblonoticia.com.ar\/web\/wp-json\/wp\/v2\/tags?post=5903"}],"curies":[{"name":"wp","href":"https:\/\/api.w.org\/{rel}","templated":true}]}}