{"id":5891,"date":"2026-01-22T10:14:22","date_gmt":"2026-01-22T13:14:22","guid":{"rendered":"https:\/\/elpueblonoticia.com.ar\/web\/?p=5891"},"modified":"2026-01-22T10:14:22","modified_gmt":"2026-01-22T13:14:22","slug":"canasta-basica-en-corrientes-una-familia-necesito-mas-de-un-millon-de-pesos-para-no-ser-pobre","status":"publish","type":"post","link":"https:\/\/elpueblonoticia.com.ar\/web\/2026\/01\/22\/canasta-basica-en-corrientes-una-familia-necesito-mas-de-un-millon-de-pesos-para-no-ser-pobre\/","title":{"rendered":"Canasta b\u00e1sica en Corrientes: una familia necesit\u00f3 m\u00e1s de un mill\u00f3n de pesos para no ser pobre"},"content":{"rendered":"<div class=\"article__headline\"><strong>Seg\u00fan el \u00faltimo relevamiento del ISEPCi, el costo de vida en la provincia registr\u00f3 un salto del 5% en diciembre. El rubro que m\u00e1s aument\u00f3.<\/strong><\/div>\n<p>&nbsp;<\/p>\n<p>El costo de vida en la provincia de\u00a0<strong>Corrientes<\/strong>\u00a0cerr\u00f3 el a\u00f1o con una fuerte presi\u00f3n sobre los bolsillos. Durante el mes de diciembre, una familia tipo de dos adultos y dos ni\u00f1os necesit\u00f3\u00a0<strong>$1.058.098,03<\/strong>\u00a0para acceder a la\u00a0<strong>Canasta B\u00e1sica Total (CBT)<\/strong>\u00a0y no caer por debajo de la l\u00ednea de pobreza. Los datos se desprenden del reciente informe del Instituto de Investigaci\u00f3n Social, Econ\u00f3mica y Pol\u00edtica Ciudadana (<strong>ISEPCi<\/strong>).<\/p>\n<p>Asimismo, el relevamiento \u2014realizado en m\u00e1s de 300 comercios de localidades como Capital, Goya, Empedrado y Curuz\u00fa Cuati\u00e1\u2014 determin\u00f3 que ese mismo n\u00facleo familiar precis\u00f3\u00a0<strong>$470.265,79<\/strong>\u00a0para cubrir la\u00a0<strong>Canasta B\u00e1sica Alimentaria (CBA)<\/strong>\u00a0y evitar la indigencia.<\/p>\n<h2><strong>Variaci\u00f3n anual y el impacto en las g\u00f3ndolas<\/strong><\/h2>\n<p>Al analizar el acumulado de 2025 (diciembre a diciembre), la suba de la canasta alimentaria alcanz\u00f3 el\u00a0<strong>18,39%<\/strong>, lo que representa un gasto extra de $73.049 en comparaci\u00f3n con el a\u00f1o anterior. Por su parte, la canasta total aument\u00f3 un\u00a0<strong>16,83%<\/strong>\u00a0en doce meses.<\/p>\n<p>El desglose por rubros muestra disparidades marcadas en los incrementos anuales:<\/p>\n<ul>\n<li><strong>Carnicer\u00eda:<\/strong>\u00a040,47%<\/li>\n<li><strong>Almac\u00e9n:<\/strong>\u00a011,00%<\/li>\n<li><strong>Verduler\u00eda:<\/strong>\u00a02,91%<\/li>\n<\/ul>\n<h2><strong>Diciembre: el mes de los aumentos en carne<\/strong><\/h2>\n<p>Silvana Lagra\u00f1a, directora del ISEPCi Corrientes, advirti\u00f3 que diciembre fue uno de los meses con mayores incrementos del a\u00f1o, solo superado por febrero. &#8220;El rubro de la CBA con mayor incremento en el mes de diciembre fue el de carnicer\u00eda, con un\u00a0<strong>6,34%<\/strong>&#8220;, explic\u00f3.<\/p>\n<p>Dentro de este rubro, algunos productos b\u00e1sicos para la mesa de los correntinos mostraron subas alarmantes: la\u00a0<strong>nalga<\/strong>\u00a0aument\u00f3 un\u00a0<strong>28,00%<\/strong>, el\u00a0<strong>pescado<\/strong>\u00a0un\u00a0<strong>22,22%<\/strong>, el\u00a0<strong>h\u00edgado<\/strong>\u00a0un\u00a0<strong>10,86%<\/strong>\u00a0y la\u00a0<strong>carnaza<\/strong>\u00a0un\u00a0<strong>7,37%<\/strong>.<\/p>\n<p>&#8220;La Canasta B\u00e1sica Total contin\u00faa siendo alta, impactando negativamente en los hogares ya que su costo se sostiene por encima de los ingresos, que siguen perdiendo&#8221;, sentenci\u00f3 Lagra\u00f1a sobre la brecha entre los salarios y el costo de los servicios esenciales y alimentos.<\/p>\n","protected":false},"excerpt":{"rendered":"<p>Seg\u00fan el \u00faltimo relevamiento del ISEPCi, el costo de vida en la provincia registr\u00f3 un salto del 5% en diciembre. El rubro que m\u00e1s aument\u00f3. &nbsp; El costo de vida en la provincia de\u00a0Corrientes\u00a0cerr\u00f3 el a\u00f1o con una fuerte presi\u00f3n sobre los bolsillos. Durante el mes de diciembre, una familia tipo de dos adultos y [&hellip;]<\/p>\n","protected":false},"author":2,"featured_media":5892,"comment_status":"open","ping_status":"open","sticky":false,"template":"","format":"standard","meta":{"footnotes":""},"categories":[65],"tags":[],"class_list":{"0":"post-5891","1":"post","2":"type-post","3":"status-publish","4":"format-standard","5":"has-post-thumbnail","7":"category-economia"},"_links":{"self":[{"href":"https:\/\/elpueblonoticia.com.ar\/web\/wp-json\/wp\/v2\/posts\/5891","targetHints":{"allow":["GET"]}}],"collection":[{"href":"https:\/\/elpueblonoticia.com.ar\/web\/wp-json\/wp\/v2\/posts"}],"about":[{"href":"https:\/\/elpueblonoticia.com.ar\/web\/wp-json\/wp\/v2\/types\/post"}],"author":[{"embeddable":true,"href":"https:\/\/elpueblonoticia.com.ar\/web\/wp-json\/wp\/v2\/users\/2"}],"replies":[{"embeddable":true,"href":"https:\/\/elpueblonoticia.com.ar\/web\/wp-json\/wp\/v2\/comments?post=5891"}],"version-history":[{"count":1,"href":"https:\/\/elpueblonoticia.com.ar\/web\/wp-json\/wp\/v2\/posts\/5891\/revisions"}],"predecessor-version":[{"id":5893,"href":"https:\/\/elpueblonoticia.com.ar\/web\/wp-json\/wp\/v2\/posts\/5891\/revisions\/5893"}],"wp:featuredmedia":[{"embeddable":true,"href":"https:\/\/elpueblonoticia.com.ar\/web\/wp-json\/wp\/v2\/media\/5892"}],"wp:attachment":[{"href":"https:\/\/elpueblonoticia.com.ar\/web\/wp-json\/wp\/v2\/media?parent=5891"}],"wp:term":[{"taxonomy":"category","embeddable":true,"href":"https:\/\/elpueblonoticia.com.ar\/web\/wp-json\/wp\/v2\/categories?post=5891"},{"taxonomy":"post_tag","embeddable":true,"href":"https:\/\/elpueblonoticia.com.ar\/web\/wp-json\/wp\/v2\/tags?post=5891"}],"curies":[{"name":"wp","href":"https:\/\/api.w.org\/{rel}","templated":true}]}}