{"id":5879,"date":"2026-01-22T09:50:23","date_gmt":"2026-01-22T12:50:23","guid":{"rendered":"https:\/\/elpueblonoticia.com.ar\/web\/?p=5879"},"modified":"2026-01-22T09:50:23","modified_gmt":"2026-01-22T12:50:23","slug":"peligro-de-incendios-forestales-el-60-del-pais-esta-en-riesgo-extremo-por-el-calor","status":"publish","type":"post","link":"https:\/\/elpueblonoticia.com.ar\/web\/2026\/01\/22\/peligro-de-incendios-forestales-el-60-del-pais-esta-en-riesgo-extremo-por-el-calor\/","title":{"rendered":"Peligro de incendios forestales: el 60% del pa\u00eds est\u00e1 en riesgo extremo por el calor"},"content":{"rendered":"<p><strong>El pron\u00f3stico del Servicio Meteorol\u00f3gico Nacional advierte que la\u00a0ola de calor\u00a0y la sequedad del aire elevan el riesgo de\u00a0incendios forestales.<\/strong><\/p>\n<p>&nbsp;<\/p>\n<p>Un reporte del Servicio Meteorol\u00f3gico Nacional encendi\u00f3 todas las alarmas en las \u00faltimas horas debido a las condiciones clim\u00e1ticas adversas. M\u00e1s del 60% del territorio nacional se encuentra bajo peligro extremo de incendios forestales, una situaci\u00f3n potenciada por la estabilidad atmosf\u00e9rica, la falta de precipitaciones y el viento norte que afecta a gran parte de la Argentina.<\/p>\n<p>El escenario es cr\u00edtico principalmente en la Patagonia, la regi\u00f3n pampeana, Cuyo y el Litoral. Si bien la ausencia de lluvias favorece a los veraneantes, la combinaci\u00f3n de sequ\u00eda y temperaturas que rozan los 40 grados genera un \u201ccombo letal\u201d para la propagaci\u00f3n del fuego. La \u00fanica excepci\u00f3n es el NOA, donde rigen alertas por tormentas.<\/p>\n<section class=\"detail-body\">\n<section class=\"body-content note-body content-protected-false\">\n<h2 data-path-to-node=\"10\"><strong>La ola de calor y el mapa de riesgo de incendios forestales<\/strong><\/h2>\n<p data-path-to-node=\"11\">El ascenso t\u00e9rmico es marcado. En el sur de la regi\u00f3n Pampeana y el norte de la Patagonia, los term\u00f3metros se ubican entre los 36\u00b0C y los 39\u00b0C. Provincias como\u00a0<strong data-path-to-node=\"11\" data-index-in-node=\"160\">La Pampa<\/strong>,\u00a0<strong data-path-to-node=\"11\" data-index-in-node=\"170\">R\u00edo Negro<\/strong>,\u00a0<strong data-path-to-node=\"11\" data-index-in-node=\"181\">Neuqu\u00e9n<\/strong>\u00a0y\u00a0<strong data-path-to-node=\"11\" data-index-in-node=\"191\">Chubut<\/strong>\u00a0son las m\u00e1s sofocantes, lo que mantiene el \u00edndice de peligrosidad en niveles m\u00e1ximos.<\/p>\n<\/section>\n<\/section>\n<section class=\"detail-body\">\n<section class=\"body-content note-body content-protected-false\">\n<p data-path-to-node=\"12\">Para este mi\u00e9rcoles, el panorama no mejora: se espera que se acent\u00fae el estr\u00e9s h\u00eddrico con vientos que podr\u00edan alcanzar r\u00e1fagas de hasta 90 km\/h en el este de Chubut, complicando a\u00fan m\u00e1s la contenci\u00f3n de posibles focos \u00edgneos.<\/p>\n<\/section>\n<\/section>\n<section class=\"detail-body\">\n<section class=\"body-content note-body content-protected-false\"><\/section>\n<\/section>\n<section class=\"detail-body\">\n<section class=\"body-content note-body content-protected-false\">\n<figure id=\"8178027-Libre-102198642_wrap\" class=\"embed_cont type_imagen\">\n<div id=\"8178027-Libre-102198642_content\" class=\"embed_content\"><img decoding=\"async\" src=\"https:\/\/media.minutouno.com\/p\/4bbefe6c96c55fd1c84175e722df7808\/adjuntos\/150\/imagenes\/043\/114\/0043114198\/610x0\/smart\/image.png\" data-src=\"https:\/\/media.minutouno.com\/p\/4bbefe6c96c55fd1c84175e722df7808\/adjuntos\/150\/imagenes\/043\/114\/0043114198\/610x0\/smart\/image.png\" data-td-src-property=\"&lt;a href=\" \/><\/div><figcaption class=\"embed_wrapper-cont\">\n<div id=\"8178027-Libre-102198642_epigrafe\" class=\"embed_epigrafe\"><\/div>\n<\/figcaption><\/figure>\n<h2 data-path-to-node=\"15\"><strong>Recomendaciones para evitar desastres<\/strong><\/h2>\n<p data-path-to-node=\"16\">Ante este panorama, las autoridades solicitan extremar los cuidados. Cualquier descuido puede desencadenar un desastre ambiental de magnitud.<\/p>\n<ul data-path-to-node=\"17\">\n<li>\n<p data-path-to-node=\"17,0,0\">No realizar quema de pastizales ni basura.<\/p>\n<\/li>\n<li>\n<p data-path-to-node=\"17,1,0\">No arrojar colillas de cigarrillos ni vidrios en rutas o campos.<\/p>\n<\/li>\n<li>\n<p data-path-to-node=\"17,2,0\">Apagar completamente las fogatas en zonas habilitadas.<\/p>\n<\/li>\n<li>\n<p data-path-to-node=\"17,3,0\">Dar aviso inmediato al 911 o Bomberos ante la visualizaci\u00f3n de humo.<\/p>\n<\/li>\n<\/ul>\n<p data-path-to-node=\"18\">Reci\u00e9n hacia el final de la semana podr\u00eda llegar un alivio con un cambio de masa de aire, aunque las precipitaciones seguir\u00e1n siendo escasas en la zona n\u00facleo.<\/p>\n<\/section>\n<\/section>\n","protected":false},"excerpt":{"rendered":"<p>El pron\u00f3stico del Servicio Meteorol\u00f3gico Nacional advierte que la\u00a0ola de calor\u00a0y la sequedad del aire elevan el riesgo de\u00a0incendios forestales. &nbsp; Un reporte del Servicio Meteorol\u00f3gico Nacional encendi\u00f3 todas las alarmas en las \u00faltimas horas debido a las condiciones clim\u00e1ticas adversas. M\u00e1s del 60% del territorio nacional se encuentra bajo peligro extremo de incendios forestales, [&hellip;]<\/p>\n","protected":false},"author":2,"featured_media":5880,"comment_status":"open","ping_status":"open","sticky":false,"template":"","format":"standard","meta":{"footnotes":""},"categories":[78],"tags":[],"class_list":{"0":"post-5879","1":"post","2":"type-post","3":"status-publish","4":"format-standard","5":"has-post-thumbnail","7":"category-generales"},"_links":{"self":[{"href":"https:\/\/elpueblonoticia.com.ar\/web\/wp-json\/wp\/v2\/posts\/5879","targetHints":{"allow":["GET"]}}],"collection":[{"href":"https:\/\/elpueblonoticia.com.ar\/web\/wp-json\/wp\/v2\/posts"}],"about":[{"href":"https:\/\/elpueblonoticia.com.ar\/web\/wp-json\/wp\/v2\/types\/post"}],"author":[{"embeddable":true,"href":"https:\/\/elpueblonoticia.com.ar\/web\/wp-json\/wp\/v2\/users\/2"}],"replies":[{"embeddable":true,"href":"https:\/\/elpueblonoticia.com.ar\/web\/wp-json\/wp\/v2\/comments?post=5879"}],"version-history":[{"count":1,"href":"https:\/\/elpueblonoticia.com.ar\/web\/wp-json\/wp\/v2\/posts\/5879\/revisions"}],"predecessor-version":[{"id":5881,"href":"https:\/\/elpueblonoticia.com.ar\/web\/wp-json\/wp\/v2\/posts\/5879\/revisions\/5881"}],"wp:featuredmedia":[{"embeddable":true,"href":"https:\/\/elpueblonoticia.com.ar\/web\/wp-json\/wp\/v2\/media\/5880"}],"wp:attachment":[{"href":"https:\/\/elpueblonoticia.com.ar\/web\/wp-json\/wp\/v2\/media?parent=5879"}],"wp:term":[{"taxonomy":"category","embeddable":true,"href":"https:\/\/elpueblonoticia.com.ar\/web\/wp-json\/wp\/v2\/categories?post=5879"},{"taxonomy":"post_tag","embeddable":true,"href":"https:\/\/elpueblonoticia.com.ar\/web\/wp-json\/wp\/v2\/tags?post=5879"}],"curies":[{"name":"wp","href":"https:\/\/api.w.org\/{rel}","templated":true}]}}