{"id":5868,"date":"2026-01-22T09:36:27","date_gmt":"2026-01-22T12:36:27","guid":{"rendered":"https:\/\/elpueblonoticia.com.ar\/web\/?p=5868"},"modified":"2026-01-22T09:36:27","modified_gmt":"2026-01-22T12:36:27","slug":"talleres-barriales-y-paseo-al-parque-acuatico-de-los-ninos-que-participan-de-las-actividades-en-las-escuelas-municipales","status":"publish","type":"post","link":"https:\/\/elpueblonoticia.com.ar\/web\/2026\/01\/22\/talleres-barriales-y-paseo-al-parque-acuatico-de-los-ninos-que-participan-de-las-actividades-en-las-escuelas-municipales\/","title":{"rendered":"Talleres barriales y paseo al Parque Acu\u00e1tico de los ni\u00f1os que participan de las actividades en las Escuelas Municipales."},"content":{"rendered":"<p><img loading=\"lazy\" decoding=\"async\" class=\"alignnone size-medium wp-image-5870\" src=\"https:\/\/elpueblonoticia.com.ar\/web\/wp-content\/uploads\/2026\/01\/escuela-de-verano-tallleres-en-los-barrios-1-300x169.jpg\" alt=\"\" width=\"300\" height=\"169\" srcset=\"https:\/\/elpueblonoticia.com.ar\/web\/wp-content\/uploads\/2026\/01\/escuela-de-verano-tallleres-en-los-barrios-1-300x169.jpg 300w, https:\/\/elpueblonoticia.com.ar\/web\/wp-content\/uploads\/2026\/01\/escuela-de-verano-tallleres-en-los-barrios-1-1024x576.jpg 1024w, https:\/\/elpueblonoticia.com.ar\/web\/wp-content\/uploads\/2026\/01\/escuela-de-verano-tallleres-en-los-barrios-1-768x432.jpg 768w, https:\/\/elpueblonoticia.com.ar\/web\/wp-content\/uploads\/2026\/01\/escuela-de-verano-tallleres-en-los-barrios-1-747x420.jpg 747w, https:\/\/elpueblonoticia.com.ar\/web\/wp-content\/uploads\/2026\/01\/escuela-de-verano-tallleres-en-los-barrios-1-696x392.jpg 696w, https:\/\/elpueblonoticia.com.ar\/web\/wp-content\/uploads\/2026\/01\/escuela-de-verano-tallleres-en-los-barrios-1-1068x601.jpg 1068w, https:\/\/elpueblonoticia.com.ar\/web\/wp-content\/uploads\/2026\/01\/escuela-de-verano-tallleres-en-los-barrios-1.jpg 1440w\" sizes=\"auto, (max-width: 300px) 100vw, 300px\" \/> <img loading=\"lazy\" decoding=\"async\" class=\"alignnone size-medium wp-image-5871\" src=\"https:\/\/elpueblonoticia.com.ar\/web\/wp-content\/uploads\/2026\/01\/escuela-de-verano-tallleres-en-los-barrios-2-300x169.jpg\" alt=\"\" width=\"300\" height=\"169\" srcset=\"https:\/\/elpueblonoticia.com.ar\/web\/wp-content\/uploads\/2026\/01\/escuela-de-verano-tallleres-en-los-barrios-2-300x169.jpg 300w, https:\/\/elpueblonoticia.com.ar\/web\/wp-content\/uploads\/2026\/01\/escuela-de-verano-tallleres-en-los-barrios-2-1024x576.jpg 1024w, https:\/\/elpueblonoticia.com.ar\/web\/wp-content\/uploads\/2026\/01\/escuela-de-verano-tallleres-en-los-barrios-2-768x432.jpg 768w, https:\/\/elpueblonoticia.com.ar\/web\/wp-content\/uploads\/2026\/01\/escuela-de-verano-tallleres-en-los-barrios-2-747x420.jpg 747w, https:\/\/elpueblonoticia.com.ar\/web\/wp-content\/uploads\/2026\/01\/escuela-de-verano-tallleres-en-los-barrios-2-696x392.jpg 696w, https:\/\/elpueblonoticia.com.ar\/web\/wp-content\/uploads\/2026\/01\/escuela-de-verano-tallleres-en-los-barrios-2-1068x601.jpg 1068w, https:\/\/elpueblonoticia.com.ar\/web\/wp-content\/uploads\/2026\/01\/escuela-de-verano-tallleres-en-los-barrios-2.jpg 1440w\" sizes=\"auto, (max-width: 300px) 100vw, 300px\" \/> <img loading=\"lazy\" decoding=\"async\" class=\"alignnone size-medium wp-image-5872\" src=\"https:\/\/elpueblonoticia.com.ar\/web\/wp-content\/uploads\/2026\/01\/escuela-de-verano-tallleres-en-los-barrios-3-300x169.jpg\" alt=\"\" width=\"300\" height=\"169\" srcset=\"https:\/\/elpueblonoticia.com.ar\/web\/wp-content\/uploads\/2026\/01\/escuela-de-verano-tallleres-en-los-barrios-3-300x169.jpg 300w, https:\/\/elpueblonoticia.com.ar\/web\/wp-content\/uploads\/2026\/01\/escuela-de-verano-tallleres-en-los-barrios-3-1024x576.jpg 1024w, https:\/\/elpueblonoticia.com.ar\/web\/wp-content\/uploads\/2026\/01\/escuela-de-verano-tallleres-en-los-barrios-3-768x432.jpg 768w, https:\/\/elpueblonoticia.com.ar\/web\/wp-content\/uploads\/2026\/01\/escuela-de-verano-tallleres-en-los-barrios-3-747x420.jpg 747w, https:\/\/elpueblonoticia.com.ar\/web\/wp-content\/uploads\/2026\/01\/escuela-de-verano-tallleres-en-los-barrios-3-696x392.jpg 696w, https:\/\/elpueblonoticia.com.ar\/web\/wp-content\/uploads\/2026\/01\/escuela-de-verano-tallleres-en-los-barrios-3-1068x601.jpg 1068w, https:\/\/elpueblonoticia.com.ar\/web\/wp-content\/uploads\/2026\/01\/escuela-de-verano-tallleres-en-los-barrios-3.jpg 1440w\" sizes=\"auto, (max-width: 300px) 100vw, 300px\" \/> <img loading=\"lazy\" decoding=\"async\" class=\"alignnone size-medium wp-image-5873\" src=\"https:\/\/elpueblonoticia.com.ar\/web\/wp-content\/uploads\/2026\/01\/escuela-de-verano-tallleres-en-los-barrios-4-paseo-al-parque-acuatico-300x157.jpg\" alt=\"\" width=\"300\" height=\"157\" srcset=\"https:\/\/elpueblonoticia.com.ar\/web\/wp-content\/uploads\/2026\/01\/escuela-de-verano-tallleres-en-los-barrios-4-paseo-al-parque-acuatico-300x157.jpg 300w, https:\/\/elpueblonoticia.com.ar\/web\/wp-content\/uploads\/2026\/01\/escuela-de-verano-tallleres-en-los-barrios-4-paseo-al-parque-acuatico-1024x536.jpg 1024w, https:\/\/elpueblonoticia.com.ar\/web\/wp-content\/uploads\/2026\/01\/escuela-de-verano-tallleres-en-los-barrios-4-paseo-al-parque-acuatico-768x402.jpg 768w, https:\/\/elpueblonoticia.com.ar\/web\/wp-content\/uploads\/2026\/01\/escuela-de-verano-tallleres-en-los-barrios-4-paseo-al-parque-acuatico-802x420.jpg 802w, https:\/\/elpueblonoticia.com.ar\/web\/wp-content\/uploads\/2026\/01\/escuela-de-verano-tallleres-en-los-barrios-4-paseo-al-parque-acuatico-696x364.jpg 696w, https:\/\/elpueblonoticia.com.ar\/web\/wp-content\/uploads\/2026\/01\/escuela-de-verano-tallleres-en-los-barrios-4-paseo-al-parque-acuatico-1068x559.jpg 1068w, https:\/\/elpueblonoticia.com.ar\/web\/wp-content\/uploads\/2026\/01\/escuela-de-verano-tallleres-en-los-barrios-4-paseo-al-parque-acuatico.jpg 1440w\" sizes=\"auto, (max-width: 300px) 100vw, 300px\" \/> <img loading=\"lazy\" decoding=\"async\" class=\"alignnone size-medium wp-image-5874\" src=\"https:\/\/elpueblonoticia.com.ar\/web\/wp-content\/uploads\/2026\/01\/escuela-de-verano-tallleres-en-los-barrios-6-paseo-al-parque-acuatico-300x225.jpg\" alt=\"\" width=\"300\" height=\"225\" srcset=\"https:\/\/elpueblonoticia.com.ar\/web\/wp-content\/uploads\/2026\/01\/escuela-de-verano-tallleres-en-los-barrios-6-paseo-al-parque-acuatico-300x225.jpg 300w, https:\/\/elpueblonoticia.com.ar\/web\/wp-content\/uploads\/2026\/01\/escuela-de-verano-tallleres-en-los-barrios-6-paseo-al-parque-acuatico-1024x768.jpg 1024w, https:\/\/elpueblonoticia.com.ar\/web\/wp-content\/uploads\/2026\/01\/escuela-de-verano-tallleres-en-los-barrios-6-paseo-al-parque-acuatico-768x576.jpg 768w, https:\/\/elpueblonoticia.com.ar\/web\/wp-content\/uploads\/2026\/01\/escuela-de-verano-tallleres-en-los-barrios-6-paseo-al-parque-acuatico-560x420.jpg 560w, https:\/\/elpueblonoticia.com.ar\/web\/wp-content\/uploads\/2026\/01\/escuela-de-verano-tallleres-en-los-barrios-6-paseo-al-parque-acuatico-80x60.jpg 80w, https:\/\/elpueblonoticia.com.ar\/web\/wp-content\/uploads\/2026\/01\/escuela-de-verano-tallleres-en-los-barrios-6-paseo-al-parque-acuatico-696x522.jpg 696w, https:\/\/elpueblonoticia.com.ar\/web\/wp-content\/uploads\/2026\/01\/escuela-de-verano-tallleres-en-los-barrios-6-paseo-al-parque-acuatico-1068x801.jpg 1068w, https:\/\/elpueblonoticia.com.ar\/web\/wp-content\/uploads\/2026\/01\/escuela-de-verano-tallleres-en-los-barrios-6-paseo-al-parque-acuatico-265x198.jpg 265w, https:\/\/elpueblonoticia.com.ar\/web\/wp-content\/uploads\/2026\/01\/escuela-de-verano-tallleres-en-los-barrios-6-paseo-al-parque-acuatico.jpg 1440w\" sizes=\"auto, (max-width: 300px) 100vw, 300px\" \/> <img loading=\"lazy\" decoding=\"async\" class=\"alignnone size-medium wp-image-5875\" src=\"https:\/\/elpueblonoticia.com.ar\/web\/wp-content\/uploads\/2026\/01\/escuela-de-verano-tallleres-en-los-barrios-7-paseo-al-parque-acuatico-300x200.jpg\" alt=\"\" width=\"300\" height=\"200\" srcset=\"https:\/\/elpueblonoticia.com.ar\/web\/wp-content\/uploads\/2026\/01\/escuela-de-verano-tallleres-en-los-barrios-7-paseo-al-parque-acuatico-300x200.jpg 300w, https:\/\/elpueblonoticia.com.ar\/web\/wp-content\/uploads\/2026\/01\/escuela-de-verano-tallleres-en-los-barrios-7-paseo-al-parque-acuatico-1024x682.jpg 1024w, https:\/\/elpueblonoticia.com.ar\/web\/wp-content\/uploads\/2026\/01\/escuela-de-verano-tallleres-en-los-barrios-7-paseo-al-parque-acuatico-768x512.jpg 768w, https:\/\/elpueblonoticia.com.ar\/web\/wp-content\/uploads\/2026\/01\/escuela-de-verano-tallleres-en-los-barrios-7-paseo-al-parque-acuatico-1536x1023.jpg 1536w, https:\/\/elpueblonoticia.com.ar\/web\/wp-content\/uploads\/2026\/01\/escuela-de-verano-tallleres-en-los-barrios-7-paseo-al-parque-acuatico-630x420.jpg 630w, https:\/\/elpueblonoticia.com.ar\/web\/wp-content\/uploads\/2026\/01\/escuela-de-verano-tallleres-en-los-barrios-7-paseo-al-parque-acuatico-696x464.jpg 696w, https:\/\/elpueblonoticia.com.ar\/web\/wp-content\/uploads\/2026\/01\/escuela-de-verano-tallleres-en-los-barrios-7-paseo-al-parque-acuatico-1068x712.jpg 1068w, https:\/\/elpueblonoticia.com.ar\/web\/wp-content\/uploads\/2026\/01\/escuela-de-verano-tallleres-en-los-barrios-7-paseo-al-parque-acuatico.jpg 1600w\" sizes=\"auto, (max-width: 300px) 100vw, 300px\" \/> <img loading=\"lazy\" decoding=\"async\" class=\"alignnone size-medium wp-image-5876\" src=\"https:\/\/elpueblonoticia.com.ar\/web\/wp-content\/uploads\/2026\/01\/escuela-de-verano-tallleres-en-los-barrios-8-paseo-al-parque-acuatico-300x200.jpg\" alt=\"\" width=\"300\" height=\"200\" srcset=\"https:\/\/elpueblonoticia.com.ar\/web\/wp-content\/uploads\/2026\/01\/escuela-de-verano-tallleres-en-los-barrios-8-paseo-al-parque-acuatico-300x200.jpg 300w, https:\/\/elpueblonoticia.com.ar\/web\/wp-content\/uploads\/2026\/01\/escuela-de-verano-tallleres-en-los-barrios-8-paseo-al-parque-acuatico-1024x682.jpg 1024w, https:\/\/elpueblonoticia.com.ar\/web\/wp-content\/uploads\/2026\/01\/escuela-de-verano-tallleres-en-los-barrios-8-paseo-al-parque-acuatico-768x512.jpg 768w, https:\/\/elpueblonoticia.com.ar\/web\/wp-content\/uploads\/2026\/01\/escuela-de-verano-tallleres-en-los-barrios-8-paseo-al-parque-acuatico-1536x1023.jpg 1536w, https:\/\/elpueblonoticia.com.ar\/web\/wp-content\/uploads\/2026\/01\/escuela-de-verano-tallleres-en-los-barrios-8-paseo-al-parque-acuatico-630x420.jpg 630w, https:\/\/elpueblonoticia.com.ar\/web\/wp-content\/uploads\/2026\/01\/escuela-de-verano-tallleres-en-los-barrios-8-paseo-al-parque-acuatico-696x464.jpg 696w, https:\/\/elpueblonoticia.com.ar\/web\/wp-content\/uploads\/2026\/01\/escuela-de-verano-tallleres-en-los-barrios-8-paseo-al-parque-acuatico-1068x712.jpg 1068w, https:\/\/elpueblonoticia.com.ar\/web\/wp-content\/uploads\/2026\/01\/escuela-de-verano-tallleres-en-los-barrios-8-paseo-al-parque-acuatico.jpg 1600w\" sizes=\"auto, (max-width: 300px) 100vw, 300px\" \/><\/p>\n<p class=\"x_MsoNormal\"><span data-olk-copy-source=\"MessageBody\">ESCUELA DE VERANO:<\/span><\/p>\n<p class=\"x_MsoNormal\"><span data-olk-copy-source=\"MessageBody\">En la continuidad del Programa Integral de Verano, impulsado por la Municipalidad de Goya, en la jornada del martes se desarrollaron los diferentes talleres con el prop\u00f3sito de acompa\u00f1ar a las infancias con propuestas que promueven el juego, la imaginaci\u00f3n y el compartir.<\/span><\/p>\n<p class=\"x_MsoNormal\">Con todos los cupos completos, estos son los espacios de formaci\u00f3n, recreaci\u00f3n que se llevan adelante en las sedes barriales o de instituciones sociales de la ciudad.<\/p>\n<p class=\"x_MsoNormal\">\n<p class=\"x_MsoNormal\">Barrio Belgrano: Taller recreativo y did\u00e1ctico a cargo de la Direcci\u00f3n de Juventud.<\/p>\n<p class=\"x_MsoNormal\">Barrio La Rotonda: Taller de Dibujo y Arte.<\/p>\n<p class=\"x_MsoNormal\">C\u00e1ritas del Barrio Sarmiento: Taller de Manualidades y Reciclado.<\/p>\n<p class=\"x_MsoNormal\">\n<p class=\"x_MsoNormal\">PASEO AL PARQUE ACUATICO<\/p>\n<p class=\"x_MsoNormal\">Durante la ma\u00f1ana del d\u00eda martes, los ni\u00f1os y adolescentes que asisten a los diferentes Talleres de Verano dictados en la Escuela Municipal Antonio Villarreal; fue el turno de disfrutar del Parque Acu\u00e1tico.<\/p>\n<p class=\"x_MsoNormal\">Una ma\u00f1ana de aprendizaje, juegos, alegr\u00eda y diversi\u00f3n<\/p>\n","protected":false},"excerpt":{"rendered":"<p>ESCUELA DE VERANO: En la continuidad del Programa Integral de Verano, impulsado por la Municipalidad de Goya, en la jornada del martes se desarrollaron los diferentes talleres con el prop\u00f3sito de acompa\u00f1ar a las infancias con propuestas que promueven el juego, la imaginaci\u00f3n y el compartir. Con todos los cupos completos, estos son los espacios [&hellip;]<\/p>\n","protected":false},"author":2,"featured_media":5869,"comment_status":"open","ping_status":"open","sticky":false,"template":"","format":"standard","meta":{"footnotes":""},"categories":[56],"tags":[],"class_list":{"0":"post-5868","1":"post","2":"type-post","3":"status-publish","4":"format-standard","5":"has-post-thumbnail","7":"category-locales"},"_links":{"self":[{"href":"https:\/\/elpueblonoticia.com.ar\/web\/wp-json\/wp\/v2\/posts\/5868","targetHints":{"allow":["GET"]}}],"collection":[{"href":"https:\/\/elpueblonoticia.com.ar\/web\/wp-json\/wp\/v2\/posts"}],"about":[{"href":"https:\/\/elpueblonoticia.com.ar\/web\/wp-json\/wp\/v2\/types\/post"}],"author":[{"embeddable":true,"href":"https:\/\/elpueblonoticia.com.ar\/web\/wp-json\/wp\/v2\/users\/2"}],"replies":[{"embeddable":true,"href":"https:\/\/elpueblonoticia.com.ar\/web\/wp-json\/wp\/v2\/comments?post=5868"}],"version-history":[{"count":1,"href":"https:\/\/elpueblonoticia.com.ar\/web\/wp-json\/wp\/v2\/posts\/5868\/revisions"}],"predecessor-version":[{"id":5877,"href":"https:\/\/elpueblonoticia.com.ar\/web\/wp-json\/wp\/v2\/posts\/5868\/revisions\/5877"}],"wp:featuredmedia":[{"embeddable":true,"href":"https:\/\/elpueblonoticia.com.ar\/web\/wp-json\/wp\/v2\/media\/5869"}],"wp:attachment":[{"href":"https:\/\/elpueblonoticia.com.ar\/web\/wp-json\/wp\/v2\/media?parent=5868"}],"wp:term":[{"taxonomy":"category","embeddable":true,"href":"https:\/\/elpueblonoticia.com.ar\/web\/wp-json\/wp\/v2\/categories?post=5868"},{"taxonomy":"post_tag","embeddable":true,"href":"https:\/\/elpueblonoticia.com.ar\/web\/wp-json\/wp\/v2\/tags?post=5868"}],"curies":[{"name":"wp","href":"https:\/\/api.w.org\/{rel}","templated":true}]}}