{"id":5853,"date":"2026-01-21T19:37:08","date_gmt":"2026-01-21T22:37:08","guid":{"rendered":"https:\/\/elpueblonoticia.com.ar\/web\/?p=5853"},"modified":"2026-01-21T19:37:08","modified_gmt":"2026-01-21T22:37:08","slug":"carnaval-2026-se-habilita-la-acreditacion-para-medios-de-comunicacion-y-fotografos","status":"publish","type":"post","link":"https:\/\/elpueblonoticia.com.ar\/web\/2026\/01\/21\/carnaval-2026-se-habilita-la-acreditacion-para-medios-de-comunicacion-y-fotografos\/","title":{"rendered":"Carnaval 2026: se habilita la acreditaci\u00f3n para medios de comunicaci\u00f3n y fot\u00f3grafos"},"content":{"rendered":"<p><strong>Carnavales 2026<\/strong><\/p>\n<p>La Comisi\u00f3n de Carnaval de la Municipalidad de Paso de los Libres informa a los medios de comunicaci\u00f3n y fot\u00f3grafos que se encuentra habilitado el proceso de acreditaci\u00f3n para el Carnaval 2026, la fiesta popular m\u00e1s importante de nuestra ciudad, que dar\u00e1 inicio el pr\u00f3ximo 31 de enero.<\/p>\n<p>Con el objetivo de garantizar una adecuada organizaci\u00f3n y cobertura del evento, quienes deseen acreditarse deber\u00e1n enviar un correo electr\u00f3nico con los siguientes datos:<\/p>\n<p>&#8211; Nombre y apellido<\/p>\n<p>&#8211; Nombre del medio de comunicaci\u00f3n o nombre del fot\u00f3grafo<\/p>\n<p>&#8211; Cantidad de integrantes a acreditar<\/p>\n<p>Se establece un m\u00e1ximo de cuatro (4) personas por medio.<\/p>\n<p>La informaci\u00f3n deber\u00e1 remitirse al correo electr\u00f3nico:\u00a0<a title=\"mailto:prensaoficialpasodeloslibres@gmail.com\" href=\"mailto:prensaoficialpasodeloslibres@gmail.com\" data-linkindex=\"0\">prensaoficialpasodeloslibres@gmail.com<\/a>.<\/p>\n<div dir=\"auto\">N\u00famero de contacto para consultas 3772 575381.<\/div>\n<p>El Carnaval de Paso de los Libres est\u00e1 cada vez m\u00e1s cerca y, como cada a\u00f1o, convoca a miles de vecinos, turistas y visitantes. Desde la organizaci\u00f3n, se invita a los medios de comunicaci\u00f3n a ser parte de esta gran celebraci\u00f3n, acompa\u00f1ando y difundiendo una de las expresiones culturales y tur\u00edsticas m\u00e1s importantes de la regi\u00f3n.<\/p>\n<p>Para m\u00e1s informaci\u00f3n, se solicita mantenerse atentos a los canales oficiales del Municipio y de la Comisi\u00f3n de Carnaval.<\/p>\n","protected":false},"excerpt":{"rendered":"<p>Carnavales 2026 La Comisi\u00f3n de Carnaval de la Municipalidad de Paso de los Libres informa a los medios de comunicaci\u00f3n y fot\u00f3grafos que se encuentra habilitado el proceso de acreditaci\u00f3n para el Carnaval 2026, la fiesta popular m\u00e1s importante de nuestra ciudad, que dar\u00e1 inicio el pr\u00f3ximo 31 de enero. Con el objetivo de garantizar [&hellip;]<\/p>\n","protected":false},"author":2,"featured_media":5854,"comment_status":"open","ping_status":"open","sticky":false,"template":"","format":"standard","meta":{"footnotes":""},"categories":[77],"tags":[],"class_list":{"0":"post-5853","1":"post","2":"type-post","3":"status-publish","4":"format-standard","5":"has-post-thumbnail","7":"category-paso-de-los-libres"},"_links":{"self":[{"href":"https:\/\/elpueblonoticia.com.ar\/web\/wp-json\/wp\/v2\/posts\/5853","targetHints":{"allow":["GET"]}}],"collection":[{"href":"https:\/\/elpueblonoticia.com.ar\/web\/wp-json\/wp\/v2\/posts"}],"about":[{"href":"https:\/\/elpueblonoticia.com.ar\/web\/wp-json\/wp\/v2\/types\/post"}],"author":[{"embeddable":true,"href":"https:\/\/elpueblonoticia.com.ar\/web\/wp-json\/wp\/v2\/users\/2"}],"replies":[{"embeddable":true,"href":"https:\/\/elpueblonoticia.com.ar\/web\/wp-json\/wp\/v2\/comments?post=5853"}],"version-history":[{"count":1,"href":"https:\/\/elpueblonoticia.com.ar\/web\/wp-json\/wp\/v2\/posts\/5853\/revisions"}],"predecessor-version":[{"id":5855,"href":"https:\/\/elpueblonoticia.com.ar\/web\/wp-json\/wp\/v2\/posts\/5853\/revisions\/5855"}],"wp:featuredmedia":[{"embeddable":true,"href":"https:\/\/elpueblonoticia.com.ar\/web\/wp-json\/wp\/v2\/media\/5854"}],"wp:attachment":[{"href":"https:\/\/elpueblonoticia.com.ar\/web\/wp-json\/wp\/v2\/media?parent=5853"}],"wp:term":[{"taxonomy":"category","embeddable":true,"href":"https:\/\/elpueblonoticia.com.ar\/web\/wp-json\/wp\/v2\/categories?post=5853"},{"taxonomy":"post_tag","embeddable":true,"href":"https:\/\/elpueblonoticia.com.ar\/web\/wp-json\/wp\/v2\/tags?post=5853"}],"curies":[{"name":"wp","href":"https:\/\/api.w.org\/{rel}","templated":true}]}}