{"id":5850,"date":"2026-01-21T19:03:56","date_gmt":"2026-01-21T22:03:56","guid":{"rendered":"https:\/\/elpueblonoticia.com.ar\/web\/?p=5850"},"modified":"2026-01-21T19:03:56","modified_gmt":"2026-01-21T22:03:56","slug":"goya-cazadores-furtivos-atacaron-a-tiros-y-con-machete-a-la-policia","status":"publish","type":"post","link":"https:\/\/elpueblonoticia.com.ar\/web\/2026\/01\/21\/goya-cazadores-furtivos-atacaron-a-tiros-y-con-machete-a-la-policia\/","title":{"rendered":"Goya: Cazadores furtivos atacaron a tiros y con machete a la polic\u00eda"},"content":{"rendered":"<p>La madrugada fue tensa sobre el r\u00edo Paran\u00e1. Personal de la Polic\u00eda Rural y Ecol\u00f3gica de Goya patrullaba la zona del kil\u00f3metro 905, en cercan\u00edas de Isla Malabrigo, cuando intent\u00f3 identificar una embarcaci\u00f3n sospechosa. En ese momento, los ocupantes respondieron a los tiros.<\/p>\n<p>Los agresores intentaron escapar y la situaci\u00f3n se volvi\u00f3 a\u00fan m\u00e1s peligrosa cuando atacaron a los polic\u00edas con un machete. Tras un operativo conjunto y el uso proporcional de la fuerza, los efectivos lograron reducirlos.<\/p>\n<p>En el procedimiento fueron detenidos dos hombres, ambos oriundos de la provincia de Santa Fe. Adem\u00e1s de la embarcaci\u00f3n, se secuestraron armas de fuego, elementos utilizados para la caza furtiva y una cantidad importante de coca\u00edna, cercana a los 40 gramos.<\/p>\n<p>Horas m\u00e1s tarde, y en el marco de los controles preventivos, el personal policial intercept\u00f3 otra embarcaci\u00f3n a la altura del kil\u00f3metro 723 del r\u00edo Paran\u00e1, en el sector conocido como Punta Arena. All\u00ed viajaban tres personas que transportaban un arma larga, un carpincho faenado, pescados, redes, machetes y cuchillos.<\/p>\n<p>Por disposici\u00f3n del Fiscal Rural de Goya, se iniciaron actuaciones de oficio por tentativa de homicidio, infracci\u00f3n a la Ley de Fauna Silvestre, portaci\u00f3n ilegal de armas y otras infracciones. Todos los elementos fueron secuestrados y las personas involucradas quedaron identificadas y supeditadas a la causa.<\/p>\n","protected":false},"excerpt":{"rendered":"<p>La madrugada fue tensa sobre el r\u00edo Paran\u00e1. Personal de la Polic\u00eda Rural y Ecol\u00f3gica de Goya patrullaba la zona del kil\u00f3metro 905, en cercan\u00edas de Isla Malabrigo, cuando intent\u00f3 identificar una embarcaci\u00f3n sospechosa. En ese momento, los ocupantes respondieron a los tiros. Los agresores intentaron escapar y la situaci\u00f3n se volvi\u00f3 a\u00fan m\u00e1s peligrosa [&hellip;]<\/p>\n","protected":false},"author":2,"featured_media":5851,"comment_status":"open","ping_status":"open","sticky":false,"template":"","format":"standard","meta":{"footnotes":""},"categories":[68],"tags":[],"class_list":{"0":"post-5850","1":"post","2":"type-post","3":"status-publish","4":"format-standard","5":"has-post-thumbnail","7":"category-policiales-nacionales"},"_links":{"self":[{"href":"https:\/\/elpueblonoticia.com.ar\/web\/wp-json\/wp\/v2\/posts\/5850","targetHints":{"allow":["GET"]}}],"collection":[{"href":"https:\/\/elpueblonoticia.com.ar\/web\/wp-json\/wp\/v2\/posts"}],"about":[{"href":"https:\/\/elpueblonoticia.com.ar\/web\/wp-json\/wp\/v2\/types\/post"}],"author":[{"embeddable":true,"href":"https:\/\/elpueblonoticia.com.ar\/web\/wp-json\/wp\/v2\/users\/2"}],"replies":[{"embeddable":true,"href":"https:\/\/elpueblonoticia.com.ar\/web\/wp-json\/wp\/v2\/comments?post=5850"}],"version-history":[{"count":1,"href":"https:\/\/elpueblonoticia.com.ar\/web\/wp-json\/wp\/v2\/posts\/5850\/revisions"}],"predecessor-version":[{"id":5852,"href":"https:\/\/elpueblonoticia.com.ar\/web\/wp-json\/wp\/v2\/posts\/5850\/revisions\/5852"}],"wp:featuredmedia":[{"embeddable":true,"href":"https:\/\/elpueblonoticia.com.ar\/web\/wp-json\/wp\/v2\/media\/5851"}],"wp:attachment":[{"href":"https:\/\/elpueblonoticia.com.ar\/web\/wp-json\/wp\/v2\/media?parent=5850"}],"wp:term":[{"taxonomy":"category","embeddable":true,"href":"https:\/\/elpueblonoticia.com.ar\/web\/wp-json\/wp\/v2\/categories?post=5850"},{"taxonomy":"post_tag","embeddable":true,"href":"https:\/\/elpueblonoticia.com.ar\/web\/wp-json\/wp\/v2\/tags?post=5850"}],"curies":[{"name":"wp","href":"https:\/\/api.w.org\/{rel}","templated":true}]}}