{"id":5845,"date":"2026-01-21T17:41:37","date_gmt":"2026-01-21T20:41:37","guid":{"rendered":"https:\/\/elpueblonoticia.com.ar\/web\/?p=5845"},"modified":"2026-01-21T17:41:37","modified_gmt":"2026-01-21T20:41:37","slug":"encuentro-institucional-el-gobernador-valdes-recibio-a-la-diputada-brambilla-en-el-centro-administrativo-de-corrientes","status":"publish","type":"post","link":"https:\/\/elpueblonoticia.com.ar\/web\/2026\/01\/21\/encuentro-institucional-el-gobernador-valdes-recibio-a-la-diputada-brambilla-en-el-centro-administrativo-de-corrientes\/","title":{"rendered":"ENCUENTRO INSTITUCIONAL: El gobernador Vald\u00e9s recibi\u00f3 a la diputada Brambilla en el Centro Administrativo de Corrientes"},"content":{"rendered":"<div id=\"modalIntrotext\">\n<div>El gobernador Juan Pablo Vald\u00e9s mantuvo un encuentro institucional con la legisladora provincial, Sof\u00eda Brambilla. El mismo tuvo lugar en el despacho oficial del mandatario, ubicado en el Centro Administrativo de Capital.<\/div>\n<div>&#8220;Recib\u00ed a la diputada provincial Sof\u00eda Brambilla, dialogando sobre temas importantes para seguir trabajando por Corrientes&#8221;, expres\u00f3 en la fecha, por medio de la red social, el titular del Ejecutivo.<\/div>\n<\/div>\n","protected":false},"excerpt":{"rendered":"<p>El gobernador Juan Pablo Vald\u00e9s mantuvo un encuentro institucional con la legisladora provincial, Sof\u00eda Brambilla. El mismo tuvo lugar en el despacho oficial del mandatario, ubicado en el Centro Administrativo de Capital. &#8220;Recib\u00ed a la diputada provincial Sof\u00eda Brambilla, dialogando sobre temas importantes para seguir trabajando por Corrientes&#8221;, expres\u00f3 en la fecha, por medio de [&hellip;]<\/p>\n","protected":false},"author":2,"featured_media":5846,"comment_status":"open","ping_status":"open","sticky":false,"template":"","format":"standard","meta":{"footnotes":""},"categories":[78],"tags":[],"class_list":{"0":"post-5845","1":"post","2":"type-post","3":"status-publish","4":"format-standard","5":"has-post-thumbnail","7":"category-generales"},"_links":{"self":[{"href":"https:\/\/elpueblonoticia.com.ar\/web\/wp-json\/wp\/v2\/posts\/5845","targetHints":{"allow":["GET"]}}],"collection":[{"href":"https:\/\/elpueblonoticia.com.ar\/web\/wp-json\/wp\/v2\/posts"}],"about":[{"href":"https:\/\/elpueblonoticia.com.ar\/web\/wp-json\/wp\/v2\/types\/post"}],"author":[{"embeddable":true,"href":"https:\/\/elpueblonoticia.com.ar\/web\/wp-json\/wp\/v2\/users\/2"}],"replies":[{"embeddable":true,"href":"https:\/\/elpueblonoticia.com.ar\/web\/wp-json\/wp\/v2\/comments?post=5845"}],"version-history":[{"count":1,"href":"https:\/\/elpueblonoticia.com.ar\/web\/wp-json\/wp\/v2\/posts\/5845\/revisions"}],"predecessor-version":[{"id":5847,"href":"https:\/\/elpueblonoticia.com.ar\/web\/wp-json\/wp\/v2\/posts\/5845\/revisions\/5847"}],"wp:featuredmedia":[{"embeddable":true,"href":"https:\/\/elpueblonoticia.com.ar\/web\/wp-json\/wp\/v2\/media\/5846"}],"wp:attachment":[{"href":"https:\/\/elpueblonoticia.com.ar\/web\/wp-json\/wp\/v2\/media?parent=5845"}],"wp:term":[{"taxonomy":"category","embeddable":true,"href":"https:\/\/elpueblonoticia.com.ar\/web\/wp-json\/wp\/v2\/categories?post=5845"},{"taxonomy":"post_tag","embeddable":true,"href":"https:\/\/elpueblonoticia.com.ar\/web\/wp-json\/wp\/v2\/tags?post=5845"}],"curies":[{"name":"wp","href":"https:\/\/api.w.org\/{rel}","templated":true}]}}