{"id":5841,"date":"2026-01-21T17:28:22","date_gmt":"2026-01-21T20:28:22","guid":{"rendered":"https:\/\/elpueblonoticia.com.ar\/web\/?p=5841"},"modified":"2026-01-21T17:28:22","modified_gmt":"2026-01-21T20:28:22","slug":"empedrado-presento-la-fiesta-provincial-del-rio-en-casa-de-gobierno","status":"publish","type":"post","link":"https:\/\/elpueblonoticia.com.ar\/web\/2026\/01\/21\/empedrado-presento-la-fiesta-provincial-del-rio-en-casa-de-gobierno\/","title":{"rendered":"EMPEDRADO PRESENT\u00d3 LA FIESTA PROVINCIAL DEL RIO EN CASA DE GOBIERNO"},"content":{"rendered":"<p><strong>El verano en Corrientes ofrece a turistas y a los propios correntinos m\u00faltiples propuestas para disfrutar de festivales, playas y espect\u00e1culos. En ese marco, este martes se present\u00f3 en Casa de Gobierno la Fiesta Provincial del Rio, que se realizar\u00e1 el viernes 30 en el camping municipal \u201cGer\u00f3nimo Merello\u201d de Empedrado.<\/strong><\/p>\n<p>&nbsp;<\/p>\n<p>La Fiesta forma parte del calendario tur\u00edstico provincial y propone una jornada que combina playa, camping, turismo y actividades recreativas vinculadas al entorno natural. Entre las propuestas previstas se incluyen deportes acu\u00e1ticos, espect\u00e1culos musicales y actividades n\u00e1uticas.<\/p>\n<p>El evento contar\u00e1 adem\u00e1s con artistas invitados, la elecci\u00f3n de la reina de la Fiesta del R\u00edo y la participaci\u00f3n de DJs, consolid\u00e1ndose como una de las principales atracciones del verano en Empedrado.<\/p>\n<p>El ministro de Turismo, Juan Enrique Braillard Poccard se\u00f1al\u00f3 durante el acto que el objetivo de su cartera es &#8220;volver a posicionar a Empedrado como uno de los puntos con mayor afluencia de visitantes en la provincia\u201d.<\/p>\n<p>En relaci\u00f3n a la ubicaci\u00f3n de la localidad, el ministro destac\u00f3 su proximidad con la ciudad capital, lo cual permite el desarrollo de experiencias tur\u00edsticas complementarias. Asimismo, explic\u00f3 que los eventos provinciales funcionan como &#8220;llamadores&#8221; para el resto de los destinos. En ese sentido, inform\u00f3 que la oferta de Empedrado se integrar\u00e1 a los canales de promoci\u00f3n y comunicaci\u00f3n oficiales para captar al p\u00fablico que asiste a la &#8220;Fiesta Nacional del Chamam\u00e9&#8221; o al carnaval.<\/p>\n<p>Braillard Poccard subray\u00f3 que estas acciones responden a una directiva del gobernador Juan Pablo Vald\u00e9s de priorizar el beneficio de los ciudadanos. &#8220;Estamos convencidos que el turismo es un generador de oportunidades y de ingresos para la provincia&#8221;, manifest\u00f3 el titular de la cartera.<\/p>\n<p>Finalmente, el ministro ratific\u00f3 el apoyo del Gobierno provincial para el crecimiento de los destinos tur\u00edsticos y se refiri\u00f3 a la celebraci\u00f3n por el bicentenario de la localidad, programada para el mes de agosto.<\/p>\n<p><strong>Intendente Echeverr\u00eda<\/strong><\/p>\n<p>En intendente de Empedrado, Fernando Echeverr\u00eda encabez\u00f3 la presentaci\u00f3n de la temporada tur\u00edstica 2026 y destac\u00f3 la identidad, la historia y el potencial natural y cultural del municipio, de cara adem\u00e1s a la celebraci\u00f3n de su Bicentenario.<\/p>\n<p>Durante su mensaje, el jefe comunal remarc\u00f3 el orgullo de pertenecer a una comunidad con profundas ra\u00edces. En ese sentido, defini\u00f3 a Empedrado como \u201cel pueblo del Cristo Hallado\u201d, en referencia al origen hist\u00f3rico y religioso de la localidad, pero tambi\u00e9n como el pueblo de sus barrios, de sus tradiciones y de su gente.<\/p>\n<p>En materia tur\u00edstica, el intendente subray\u00f3 que la localidad ofrece naturaleza, tranquilidad y seguridad, y anunci\u00f3 importantes avances para la temporada de verano. Entre ellos, mencion\u00f3 la ampliaci\u00f3n de la playa a casi 300 metros, el fortalecimiento del trabajo con socorristas, y el objetivo de consolidar a Empedrado como una de las primeras playas cardioprotegidas del Nordeste, con capacitaciones en RCP y salvataje.<\/p>\n<p>Asimismo, adelant\u00f3 el desarrollo de propuestas de turismo activo, como el senderismo por las barrancas, con circuitos organizados y la proyecci\u00f3n de recorridos nocturnos para el pr\u00f3ximo a\u00f1o, en articulaci\u00f3n con \u00e1reas municipales y organismos provinciales. \u201cQueremos que los visitantes vivan el desaf\u00edo de conocer las barrancas desde el r\u00edo, desde adentro y desde arriba, con una perspectiva integral de nuestra naturaleza\u201d, se\u00f1al\u00f3.<\/p>\n<p>En el plano de la modernizaci\u00f3n, Echeverr\u00eda destac\u00f3 la actualizaci\u00f3n de la p\u00e1gina web municipal, que permitir\u00e1 a los visitantes acceder desde sus dispositivos a informaci\u00f3n sobre c\u00f3mo llegar a Empedrado, los eventos programados y las distintas propuestas tur\u00edsticas disponibles.<\/p>\n<p>Por otra parte, el intendente repas\u00f3 la agenda de actividades previstas para el verano, que incluyen eventos culturales y gastron\u00f3micos, propuestas chamameceras, actividades en la playa y celebraciones vinculadas al carnaval.<\/p>\n<p>Finalmente, Echeverr\u00eda remarc\u00f3 la ubicaci\u00f3n estrat\u00e9gica de Empedrado, a solo 60 kil\u00f3metros de la capital correntina, e invit\u00f3 a integrar la visita a la localidad con los grandes eventos provinciales, como la Fiesta Nacional del Chamam\u00e9 y el Carnaval. En ese contexto, tambi\u00e9n anunci\u00f3 el impulso al turismo hist\u00f3rico y religioso, con el objetivo de posicionar al Cristo Hallado como un eje central, en el camino hacia la conmemoraci\u00f3n de los 200 a\u00f1os del municipio.<\/p>\n<p>\u201cQueremos que Empedrado viva su Bicentenario con desarrollo, identidad y oportunidades para todos\u201d, concluy\u00f3 el intendente.<\/p>\n<p><strong>Secretaria de Turismo<\/strong><\/p>\n<p>La secretaria de Turismo y Cultura de Empedrado, Sandra Tulumaris, agradeci\u00f3 la posibilidad de difundir los atractivos de la ciudad y remarc\u00f3 el orgullo que sienten por su identidad. \u201cEmpedrado tiene un recurso natural espectacular, como son sus barrancas, que son \u00fanicas, adem\u00e1s de su pueblo y el camping, que tienen mucho para mostrar y mucho para dar\u201d, expres\u00f3.<\/p>\n<p>\u201cLa idea es que participen todos los habitantes de Empedrado, queremos hacerlos protagonistas, porque si no trabajamos en conjunto es imposible lograr los objetivos\u201d, subray\u00f3, destacando adem\u00e1s el acompa\u00f1amiento del intendente y el trabajo silencioso de un amplio equipo municipal.<\/p>\n","protected":false},"excerpt":{"rendered":"<p>El verano en Corrientes ofrece a turistas y a los propios correntinos m\u00faltiples propuestas para disfrutar de festivales, playas y espect\u00e1culos. En ese marco, este martes se present\u00f3 en Casa de Gobierno la Fiesta Provincial del Rio, que se realizar\u00e1 el viernes 30 en el camping municipal \u201cGer\u00f3nimo Merello\u201d de Empedrado. &nbsp; La Fiesta forma [&hellip;]<\/p>\n","protected":false},"author":2,"featured_media":5842,"comment_status":"open","ping_status":"open","sticky":false,"template":"","format":"standard","meta":{"footnotes":""},"categories":[78],"tags":[],"class_list":{"0":"post-5841","1":"post","2":"type-post","3":"status-publish","4":"format-standard","5":"has-post-thumbnail","7":"category-generales"},"_links":{"self":[{"href":"https:\/\/elpueblonoticia.com.ar\/web\/wp-json\/wp\/v2\/posts\/5841","targetHints":{"allow":["GET"]}}],"collection":[{"href":"https:\/\/elpueblonoticia.com.ar\/web\/wp-json\/wp\/v2\/posts"}],"about":[{"href":"https:\/\/elpueblonoticia.com.ar\/web\/wp-json\/wp\/v2\/types\/post"}],"author":[{"embeddable":true,"href":"https:\/\/elpueblonoticia.com.ar\/web\/wp-json\/wp\/v2\/users\/2"}],"replies":[{"embeddable":true,"href":"https:\/\/elpueblonoticia.com.ar\/web\/wp-json\/wp\/v2\/comments?post=5841"}],"version-history":[{"count":1,"href":"https:\/\/elpueblonoticia.com.ar\/web\/wp-json\/wp\/v2\/posts\/5841\/revisions"}],"predecessor-version":[{"id":5843,"href":"https:\/\/elpueblonoticia.com.ar\/web\/wp-json\/wp\/v2\/posts\/5841\/revisions\/5843"}],"wp:featuredmedia":[{"embeddable":true,"href":"https:\/\/elpueblonoticia.com.ar\/web\/wp-json\/wp\/v2\/media\/5842"}],"wp:attachment":[{"href":"https:\/\/elpueblonoticia.com.ar\/web\/wp-json\/wp\/v2\/media?parent=5841"}],"wp:term":[{"taxonomy":"category","embeddable":true,"href":"https:\/\/elpueblonoticia.com.ar\/web\/wp-json\/wp\/v2\/categories?post=5841"},{"taxonomy":"post_tag","embeddable":true,"href":"https:\/\/elpueblonoticia.com.ar\/web\/wp-json\/wp\/v2\/tags?post=5841"}],"curies":[{"name":"wp","href":"https:\/\/api.w.org\/{rel}","templated":true}]}}