{"id":5824,"date":"2026-01-21T11:44:02","date_gmt":"2026-01-21T14:44:02","guid":{"rendered":"https:\/\/elpueblonoticia.com.ar\/web\/?p=5824"},"modified":"2026-01-21T11:44:02","modified_gmt":"2026-01-21T14:44:02","slug":"emilio-martinez-estamos-preparados-para-acompanar-con-asistencia-medica-el-inicio-de-los-carnavales-goyanos","status":"publish","type":"post","link":"https:\/\/elpueblonoticia.com.ar\/web\/2026\/01\/21\/emilio-martinez-estamos-preparados-para-acompanar-con-asistencia-medica-el-inicio-de-los-carnavales-goyanos\/","title":{"rendered":"EMILIO MART\u00cdNEZ: \u201cESTAMOS PREPARADOS PARA ACOMPA\u00d1AR CON ASISTENCIA M\u00c9DICA EL INICIO DE LOS CARNAVALES GOYANOS\u201d"},"content":{"rendered":"<p><img loading=\"lazy\" decoding=\"async\" class=\"alignnone size-medium wp-image-5826\" src=\"https:\/\/elpueblonoticia.com.ar\/web\/wp-content\/uploads\/2026\/01\/nota-emilio-martinez-1-300x225.jpeg\" alt=\"\" width=\"300\" height=\"225\" srcset=\"https:\/\/elpueblonoticia.com.ar\/web\/wp-content\/uploads\/2026\/01\/nota-emilio-martinez-1-300x225.jpeg 300w, https:\/\/elpueblonoticia.com.ar\/web\/wp-content\/uploads\/2026\/01\/nota-emilio-martinez-1-1024x768.jpeg 1024w, https:\/\/elpueblonoticia.com.ar\/web\/wp-content\/uploads\/2026\/01\/nota-emilio-martinez-1-768x576.jpeg 768w, https:\/\/elpueblonoticia.com.ar\/web\/wp-content\/uploads\/2026\/01\/nota-emilio-martinez-1-560x420.jpeg 560w, https:\/\/elpueblonoticia.com.ar\/web\/wp-content\/uploads\/2026\/01\/nota-emilio-martinez-1-80x60.jpeg 80w, https:\/\/elpueblonoticia.com.ar\/web\/wp-content\/uploads\/2026\/01\/nota-emilio-martinez-1-696x522.jpeg 696w, https:\/\/elpueblonoticia.com.ar\/web\/wp-content\/uploads\/2026\/01\/nota-emilio-martinez-1-1068x801.jpeg 1068w, https:\/\/elpueblonoticia.com.ar\/web\/wp-content\/uploads\/2026\/01\/nota-emilio-martinez-1-265x198.jpeg 265w, https:\/\/elpueblonoticia.com.ar\/web\/wp-content\/uploads\/2026\/01\/nota-emilio-martinez-1.jpeg 1440w\" sizes=\"auto, (max-width: 300px) 100vw, 300px\" \/><img loading=\"lazy\" decoding=\"async\" class=\"alignnone size-medium wp-image-5827\" src=\"https:\/\/elpueblonoticia.com.ar\/web\/wp-content\/uploads\/2026\/01\/nota-emilio-martinez-2-300x225.jpeg\" alt=\"\" width=\"300\" height=\"225\" srcset=\"https:\/\/elpueblonoticia.com.ar\/web\/wp-content\/uploads\/2026\/01\/nota-emilio-martinez-2-300x225.jpeg 300w, https:\/\/elpueblonoticia.com.ar\/web\/wp-content\/uploads\/2026\/01\/nota-emilio-martinez-2-560x420.jpeg 560w, https:\/\/elpueblonoticia.com.ar\/web\/wp-content\/uploads\/2026\/01\/nota-emilio-martinez-2-80x60.jpeg 80w, https:\/\/elpueblonoticia.com.ar\/web\/wp-content\/uploads\/2026\/01\/nota-emilio-martinez-2-696x522.jpeg 696w, https:\/\/elpueblonoticia.com.ar\/web\/wp-content\/uploads\/2026\/01\/nota-emilio-martinez-2-265x198.jpeg 265w, https:\/\/elpueblonoticia.com.ar\/web\/wp-content\/uploads\/2026\/01\/nota-emilio-martinez-2.jpeg 720w\" sizes=\"auto, (max-width: 300px) 100vw, 300px\" \/><img loading=\"lazy\" decoding=\"async\" class=\"alignnone size-medium wp-image-5828\" src=\"https:\/\/elpueblonoticia.com.ar\/web\/wp-content\/uploads\/2026\/01\/nota-emilio-martinez-3-300x200.jpeg\" alt=\"\" width=\"300\" height=\"200\" srcset=\"https:\/\/elpueblonoticia.com.ar\/web\/wp-content\/uploads\/2026\/01\/nota-emilio-martinez-3-300x200.jpeg 300w, https:\/\/elpueblonoticia.com.ar\/web\/wp-content\/uploads\/2026\/01\/nota-emilio-martinez-3-1024x683.jpeg 1024w, https:\/\/elpueblonoticia.com.ar\/web\/wp-content\/uploads\/2026\/01\/nota-emilio-martinez-3-768x512.jpeg 768w, https:\/\/elpueblonoticia.com.ar\/web\/wp-content\/uploads\/2026\/01\/nota-emilio-martinez-3-630x420.jpeg 630w, https:\/\/elpueblonoticia.com.ar\/web\/wp-content\/uploads\/2026\/01\/nota-emilio-martinez-3-696x464.jpeg 696w, https:\/\/elpueblonoticia.com.ar\/web\/wp-content\/uploads\/2026\/01\/nota-emilio-martinez-3-1068x712.jpeg 1068w, https:\/\/elpueblonoticia.com.ar\/web\/wp-content\/uploads\/2026\/01\/nota-emilio-martinez-3.jpeg 1500w\" sizes=\"auto, (max-width: 300px) 100vw, 300px\" \/><img loading=\"lazy\" decoding=\"async\" class=\"alignnone size-medium wp-image-5829\" src=\"https:\/\/elpueblonoticia.com.ar\/web\/wp-content\/uploads\/2026\/01\/nota-emilio-martinez-5-300x200.jpeg\" alt=\"\" width=\"300\" height=\"200\" srcset=\"https:\/\/elpueblonoticia.com.ar\/web\/wp-content\/uploads\/2026\/01\/nota-emilio-martinez-5-300x200.jpeg 300w, https:\/\/elpueblonoticia.com.ar\/web\/wp-content\/uploads\/2026\/01\/nota-emilio-martinez-5-1024x682.jpeg 1024w, https:\/\/elpueblonoticia.com.ar\/web\/wp-content\/uploads\/2026\/01\/nota-emilio-martinez-5-768x512.jpeg 768w, https:\/\/elpueblonoticia.com.ar\/web\/wp-content\/uploads\/2026\/01\/nota-emilio-martinez-5-1536x1023.jpeg 1536w, https:\/\/elpueblonoticia.com.ar\/web\/wp-content\/uploads\/2026\/01\/nota-emilio-martinez-5-630x420.jpeg 630w, https:\/\/elpueblonoticia.com.ar\/web\/wp-content\/uploads\/2026\/01\/nota-emilio-martinez-5-696x464.jpeg 696w, https:\/\/elpueblonoticia.com.ar\/web\/wp-content\/uploads\/2026\/01\/nota-emilio-martinez-5-1068x712.jpeg 1068w, https:\/\/elpueblonoticia.com.ar\/web\/wp-content\/uploads\/2026\/01\/nota-emilio-martinez-5.jpeg 1600w\" sizes=\"auto, (max-width: 300px) 100vw, 300px\" \/><\/p>\n<p class=\"x_MsoNormal\"><span lang=\"ES\" data-olk-copy-source=\"MessageBody\">Goya vive a pleno el verano. La playa, el turismo, el chamam\u00e9, los espect\u00e1culos y los d\u00edas del carnaval conforman una agenda intensa que moviliza a toda la ciudad. En ese contexto, siempre se destaca el despliegue log\u00edstico de la Municipalidad de Goya a trav\u00e9s de sus distintas \u00e1reas, y una de las m\u00e1s fundamentales es la salud, encargada de acompa\u00f1ar todo el recorrido de la \u201cAlfombra Blanca\u201d que transitar\u00e1n las 5 comparsas y una agrupaci\u00f3n durante las noches carnavaleras.<\/span><\/p>\n<p class=\"x_MsoNormal\"><span lang=\"ES\">\u00a0<\/span><\/p>\n<p class=\"x_MsoNormal\"><span lang=\"ES\">En di\u00e1logo con el subsecretario de Atenci\u00f3n Primaria de la Salud (APS), doctor Emilio Mart\u00ednez, se conocieron detalles del importante trabajo previo que se viene realizando de cara al inicio de los Carnavales Goyanos 2026, que comenzar\u00e1n este viernes 23 de enero, evento que, como cada a\u00f1o, concentra a miles de personas en el cors\u00f3dromo.<\/span><\/p>\n<p class=\"x_MsoNormal\"><span lang=\"ES\">\u00a0<\/span><\/p>\n<p class=\"x_MsoNormal\"><span lang=\"ES\">Uno de los pilares de esta cobertura sanitaria es el Equipo de Emergencia Municipal (EMU), una estructura que se fue consolidando con capacitaci\u00f3n, formaci\u00f3n y experiencia, y que hoy es clave en cada evento masivo de la ciudad.<\/span><\/p>\n<p class=\"x_MsoNormal\"><span lang=\"ES\">\u00a0<\/span><\/p>\n<p class=\"x_MsoNormal\"><span lang=\"ES\">El doctor Mart\u00ednez destac\u00f3 el trabajo sostenido que se realiza en los meses de mayor demanda: \u201cSe viene trabajando intensamente con el equipo EMU en todo lo que es diciembre y enero, que es una de las \u00e9pocas que m\u00e1s requerimiento tiene el equipo, por la cantidad de eventos que se realizan\u201d, se\u00f1al\u00f3.<\/span><\/p>\n<p class=\"x_MsoNormal\"><span lang=\"ES\">\u201cPr\u00f3ximamente tenemos el evento de los corsos, que es un evento masivo tambi\u00e9n de la ciudad\u201d, agreg\u00f3.<\/span><\/p>\n<p class=\"x_MsoNormal\"><span lang=\"ES\">El subsecretario record\u00f3 el crecimiento que tuvo el carnaval en la edici\u00f3n anterior y la respuesta del sistema sanitario: \u201cYa el a\u00f1o pasado tuvo un crecimiento importante en p\u00fablico, con la nueva implementaci\u00f3n de las tribunas, recibido muy bien por la gente y la verdad que fueron noches asistiendo a muchas personas en el evento carnavalesco, pero tambi\u00e9n trabajamos de forma coordinada con el Hospital Regional, que nos ayuda con ambulancia y personal tambi\u00e9n\u201d, asever\u00f3.<\/span><\/p>\n<p class=\"x_MsoNormal\"><span lang=\"ES\">En cuanto al recurso humano afectado al operativo, Mart\u00ednez precis\u00f3: \u201cM\u00e1s de 16 personas trabajando, tratando de asistir en caso de que se necesite a cualquier persona, y estaremos ah\u00ed el viernes y s\u00e1bado, que este fin de semana toca dos d\u00edas\u201d.<\/span><\/p>\n<p class=\"x_MsoNormal\"><span lang=\"ES\">\u201cAs\u00ed que este viernes la inauguraci\u00f3n de los Carnavales Goyanos. Esperamos gran concurrencia de p\u00fablico tanto viernes como s\u00e1bado y nosotros estamos preparados para esta parte que nos toca en la asistencia m\u00e9dica, tanto del p\u00fablico como de los chicos que bailan en el cors\u00f3dromo de Goya\u201d, afirm\u00f3.<\/span><\/p>\n<p class=\"x_MsoNormal\"><span lang=\"ES\">El foco tambi\u00e9n est\u00e1 puesto en los comparseros. El esfuerzo f\u00edsico, los tiempos de espera y el peso de los trajes suelen generar complicaciones, lo que vuelve indispensable la presencia del EMU. En ese sentido, el funcionario valor\u00f3 la decisi\u00f3n pol\u00edtica que permiti\u00f3 la creaci\u00f3n de este equipo especializado: \u201cEsto es una apuesta del intendente Mariano Hormaechea, ya de la gesti\u00f3n anterior venimos trabajando en esto y obviamente a medida que pasa el tiempo se va adquiriendo mayor experiencia\u201d, indic\u00f3.<\/span><\/p>\n<p class=\"x_MsoNormal\"><span lang=\"ES\">\u201cVamos adquiriendo mayores equipos, contamos con equipo de comunicaci\u00f3n, con los materiales y los insumos necesarios para llevar a cabo la prestaci\u00f3n del servicio m\u00e9dico\u201d, a\u00f1adi\u00f3.<\/span><\/p>\n<p class=\"x_MsoNormal\"><span lang=\"ES\">La labor del EMU no se limita a los carnavales. Durante todo el verano acompa\u00f1a m\u00faltiples actividades: \u201cGracias a Dios el equipo se desenvuelve bien, trabaja ahora en el Parque Acu\u00e1tico, en todos los eventos municipales que van surgiendo tanto en diciembre como en enero\u201d, subray\u00f3 el m\u00e9dico.<\/span><\/p>\n<p class=\"x_MsoNormal\"><span lang=\"ES\">Goya se consolida como generadora de espacios recreativos, deportivos y culturales, con propuestas como la Escuela de Verano y el Parque Acu\u00e1tico, convertido nuevamente en uno de los grandes atractivos para vecinos y visitantes.<\/span><\/p>\n<p class=\"x_MsoNormal\"><span lang=\"ES\">\u201cTotalmente, ah\u00ed estaremos con todo el equipo, un equipo conformado por la mayor\u00eda de personal municipal y es algo que lo implementamos en la anterior gesti\u00f3n de Mariano Hormaechea y lo fuimos fortaleciendo con el transcurso del tiempo\u201d, manifest\u00f3.<\/span><\/p>\n<p class=\"x_MsoNormal\"><span lang=\"ES\">\u201cEstaremos este viernes en el inicio de los Carnavales Goyanos 2026\u201d, reafirm\u00f3 Mart\u00ednez.<\/span><\/p>\n<p class=\"x_MsoNormal\"><span lang=\"ES\">La pasi\u00f3n carnavalera la pondr\u00e1n los comparseros, el p\u00fablico acompa\u00f1ar\u00e1 el desfile y la noche se vestir\u00e1 de fiesta, mientras el sistema sanitario municipal estar\u00e1 atento, cuidando cada detalle.<\/span><\/p>\n","protected":false},"excerpt":{"rendered":"<p>Goya vive a pleno el verano. La playa, el turismo, el chamam\u00e9, los espect\u00e1culos y los d\u00edas del carnaval conforman una agenda intensa que moviliza a toda la ciudad. En ese contexto, siempre se destaca el despliegue log\u00edstico de la Municipalidad de Goya a trav\u00e9s de sus distintas \u00e1reas, y una de las m\u00e1s fundamentales [&hellip;]<\/p>\n","protected":false},"author":2,"featured_media":5825,"comment_status":"open","ping_status":"open","sticky":false,"template":"","format":"standard","meta":{"footnotes":""},"categories":[56],"tags":[],"class_list":{"0":"post-5824","1":"post","2":"type-post","3":"status-publish","4":"format-standard","5":"has-post-thumbnail","7":"category-locales"},"_links":{"self":[{"href":"https:\/\/elpueblonoticia.com.ar\/web\/wp-json\/wp\/v2\/posts\/5824","targetHints":{"allow":["GET"]}}],"collection":[{"href":"https:\/\/elpueblonoticia.com.ar\/web\/wp-json\/wp\/v2\/posts"}],"about":[{"href":"https:\/\/elpueblonoticia.com.ar\/web\/wp-json\/wp\/v2\/types\/post"}],"author":[{"embeddable":true,"href":"https:\/\/elpueblonoticia.com.ar\/web\/wp-json\/wp\/v2\/users\/2"}],"replies":[{"embeddable":true,"href":"https:\/\/elpueblonoticia.com.ar\/web\/wp-json\/wp\/v2\/comments?post=5824"}],"version-history":[{"count":1,"href":"https:\/\/elpueblonoticia.com.ar\/web\/wp-json\/wp\/v2\/posts\/5824\/revisions"}],"predecessor-version":[{"id":5830,"href":"https:\/\/elpueblonoticia.com.ar\/web\/wp-json\/wp\/v2\/posts\/5824\/revisions\/5830"}],"wp:featuredmedia":[{"embeddable":true,"href":"https:\/\/elpueblonoticia.com.ar\/web\/wp-json\/wp\/v2\/media\/5825"}],"wp:attachment":[{"href":"https:\/\/elpueblonoticia.com.ar\/web\/wp-json\/wp\/v2\/media?parent=5824"}],"wp:term":[{"taxonomy":"category","embeddable":true,"href":"https:\/\/elpueblonoticia.com.ar\/web\/wp-json\/wp\/v2\/categories?post=5824"},{"taxonomy":"post_tag","embeddable":true,"href":"https:\/\/elpueblonoticia.com.ar\/web\/wp-json\/wp\/v2\/tags?post=5824"}],"curies":[{"name":"wp","href":"https:\/\/api.w.org\/{rel}","templated":true}]}}