{"id":5820,"date":"2026-01-21T10:57:19","date_gmt":"2026-01-21T13:57:19","guid":{"rendered":"https:\/\/elpueblonoticia.com.ar\/web\/?p=5820"},"modified":"2026-01-21T10:57:19","modified_gmt":"2026-01-21T13:57:19","slug":"el-cocomarola-desbordado-en-la-quinta-noche-de-la-fiesta-grande-con-la-actuacion-estelar-de-la-sole","status":"publish","type":"post","link":"https:\/\/elpueblonoticia.com.ar\/web\/2026\/01\/21\/el-cocomarola-desbordado-en-la-quinta-noche-de-la-fiesta-grande-con-la-actuacion-estelar-de-la-sole\/","title":{"rendered":"El Cocomarola desbordado en la quinta noche de la Fiesta Grande, con la actuaci\u00f3n estelar de La Sole"},"content":{"rendered":"<p>La Fiesta Nacional del Chamam\u00e9 volvi\u00f3 a consolidarse como un \u00e1mbito de encuentro intergeneracional, donde se reafirm\u00f3 el sentido de pertenencia del pueblo correntino y se proyect\u00f3 al mundo una manifestaci\u00f3n cultural reconocida como Patrimonio Cultural Inmaterial de la Humanidad. En ese marco, la participaci\u00f3n del Gobierno provincial reforz\u00f3 el compromiso con la preservaci\u00f3n, promoci\u00f3n y proyecci\u00f3n del chamam\u00e9 como expresi\u00f3n viva del acervo cultural.<\/p>\n<p>Soledad, el n\u00famero destacado de la quinta noche: la cantante ofreci\u00f3 un show lleno de emoci\u00f3n y chamam\u00e9, consolidando su gran conexi\u00f3n con el p\u00fablico correntino y chamamecero.<\/p>\n<p>Soledad, o tambi\u00e9n conocida como La Sole, es una artista muy querida en la regi\u00f3n y fue un gran atractivo para la Fiesta. La cantante particip\u00f3 en diferentes ediciones, y en todas dej\u00f3 su marca de alegr\u00eda y tradici\u00f3n.<\/p>\n<p>Despleg\u00f3 un emotivo repertorio que rindi\u00f3 homenaje a grandes referentes del g\u00e9nero chamamecero. En su presentaci\u00f3n interpret\u00f3 obras emblem\u00e1ticas como \u201cBajo el cielo de Mantilla\u201d (Teresa Parodi y Mateo Villalba), \u201cEl cielo del alba\u00f1il\u201d (Teresa Parodi), \u201cComo un cisne\u201d (Luis Landriscina), \u201cBa\u00f1ado Norte\u201d, \u201cTrasnochados espineles\u201d y \u201cMerceditas\u201d como broche de oro, entre otros cl\u00e1sicos que fueron celebrados por el p\u00fablico.<\/p>\n<p>En esta oportunidad, la artista comparti\u00f3 el escenario mayor con la cantante Sof\u00eda Morales y el m\u00fasico Dami\u00e1n Ayala, sumando matices y emoci\u00f3n a una noche cargada de identidad litorale\u00f1a.<\/p>\n<p>Durante el espect\u00e1culo, Soledad tambi\u00e9n hizo un llamado a cuidar la naturaleza y expres\u00f3 su acompa\u00f1amiento y solidaridad con las personas que atravesaron situaciones dif\u00edciles a ra\u00edz de inundaciones, incendios y otras cat\u00e1strofes, envi\u00e1ndoles un mensaje de aliento y fortaleza.<\/p>\n<p>Adem\u00e1s, sorprendi\u00f3 al p\u00fablico al versionar canciones de otros g\u00e9neros musicales, resignific\u00e1ndolas y llev\u00e1ndolas al lenguaje del chamam\u00e9, en una muestra de respeto, creatividad y di\u00e1logo entre tradiciones.<\/p>\n<figure class=\"wp-block-gallery has-nested-images columns-default is-cropped wp-block-gallery-1 is-layout-flex wp-block-gallery-is-layout-flex\">\n<figure class=\"wp-block-image size-large\"><img loading=\"lazy\" decoding=\"async\" class=\"wp-image-388958\" src=\"https:\/\/www.diarioellibertador.com.ar\/wp-content\/uploads\/2026\/01\/6-2.jpg\" sizes=\"auto, (max-width: 800px) 100vw, 800px\" srcset=\"https:\/\/www.diarioellibertador.com.ar\/wp-content\/uploads\/2026\/01\/6-2.jpg 800w, https:\/\/www.diarioellibertador.com.ar\/wp-content\/uploads\/2026\/01\/6-2-150x100.jpg 150w, https:\/\/www.diarioellibertador.com.ar\/wp-content\/uploads\/2026\/01\/6-2-450x300.jpg 450w, https:\/\/www.diarioellibertador.com.ar\/wp-content\/uploads\/2026\/01\/6-2-768x512.jpg 768w\" alt=\"\" width=\"800\" height=\"533\" data-id=\"388958\" \/><\/figure>\n<figure class=\"wp-block-image size-large\"><img loading=\"lazy\" decoding=\"async\" class=\"wp-image-388959\" src=\"https:\/\/www.diarioellibertador.com.ar\/wp-content\/uploads\/2026\/01\/1-7.jpg\" sizes=\"auto, (max-width: 800px) 100vw, 800px\" srcset=\"https:\/\/www.diarioellibertador.com.ar\/wp-content\/uploads\/2026\/01\/1-7.jpg 800w, https:\/\/www.diarioellibertador.com.ar\/wp-content\/uploads\/2026\/01\/1-7-150x100.jpg 150w, https:\/\/www.diarioellibertador.com.ar\/wp-content\/uploads\/2026\/01\/1-7-450x300.jpg 450w, https:\/\/www.diarioellibertador.com.ar\/wp-content\/uploads\/2026\/01\/1-7-768x512.jpg 768w\" alt=\"\" width=\"800\" height=\"533\" data-id=\"388959\" \/><\/figure>\n<figure class=\"wp-block-image size-large\"><img loading=\"lazy\" decoding=\"async\" class=\"wp-image-388957\" src=\"https:\/\/www.diarioellibertador.com.ar\/wp-content\/uploads\/2026\/01\/2-7.jpg\" sizes=\"auto, (max-width: 800px) 100vw, 800px\" srcset=\"https:\/\/www.diarioellibertador.com.ar\/wp-content\/uploads\/2026\/01\/2-7.jpg 800w, https:\/\/www.diarioellibertador.com.ar\/wp-content\/uploads\/2026\/01\/2-7-150x100.jpg 150w, https:\/\/www.diarioellibertador.com.ar\/wp-content\/uploads\/2026\/01\/2-7-450x300.jpg 450w, https:\/\/www.diarioellibertador.com.ar\/wp-content\/uploads\/2026\/01\/2-7-768x512.jpg 768w\" alt=\"\" width=\"800\" height=\"533\" data-id=\"388957\" \/><\/figure>\n<figure class=\"wp-block-image size-large\"><img loading=\"lazy\" decoding=\"async\" class=\"wp-image-388962\" src=\"https:\/\/www.diarioellibertador.com.ar\/wp-content\/uploads\/2026\/01\/3-5.jpg\" sizes=\"auto, (max-width: 800px) 100vw, 800px\" srcset=\"https:\/\/www.diarioellibertador.com.ar\/wp-content\/uploads\/2026\/01\/3-5.jpg 800w, https:\/\/www.diarioellibertador.com.ar\/wp-content\/uploads\/2026\/01\/3-5-150x100.jpg 150w, https:\/\/www.diarioellibertador.com.ar\/wp-content\/uploads\/2026\/01\/3-5-450x300.jpg 450w, https:\/\/www.diarioellibertador.com.ar\/wp-content\/uploads\/2026\/01\/3-5-768x512.jpg 768w\" alt=\"\" width=\"800\" height=\"533\" data-id=\"388962\" \/><\/figure>\n<figure class=\"wp-block-image size-large\"><img loading=\"lazy\" decoding=\"async\" class=\"wp-image-388960\" src=\"https:\/\/www.diarioellibertador.com.ar\/wp-content\/uploads\/2026\/01\/4-5.jpg\" sizes=\"auto, (max-width: 800px) 100vw, 800px\" srcset=\"https:\/\/www.diarioellibertador.com.ar\/wp-content\/uploads\/2026\/01\/4-5.jpg 800w, https:\/\/www.diarioellibertador.com.ar\/wp-content\/uploads\/2026\/01\/4-5-150x100.jpg 150w, https:\/\/www.diarioellibertador.com.ar\/wp-content\/uploads\/2026\/01\/4-5-450x300.jpg 450w, https:\/\/www.diarioellibertador.com.ar\/wp-content\/uploads\/2026\/01\/4-5-768x512.jpg 768w\" alt=\"\" width=\"800\" height=\"533\" data-id=\"388960\" \/><\/figure>\n<figure class=\"wp-block-image size-large\"><img loading=\"lazy\" decoding=\"async\" class=\"wp-image-388961\" src=\"https:\/\/www.diarioellibertador.com.ar\/wp-content\/uploads\/2026\/01\/5-3.jpg\" sizes=\"auto, (max-width: 800px) 100vw, 800px\" srcset=\"https:\/\/www.diarioellibertador.com.ar\/wp-content\/uploads\/2026\/01\/5-3.jpg 800w, https:\/\/www.diarioellibertador.com.ar\/wp-content\/uploads\/2026\/01\/5-3-150x100.jpg 150w, https:\/\/www.diarioellibertador.com.ar\/wp-content\/uploads\/2026\/01\/5-3-450x300.jpg 450w, https:\/\/www.diarioellibertador.com.ar\/wp-content\/uploads\/2026\/01\/5-3-768x512.jpg 768w\" alt=\"\" width=\"800\" height=\"533\" data-id=\"388961\" \/><\/figure>\n<\/figure>\n<p>En ese marco, la participaci\u00f3n del Gobierno provincial reforz\u00f3 el compromiso con la preservaci\u00f3n, promoci\u00f3n y proyecci\u00f3n del chamam\u00e9 como expresi\u00f3n viva del acervo cultural.<\/p>\n<p>Juan Pablo Vald\u00e9s expres\u00f3 su satisfacci\u00f3n por el desarrollo de la quinta luna chamamecera y el impacto cultural que genera. En di\u00e1logo con la prensa, manifest\u00f3 su orgullo por el crecimiento de los artistas locales y el acompa\u00f1amiento del p\u00fablico.<\/p>\n<p>\u201cLo estoy viviendo de la mejor manera, contento porque nuestros artistas est\u00e1n teniendo much\u00edsimo \u00e9xito\u201d, se\u00f1al\u00f3 Vald\u00e9s, y remarc\u00f3 que durante cinco noches los m\u00fasicos \u201cpudieron brillar, demostrar su talento, hacer vibrar sus voces y tocar las guitarras tan lindas que conforman nuestro chamam\u00e9\u201d.<\/p>\n<p>En ese sentido, el gobernador destac\u00f3 el trabajo del Gobierno provincial y del Instituto de Cultura en la organizaci\u00f3n del evento, subrayando la importancia de contar con un anfiteatro colmado. \u201cM\u00e1s all\u00e1 de todo, lo importante es que nuestros artistas tengan un espacio lleno de gente para hacer brillar su talento, para hacerse m\u00e1s conocidos, generar ventas y acceder a muchos otros shows\u201d, afirm\u00f3<\/p>\n","protected":false},"excerpt":{"rendered":"<p>La Fiesta Nacional del Chamam\u00e9 volvi\u00f3 a consolidarse como un \u00e1mbito de encuentro intergeneracional, donde se reafirm\u00f3 el sentido de pertenencia del pueblo correntino y se proyect\u00f3 al mundo una manifestaci\u00f3n cultural reconocida como Patrimonio Cultural Inmaterial de la Humanidad. En ese marco, la participaci\u00f3n del Gobierno provincial reforz\u00f3 el compromiso con la preservaci\u00f3n, promoci\u00f3n [&hellip;]<\/p>\n","protected":false},"author":2,"featured_media":5821,"comment_status":"open","ping_status":"open","sticky":false,"template":"","format":"standard","meta":{"footnotes":""},"categories":[78],"tags":[],"class_list":{"0":"post-5820","1":"post","2":"type-post","3":"status-publish","4":"format-standard","5":"has-post-thumbnail","7":"category-generales"},"_links":{"self":[{"href":"https:\/\/elpueblonoticia.com.ar\/web\/wp-json\/wp\/v2\/posts\/5820","targetHints":{"allow":["GET"]}}],"collection":[{"href":"https:\/\/elpueblonoticia.com.ar\/web\/wp-json\/wp\/v2\/posts"}],"about":[{"href":"https:\/\/elpueblonoticia.com.ar\/web\/wp-json\/wp\/v2\/types\/post"}],"author":[{"embeddable":true,"href":"https:\/\/elpueblonoticia.com.ar\/web\/wp-json\/wp\/v2\/users\/2"}],"replies":[{"embeddable":true,"href":"https:\/\/elpueblonoticia.com.ar\/web\/wp-json\/wp\/v2\/comments?post=5820"}],"version-history":[{"count":1,"href":"https:\/\/elpueblonoticia.com.ar\/web\/wp-json\/wp\/v2\/posts\/5820\/revisions"}],"predecessor-version":[{"id":5822,"href":"https:\/\/elpueblonoticia.com.ar\/web\/wp-json\/wp\/v2\/posts\/5820\/revisions\/5822"}],"wp:featuredmedia":[{"embeddable":true,"href":"https:\/\/elpueblonoticia.com.ar\/web\/wp-json\/wp\/v2\/media\/5821"}],"wp:attachment":[{"href":"https:\/\/elpueblonoticia.com.ar\/web\/wp-json\/wp\/v2\/media?parent=5820"}],"wp:term":[{"taxonomy":"category","embeddable":true,"href":"https:\/\/elpueblonoticia.com.ar\/web\/wp-json\/wp\/v2\/categories?post=5820"},{"taxonomy":"post_tag","embeddable":true,"href":"https:\/\/elpueblonoticia.com.ar\/web\/wp-json\/wp\/v2\/tags?post=5820"}],"curies":[{"name":"wp","href":"https:\/\/api.w.org\/{rel}","templated":true}]}}