{"id":5815,"date":"2026-01-21T10:12:16","date_gmt":"2026-01-21T13:12:16","guid":{"rendered":"https:\/\/elpueblonoticia.com.ar\/web\/?p=5815"},"modified":"2026-01-21T10:12:16","modified_gmt":"2026-01-21T13:12:16","slug":"uber-moto-en-corrientes-por-que-esta-prohibida-su-circulacion","status":"publish","type":"post","link":"https:\/\/elpueblonoticia.com.ar\/web\/2026\/01\/21\/uber-moto-en-corrientes-por-que-esta-prohibida-su-circulacion\/","title":{"rendered":"Uber moto en Corrientes: por qu\u00e9 est\u00e1 prohibida su circulaci\u00f3n"},"content":{"rendered":"<div id=\"modalIntrotext\">\n<div>La aplicaci\u00f3n Uber comenz\u00f3 a ofrecer el servicio de transporte de pasajeros en moto en la ciudad de Corrientes hace algunas semanas. Esta nueva modalidad se activ\u00f3 en la plataforma y ya opera en las calles, pese a que no cuenta con la habilitaci\u00f3n municipal correspondiente.<\/div>\n<div><\/div>\n<\/div>\n<div id=\"modalFulltext\">Desde la Municipalidad de Corrientes existe una regulaci\u00f3n vigente a partir de la Ordenanza 7320 a partir de la cual establece los medios de transporte habilitados para la circulaci\u00f3n: se contemplan taxis ramises veh\u00edculos por plataforma electr\u00f3nica y triciclos el\u00e9ctricos hasta dos plazas.<\/p>\n<p>Por qu\u00e9 no incluye moto uber: en cuestiones de la seguridad es un tema clave:<\/p>\n<p>\u2013 Mayor riesgo de siniestros: Las motos son m\u00e1s propensas a accidentes que los autos, especialmente en calles congestionadas.<\/p>\n<p>\u2013 Menos protecci\u00f3n: Los motociclistas est\u00e1n m\u00e1s expuestos a lesiones en caso de un siniestro.<\/p>\n<p>\u2013 Falta de equipamiento de seguridad: No todos los conductores de Uber Moto pueden tener el equipamiento de seguridad adecuado, como cascos y guantes.<\/p>\n<p>\u2013 Riesgo de robo o asalto: Al ser un servicio de transporte individual, hay un mayor riesgo de robo o asalto.<\/p>\n<p>diario El Libertador<\/p><\/div>\n","protected":false},"excerpt":{"rendered":"<p>La aplicaci\u00f3n Uber comenz\u00f3 a ofrecer el servicio de transporte de pasajeros en moto en la ciudad de Corrientes hace algunas semanas. Esta nueva modalidad se activ\u00f3 en la plataforma y ya opera en las calles, pese a que no cuenta con la habilitaci\u00f3n municipal correspondiente. Desde la Municipalidad de Corrientes existe una regulaci\u00f3n vigente [&hellip;]<\/p>\n","protected":false},"author":2,"featured_media":5817,"comment_status":"open","ping_status":"open","sticky":false,"template":"","format":"standard","meta":{"footnotes":""},"categories":[78],"tags":[],"class_list":{"0":"post-5815","1":"post","2":"type-post","3":"status-publish","4":"format-standard","5":"has-post-thumbnail","7":"category-generales"},"_links":{"self":[{"href":"https:\/\/elpueblonoticia.com.ar\/web\/wp-json\/wp\/v2\/posts\/5815","targetHints":{"allow":["GET"]}}],"collection":[{"href":"https:\/\/elpueblonoticia.com.ar\/web\/wp-json\/wp\/v2\/posts"}],"about":[{"href":"https:\/\/elpueblonoticia.com.ar\/web\/wp-json\/wp\/v2\/types\/post"}],"author":[{"embeddable":true,"href":"https:\/\/elpueblonoticia.com.ar\/web\/wp-json\/wp\/v2\/users\/2"}],"replies":[{"embeddable":true,"href":"https:\/\/elpueblonoticia.com.ar\/web\/wp-json\/wp\/v2\/comments?post=5815"}],"version-history":[{"count":1,"href":"https:\/\/elpueblonoticia.com.ar\/web\/wp-json\/wp\/v2\/posts\/5815\/revisions"}],"predecessor-version":[{"id":5818,"href":"https:\/\/elpueblonoticia.com.ar\/web\/wp-json\/wp\/v2\/posts\/5815\/revisions\/5818"}],"wp:featuredmedia":[{"embeddable":true,"href":"https:\/\/elpueblonoticia.com.ar\/web\/wp-json\/wp\/v2\/media\/5817"}],"wp:attachment":[{"href":"https:\/\/elpueblonoticia.com.ar\/web\/wp-json\/wp\/v2\/media?parent=5815"}],"wp:term":[{"taxonomy":"category","embeddable":true,"href":"https:\/\/elpueblonoticia.com.ar\/web\/wp-json\/wp\/v2\/categories?post=5815"},{"taxonomy":"post_tag","embeddable":true,"href":"https:\/\/elpueblonoticia.com.ar\/web\/wp-json\/wp\/v2\/tags?post=5815"}],"curies":[{"name":"wp","href":"https:\/\/api.w.org\/{rel}","templated":true}]}}