{"id":5811,"date":"2026-01-21T10:01:12","date_gmt":"2026-01-21T13:01:12","guid":{"rendered":"https:\/\/elpueblonoticia.com.ar\/web\/?p=5811"},"modified":"2026-01-21T10:01:12","modified_gmt":"2026-01-21T13:01:12","slug":"murio-en-mendoza-el-primer-paciente-del-pais-con-gripe-a-h3n2","status":"publish","type":"post","link":"https:\/\/elpueblonoticia.com.ar\/web\/2026\/01\/21\/murio-en-mendoza-el-primer-paciente-del-pais-con-gripe-a-h3n2\/","title":{"rendered":"Muri\u00f3 en Mendoza el primer paciente del pa\u00eds con Gripe A H3N2"},"content":{"rendered":"<p><strong>El hombre ten\u00eda 74 a\u00f1os, padec\u00eda enfermedades previas y estaba internado en el Hospital Carrillo; es el primer fallecimiento por este virus confirmado en la Argentina.<\/strong><\/p>\n<p>&nbsp;<\/p>\n<section class=\"detail-body first-paragraph\">\n<section class=\"body-content note-body content-protected-false\" data-twitter-link=\"&lt;a href=\">\nMendoza qued\u00f3 en el centro de la atenci\u00f3n sanitaria luego de confirmarse\u00a0<strong>la primera muerte en la Argentina asociada a la gripe A H3N2<\/strong>. Se trata de un hombre de 74 a\u00f1os que falleci\u00f3 este martes tras haber sido atendido en el Hospital Carrillo, convirti\u00e9ndose en la primera v\u00edctima fatal registrada en el pa\u00eds por este tipo de virus. El paciente presentaba enfermedades preexistentes que complicaron su cuadro cl\u00ednico y derivaron en un desenlace fatal, seg\u00fan confirmaron las autoridades sanitarias provinciales.<\/p>\n<\/section>\n<\/section>\n<section class=\"detail-body second-paragraph\">\n<section class=\"body-content note-body content-protected-false\">La informaci\u00f3n fue confirmada por la directora del Hospital Carrillo, Beatriz Montenegro, quien dio detalles precisos sobre el caso y su evoluci\u00f3n. En di\u00e1logo con MDZ Radio, la profesional explic\u00f3: &#8220;Su muerte fue esta ma\u00f1ana muy temprano&#8221;, y se\u00f1al\u00f3 que el equipo m\u00e9dico ya ten\u00eda conocimiento del diagn\u00f3stico.<\/p>\n<section class=\"detail-body\">\n<section class=\"body-content note-body content-protected-false\">En ese sentido, remarc\u00f3: &#8220;<strong>Sab\u00edamos que el paciente ten\u00eda una infecci\u00f3n por esta gripe H3N2 y que sus patolog\u00edas previas, sus condiciones de base fue lo que llev\u00f3 a que tuviera estas complicaciones y este deceso fatal<\/strong>&#8220;. Consultada sobre si se trataba del primer fallecimiento por este virus en el pa\u00eds, Montenegro fue contundente: &#8220;Hasta donde yo tengo conocimiento, as\u00ed es&#8221;, ratificando la gravedad del hecho en el contexto sanitario nacional.<\/p>\n<\/section>\n<\/section>\n<section class=\"detail-body\">\n<section class=\"body-content note-body content-protected-false\">Seg\u00fan se inform\u00f3 oficialmente, el hombre ten\u00eda ciudadan\u00eda espa\u00f1ola y resid\u00eda en Espa\u00f1a desde hac\u00eda aproximadamente 20 a\u00f1os. Hab\u00eda arribado a Mendoza en un vuelo proveniente de Europa con el objetivo de visitar a familiares. Pese a contar con la vacunaci\u00f3n correspondiente, su estado de salud previo fue determinante en el desarrollo del cuadro. Al respecto, la directora del hospital aclar\u00f3: &#8220;\u00c9l hab\u00eda recibido la vacuna en Espa\u00f1a, por lo menos&#8221;, y explic\u00f3 que, aun con inmunizaci\u00f3n, las personas con enfermedades de base pueden sufrir complicaciones severas frente a este tipo de virus.<\/p>\n<\/section>\n<\/section>\n<section class=\"detail-body\">\n<section class=\"body-content note-body content-protected-false\">El ingreso del paciente al Hospital Carrillo se produjo el 17 de diciembre, momento en el que se activaron de inmediato los protocolos correspondientes. Montenegro detall\u00f3 que el hombre fue atendido bajo estrictas medidas sanitarias: &#8220;<strong>Se lo tuvo en aislamiento los primeros d\u00edas, que es lo que nosotros sabemos que es el mayor (per\u00edodo) de incubaci\u00f3n y contagio<\/strong>&#8220;.<\/p>\n<\/section>\n<\/section>\n<section class=\"detail-body\">\n<section class=\"body-content note-body content-protected-false\">Adem\u00e1s, se llev\u00f3 adelante un seguimiento minucioso de todos los contactos estrechos, tanto de las personas que viajaron con \u00e9l como de los familiares que lo alojaron durante su estad\u00eda en Mendoza.<\/p>\n<\/section>\n<\/section>\n<\/section>\n<\/section>\n","protected":false},"excerpt":{"rendered":"<p>El hombre ten\u00eda 74 a\u00f1os, padec\u00eda enfermedades previas y estaba internado en el Hospital Carrillo; es el primer fallecimiento por este virus confirmado en la Argentina. &nbsp; Mendoza qued\u00f3 en el centro de la atenci\u00f3n sanitaria luego de confirmarse\u00a0la primera muerte en la Argentina asociada a la gripe A H3N2. Se trata de un hombre [&hellip;]<\/p>\n","protected":false},"author":2,"featured_media":5812,"comment_status":"open","ping_status":"open","sticky":false,"template":"","format":"standard","meta":{"footnotes":""},"categories":[78],"tags":[],"class_list":{"0":"post-5811","1":"post","2":"type-post","3":"status-publish","4":"format-standard","5":"has-post-thumbnail","7":"category-generales"},"_links":{"self":[{"href":"https:\/\/elpueblonoticia.com.ar\/web\/wp-json\/wp\/v2\/posts\/5811","targetHints":{"allow":["GET"]}}],"collection":[{"href":"https:\/\/elpueblonoticia.com.ar\/web\/wp-json\/wp\/v2\/posts"}],"about":[{"href":"https:\/\/elpueblonoticia.com.ar\/web\/wp-json\/wp\/v2\/types\/post"}],"author":[{"embeddable":true,"href":"https:\/\/elpueblonoticia.com.ar\/web\/wp-json\/wp\/v2\/users\/2"}],"replies":[{"embeddable":true,"href":"https:\/\/elpueblonoticia.com.ar\/web\/wp-json\/wp\/v2\/comments?post=5811"}],"version-history":[{"count":1,"href":"https:\/\/elpueblonoticia.com.ar\/web\/wp-json\/wp\/v2\/posts\/5811\/revisions"}],"predecessor-version":[{"id":5813,"href":"https:\/\/elpueblonoticia.com.ar\/web\/wp-json\/wp\/v2\/posts\/5811\/revisions\/5813"}],"wp:featuredmedia":[{"embeddable":true,"href":"https:\/\/elpueblonoticia.com.ar\/web\/wp-json\/wp\/v2\/media\/5812"}],"wp:attachment":[{"href":"https:\/\/elpueblonoticia.com.ar\/web\/wp-json\/wp\/v2\/media?parent=5811"}],"wp:term":[{"taxonomy":"category","embeddable":true,"href":"https:\/\/elpueblonoticia.com.ar\/web\/wp-json\/wp\/v2\/categories?post=5811"},{"taxonomy":"post_tag","embeddable":true,"href":"https:\/\/elpueblonoticia.com.ar\/web\/wp-json\/wp\/v2\/tags?post=5811"}],"curies":[{"name":"wp","href":"https:\/\/api.w.org\/{rel}","templated":true}]}}