{"id":5792,"date":"2026-01-21T09:27:05","date_gmt":"2026-01-21T12:27:05","guid":{"rendered":"https:\/\/elpueblonoticia.com.ar\/web\/?p=5792"},"modified":"2026-01-21T09:27:05","modified_gmt":"2026-01-21T12:27:05","slug":"goya-lista-para-la-primera-luna-carnavalera","status":"publish","type":"post","link":"https:\/\/elpueblonoticia.com.ar\/web\/2026\/01\/21\/goya-lista-para-la-primera-luna-carnavalera\/","title":{"rendered":"GOYA LISTA PARA LA PRIMERA LUNA CARNAVALERA"},"content":{"rendered":"<p class=\"x_MsoNormal\"><span data-olk-copy-source=\"MessageBody\">Las luces, el color, sonido, la magia del carnaval dispuesto para dar brillo a la primera luna carnavalera este viernes 23 de enero desde las 22 horas, en el Cors\u00f3dromo Costa Surub\u00ed.<\/span><\/p>\n<p class=\"x_MsoNormal\">\n<p class=\"x_MsoNormal\">Todo listo para dar rienda suelta a la alegr\u00eda en la Fiesta de Momo, la colocaci\u00f3n de las tribunas, el armado de la Pasarela con el tendido de la Alfombra Blanca para dar paso a la pasi\u00f3n carnavalera de cada una de las agrupaciones y comparsas que animar\u00e1n la edici\u00f3n 2026 de los corsos oficiales de la ciudad de Goya.<\/p>\n<p class=\"x_MsoNormal\">\n<p class=\"x_MsoNormal\">La invitaci\u00f3n para vivir la alegr\u00eda y la pasi\u00f3n del carnaval en el escenario para que los comparseros demuestren sus habilidades, sus esplendorosos trajes con el acompa\u00f1amiento del p\u00fablico, en ese sentido se dio a conocer el cronograma de la primera noche de los corsos oficiales, recordando que la Agrupaci\u00f3n Oh Bah\u00eda abrir\u00e1 el recorrido por el circuito durante las 4 noches de carnaval.<\/p>\n<p class=\"x_MsoNormal\">El orden de salida para el viernes es el siguiente:<\/p>\n<p class=\"x_MsoNormal\">\n<p class=\"x_MsoNormal\">22 horas:\u00a0\u00a0\u00a0\u00a0 \u00a0\u00a0\u00a0\u00a0\u00a0\u00a0\u00a0Oh Bah\u00eda<\/p>\n<p class=\"x_MsoNormal\">23 horas:\u00a0\u00a0\u00a0\u00a0\u00a0 \u00a0\u00a0\u00a0\u00a0\u00a0\u00a0Arami<\/p>\n<p class=\"x_MsoNormal\">00: 00 horas:\u00a0\u00a0\u00a0\u00a0 Aymara<\/p>\n<p class=\"x_MsoNormal\">01 horas:\u00a0\u00a0\u00a0\u00a0\u00a0\u00a0\u00a0\u00a0\u00a0 \u00a0\u00a0Ita Vera<\/p>\n<p class=\"x_MsoNormal\">02 horas:\u00a0\u00a0\u00a0\u00a0\u00a0\u00a0\u00a0\u00a0\u00a0\u00a0\u00a0 Poramba<\/p>\n<p class=\"x_MsoNormal\">03 horas:\u00a0\u00a0\u00a0\u00a0\u00a0\u00a0\u00a0\u00a0\u00a0\u00a0\u00a0 Tropical<\/p>\n","protected":false},"excerpt":{"rendered":"<p>Las luces, el color, sonido, la magia del carnaval dispuesto para dar brillo a la primera luna carnavalera este viernes 23 de enero desde las 22 horas, en el Cors\u00f3dromo Costa Surub\u00ed. Todo listo para dar rienda suelta a la alegr\u00eda en la Fiesta de Momo, la colocaci\u00f3n de las tribunas, el armado de la [&hellip;]<\/p>\n","protected":false},"author":2,"featured_media":5793,"comment_status":"open","ping_status":"open","sticky":false,"template":"","format":"standard","meta":{"footnotes":""},"categories":[56],"tags":[],"class_list":{"0":"post-5792","1":"post","2":"type-post","3":"status-publish","4":"format-standard","5":"has-post-thumbnail","7":"category-locales"},"_links":{"self":[{"href":"https:\/\/elpueblonoticia.com.ar\/web\/wp-json\/wp\/v2\/posts\/5792","targetHints":{"allow":["GET"]}}],"collection":[{"href":"https:\/\/elpueblonoticia.com.ar\/web\/wp-json\/wp\/v2\/posts"}],"about":[{"href":"https:\/\/elpueblonoticia.com.ar\/web\/wp-json\/wp\/v2\/types\/post"}],"author":[{"embeddable":true,"href":"https:\/\/elpueblonoticia.com.ar\/web\/wp-json\/wp\/v2\/users\/2"}],"replies":[{"embeddable":true,"href":"https:\/\/elpueblonoticia.com.ar\/web\/wp-json\/wp\/v2\/comments?post=5792"}],"version-history":[{"count":1,"href":"https:\/\/elpueblonoticia.com.ar\/web\/wp-json\/wp\/v2\/posts\/5792\/revisions"}],"predecessor-version":[{"id":5794,"href":"https:\/\/elpueblonoticia.com.ar\/web\/wp-json\/wp\/v2\/posts\/5792\/revisions\/5794"}],"wp:featuredmedia":[{"embeddable":true,"href":"https:\/\/elpueblonoticia.com.ar\/web\/wp-json\/wp\/v2\/media\/5793"}],"wp:attachment":[{"href":"https:\/\/elpueblonoticia.com.ar\/web\/wp-json\/wp\/v2\/media?parent=5792"}],"wp:term":[{"taxonomy":"category","embeddable":true,"href":"https:\/\/elpueblonoticia.com.ar\/web\/wp-json\/wp\/v2\/categories?post=5792"},{"taxonomy":"post_tag","embeddable":true,"href":"https:\/\/elpueblonoticia.com.ar\/web\/wp-json\/wp\/v2\/tags?post=5792"}],"curies":[{"name":"wp","href":"https:\/\/api.w.org\/{rel}","templated":true}]}}