{"id":5787,"date":"2026-01-21T09:20:58","date_gmt":"2026-01-21T12:20:58","guid":{"rendered":"https:\/\/elpueblonoticia.com.ar\/web\/?p=5787"},"modified":"2026-01-21T09:20:58","modified_gmt":"2026-01-21T12:20:58","slug":"colonia-de-vacaciones-fundacion-san-lucas","status":"publish","type":"post","link":"https:\/\/elpueblonoticia.com.ar\/web\/2026\/01\/21\/colonia-de-vacaciones-fundacion-san-lucas\/","title":{"rendered":"COLONIA DE VACACIONES: FUNDACI\u00d3N SAN LUCAS"},"content":{"rendered":"<p><img loading=\"lazy\" decoding=\"async\" class=\"alignnone  wp-image-5789\" src=\"https:\/\/elpueblonoticia.com.ar\/web\/wp-content\/uploads\/2026\/01\/COLONIA-DE-VACACIONES-FUNDACION-SAN-LUCAS-3-300x225.jpg\" alt=\"\" width=\"719\" height=\"539\" srcset=\"https:\/\/elpueblonoticia.com.ar\/web\/wp-content\/uploads\/2026\/01\/COLONIA-DE-VACACIONES-FUNDACION-SAN-LUCAS-3-300x225.jpg 300w, https:\/\/elpueblonoticia.com.ar\/web\/wp-content\/uploads\/2026\/01\/COLONIA-DE-VACACIONES-FUNDACION-SAN-LUCAS-3-1024x768.jpg 1024w, https:\/\/elpueblonoticia.com.ar\/web\/wp-content\/uploads\/2026\/01\/COLONIA-DE-VACACIONES-FUNDACION-SAN-LUCAS-3-768x576.jpg 768w, https:\/\/elpueblonoticia.com.ar\/web\/wp-content\/uploads\/2026\/01\/COLONIA-DE-VACACIONES-FUNDACION-SAN-LUCAS-3-560x420.jpg 560w, https:\/\/elpueblonoticia.com.ar\/web\/wp-content\/uploads\/2026\/01\/COLONIA-DE-VACACIONES-FUNDACION-SAN-LUCAS-3-80x60.jpg 80w, https:\/\/elpueblonoticia.com.ar\/web\/wp-content\/uploads\/2026\/01\/COLONIA-DE-VACACIONES-FUNDACION-SAN-LUCAS-3-696x522.jpg 696w, https:\/\/elpueblonoticia.com.ar\/web\/wp-content\/uploads\/2026\/01\/COLONIA-DE-VACACIONES-FUNDACION-SAN-LUCAS-3-1068x801.jpg 1068w, https:\/\/elpueblonoticia.com.ar\/web\/wp-content\/uploads\/2026\/01\/COLONIA-DE-VACACIONES-FUNDACION-SAN-LUCAS-3-265x198.jpg 265w, https:\/\/elpueblonoticia.com.ar\/web\/wp-content\/uploads\/2026\/01\/COLONIA-DE-VACACIONES-FUNDACION-SAN-LUCAS-3.jpg 1440w\" sizes=\"auto, (max-width: 719px) 100vw, 719px\" \/><\/p>\n<p class=\"x_MsoNormal\"><span data-olk-copy-source=\"MessageBody\">Silvina Ramirez, en contacto radial, coment\u00f3 sobre la iniciativa diagramada por la Fundaci\u00f3n San Lucas para esta temporada, la colonia de vacaciones<\/span><\/p>\n<p class=\"x_MsoNormal\">\n<p class=\"x_MsoNormal\">&#8220;Este espacio funciona los d\u00edas martes y jueves 18 y 30 a 20 horas, en Uriburu 569, abierto al p\u00fablico, son instituciones que trabajamos articuladamente, es un aporte a la comunidad el \u00e1mbito donde adem\u00e1s de los juegos, se ense\u00f1an sobre la importancia de los valores, el rol fundamental de las familias.&#8221; Conto.<\/p>\n<p class=\"x_MsoNormal\">\n<p class=\"x_MsoNormal\">&#8220;La Colonia es de car\u00e1cter gratuito, ha completado el cupo establecido, agradeciendo desde la Fundaci\u00f3n San Lucas, por la respuesta y confianza de la comunidad a esta propuesta.\u201d<\/p>\n<p class=\"x_MsoNormal\">\n<p class=\"x_MsoNormal\">La funcionaria municipal sostuvo: &#8220;La familia es un gran pilar en todos los \u00e1mbitos, incluidos en estos programas dise\u00f1ados para las vacaciones.<\/p>\n","protected":false},"excerpt":{"rendered":"<p>Silvina Ramirez, en contacto radial, coment\u00f3 sobre la iniciativa diagramada por la Fundaci\u00f3n San Lucas para esta temporada, la colonia de vacaciones &#8220;Este espacio funciona los d\u00edas martes y jueves 18 y 30 a 20 horas, en Uriburu 569, abierto al p\u00fablico, son instituciones que trabajamos articuladamente, es un aporte a la comunidad el \u00e1mbito [&hellip;]<\/p>\n","protected":false},"author":2,"featured_media":5788,"comment_status":"open","ping_status":"open","sticky":false,"template":"","format":"standard","meta":{"footnotes":""},"categories":[56],"tags":[],"class_list":{"0":"post-5787","1":"post","2":"type-post","3":"status-publish","4":"format-standard","5":"has-post-thumbnail","7":"category-locales"},"_links":{"self":[{"href":"https:\/\/elpueblonoticia.com.ar\/web\/wp-json\/wp\/v2\/posts\/5787","targetHints":{"allow":["GET"]}}],"collection":[{"href":"https:\/\/elpueblonoticia.com.ar\/web\/wp-json\/wp\/v2\/posts"}],"about":[{"href":"https:\/\/elpueblonoticia.com.ar\/web\/wp-json\/wp\/v2\/types\/post"}],"author":[{"embeddable":true,"href":"https:\/\/elpueblonoticia.com.ar\/web\/wp-json\/wp\/v2\/users\/2"}],"replies":[{"embeddable":true,"href":"https:\/\/elpueblonoticia.com.ar\/web\/wp-json\/wp\/v2\/comments?post=5787"}],"version-history":[{"count":1,"href":"https:\/\/elpueblonoticia.com.ar\/web\/wp-json\/wp\/v2\/posts\/5787\/revisions"}],"predecessor-version":[{"id":5790,"href":"https:\/\/elpueblonoticia.com.ar\/web\/wp-json\/wp\/v2\/posts\/5787\/revisions\/5790"}],"wp:featuredmedia":[{"embeddable":true,"href":"https:\/\/elpueblonoticia.com.ar\/web\/wp-json\/wp\/v2\/media\/5788"}],"wp:attachment":[{"href":"https:\/\/elpueblonoticia.com.ar\/web\/wp-json\/wp\/v2\/media?parent=5787"}],"wp:term":[{"taxonomy":"category","embeddable":true,"href":"https:\/\/elpueblonoticia.com.ar\/web\/wp-json\/wp\/v2\/categories?post=5787"},{"taxonomy":"post_tag","embeddable":true,"href":"https:\/\/elpueblonoticia.com.ar\/web\/wp-json\/wp\/v2\/tags?post=5787"}],"curies":[{"name":"wp","href":"https:\/\/api.w.org\/{rel}","templated":true}]}}