{"id":5740,"date":"2026-01-21T07:55:27","date_gmt":"2026-01-21T10:55:27","guid":{"rendered":"https:\/\/elpueblonoticia.com.ar\/web\/?p=5740"},"modified":"2026-01-21T07:55:27","modified_gmt":"2026-01-21T10:55:27","slug":"con-cupos-completos-avanzan-cursos-de-verano-en-escuelas-municipales","status":"publish","type":"post","link":"https:\/\/elpueblonoticia.com.ar\/web\/2026\/01\/21\/con-cupos-completos-avanzan-cursos-de-verano-en-escuelas-municipales\/","title":{"rendered":"CON CUPOS COMPLETOS, AVANZAN CURSOS DE VERANO EN ESCUELAS MUNICIPALES"},"content":{"rendered":"<p><img loading=\"lazy\" decoding=\"async\" class=\"alignnone size-medium wp-image-5745\" src=\"https:\/\/elpueblonoticia.com.ar\/web\/wp-content\/uploads\/2026\/01\/NOTA-GLADYS-4-226x300.jpeg\" alt=\"\" width=\"226\" height=\"300\" srcset=\"https:\/\/elpueblonoticia.com.ar\/web\/wp-content\/uploads\/2026\/01\/NOTA-GLADYS-4-226x300.jpeg 226w, https:\/\/elpueblonoticia.com.ar\/web\/wp-content\/uploads\/2026\/01\/NOTA-GLADYS-4-771x1024.jpeg 771w, https:\/\/elpueblonoticia.com.ar\/web\/wp-content\/uploads\/2026\/01\/NOTA-GLADYS-4-768x1020.jpeg 768w, https:\/\/elpueblonoticia.com.ar\/web\/wp-content\/uploads\/2026\/01\/NOTA-GLADYS-4-316x420.jpeg 316w, https:\/\/elpueblonoticia.com.ar\/web\/wp-content\/uploads\/2026\/01\/NOTA-GLADYS-4-696x924.jpeg 696w, https:\/\/elpueblonoticia.com.ar\/web\/wp-content\/uploads\/2026\/01\/NOTA-GLADYS-4-1068x1418.jpeg 1068w, https:\/\/elpueblonoticia.com.ar\/web\/wp-content\/uploads\/2026\/01\/NOTA-GLADYS-4.jpeg 1080w\" sizes=\"auto, (max-width: 226px) 100vw, 226px\" \/> <img loading=\"lazy\" decoding=\"async\" class=\"alignnone size-medium wp-image-5744\" src=\"https:\/\/elpueblonoticia.com.ar\/web\/wp-content\/uploads\/2026\/01\/NOTA-GLADYS-3-224x300.jpeg\" alt=\"\" width=\"224\" height=\"300\" srcset=\"https:\/\/elpueblonoticia.com.ar\/web\/wp-content\/uploads\/2026\/01\/NOTA-GLADYS-3-224x300.jpeg 224w, https:\/\/elpueblonoticia.com.ar\/web\/wp-content\/uploads\/2026\/01\/NOTA-GLADYS-3-764x1024.jpeg 764w, https:\/\/elpueblonoticia.com.ar\/web\/wp-content\/uploads\/2026\/01\/NOTA-GLADYS-3-768x1029.jpeg 768w, https:\/\/elpueblonoticia.com.ar\/web\/wp-content\/uploads\/2026\/01\/NOTA-GLADYS-3-313x420.jpeg 313w, https:\/\/elpueblonoticia.com.ar\/web\/wp-content\/uploads\/2026\/01\/NOTA-GLADYS-3-696x933.jpeg 696w, https:\/\/elpueblonoticia.com.ar\/web\/wp-content\/uploads\/2026\/01\/NOTA-GLADYS-3-1068x1431.jpeg 1068w, https:\/\/elpueblonoticia.com.ar\/web\/wp-content\/uploads\/2026\/01\/NOTA-GLADYS-3.jpeg 1080w\" sizes=\"auto, (max-width: 224px) 100vw, 224px\" \/> <img loading=\"lazy\" decoding=\"async\" class=\"alignnone size-medium wp-image-5743\" src=\"https:\/\/elpueblonoticia.com.ar\/web\/wp-content\/uploads\/2026\/01\/NOTA-GLADYS-5-229x300.jpeg\" alt=\"\" width=\"229\" height=\"300\" srcset=\"https:\/\/elpueblonoticia.com.ar\/web\/wp-content\/uploads\/2026\/01\/NOTA-GLADYS-5-229x300.jpeg 229w, https:\/\/elpueblonoticia.com.ar\/web\/wp-content\/uploads\/2026\/01\/NOTA-GLADYS-5-783x1024.jpeg 783w, https:\/\/elpueblonoticia.com.ar\/web\/wp-content\/uploads\/2026\/01\/NOTA-GLADYS-5-768x1004.jpeg 768w, https:\/\/elpueblonoticia.com.ar\/web\/wp-content\/uploads\/2026\/01\/NOTA-GLADYS-5-321x420.jpeg 321w, https:\/\/elpueblonoticia.com.ar\/web\/wp-content\/uploads\/2026\/01\/NOTA-GLADYS-5-696x910.jpeg 696w, https:\/\/elpueblonoticia.com.ar\/web\/wp-content\/uploads\/2026\/01\/NOTA-GLADYS-5-1068x1396.jpeg 1068w, https:\/\/elpueblonoticia.com.ar\/web\/wp-content\/uploads\/2026\/01\/NOTA-GLADYS-5.jpeg 1080w\" sizes=\"auto, (max-width: 229px) 100vw, 229px\" \/> <img loading=\"lazy\" decoding=\"async\" class=\"alignnone size-medium wp-image-5742\" src=\"https:\/\/elpueblonoticia.com.ar\/web\/wp-content\/uploads\/2026\/01\/NOTA-GLADYS-2-224x300.jpeg\" alt=\"\" width=\"224\" height=\"300\" srcset=\"https:\/\/elpueblonoticia.com.ar\/web\/wp-content\/uploads\/2026\/01\/NOTA-GLADYS-2-224x300.jpeg 224w, https:\/\/elpueblonoticia.com.ar\/web\/wp-content\/uploads\/2026\/01\/NOTA-GLADYS-2-764x1024.jpeg 764w, https:\/\/elpueblonoticia.com.ar\/web\/wp-content\/uploads\/2026\/01\/NOTA-GLADYS-2-768x1029.jpeg 768w, https:\/\/elpueblonoticia.com.ar\/web\/wp-content\/uploads\/2026\/01\/NOTA-GLADYS-2-313x420.jpeg 313w, https:\/\/elpueblonoticia.com.ar\/web\/wp-content\/uploads\/2026\/01\/NOTA-GLADYS-2-696x933.jpeg 696w, https:\/\/elpueblonoticia.com.ar\/web\/wp-content\/uploads\/2026\/01\/NOTA-GLADYS-2-1068x1431.jpeg 1068w, https:\/\/elpueblonoticia.com.ar\/web\/wp-content\/uploads\/2026\/01\/NOTA-GLADYS-2.jpeg 1080w\" sizes=\"auto, (max-width: 224px) 100vw, 224px\" \/><\/p>\n<p class=\"x_MsoNormal\"><span lang=\"ES\" data-olk-copy-source=\"MessageBody\">Vacaciones de verano:\u00a0<\/span><\/p>\n<p class=\"x_MsoNormal\"><span lang=\"ES\" data-olk-copy-source=\"MessageBody\">La directora de la Escuela Taller Itati, profesora Gladis Ramos, en declaraciones radiales, destac\u00f3 la planificaci\u00f3n de estas capacitaciones y la buena recepci\u00f3n en la comunidad toda vez que est\u00e1n completos los cupos.<\/span><\/p>\n<p class=\"x_MsoNormal\"><span lang=\"ES\">Desde cocina y costura hasta est\u00e9tica y manualidades, los cursos de verano municipales ofrecen una amplia variedad de opciones para ni\u00f1os y adolescentes, que se agotaron r\u00e1pidamente.<\/span><\/p>\n<p class=\"x_MsoNormal\"><span lang=\"ES\">&#8220;Nuestra Se\u00f1ora de Itat\u00ed&#8221; de Goya ha lanzado una atractiva oferta de cursos de verano, brindando a ni\u00f1os y adolescentes de entre 6 y 16 a\u00f1os la oportunidad de participar en talleres dise\u00f1ados para fomentar su creatividad y desarrollar diversas habilidades. Los cursos, que comenzaron el 5 de enero, han tenido una excelente acogida por parte de la comunidad.<\/span><\/p>\n<p class=\"x_MsoNormal\"><span lang=\"ES\">\u00a0<\/span><\/p>\n<p class=\"x_MsoNormal\"><span lang=\"ES\">La Escuela ofrece Peinados Kids, Spa-Divertirte, Reinas del Verano, Puntaditas Kids y Rodete Expr\u00e9s.<\/span><\/p>\n<p class=\"x_MsoNormal\"><span lang=\"ES\">\u00a0<\/span><\/p>\n<p class=\"x_MsoNormal\"><span lang=\"ES\">El espacio de belleza SPA Divertirte funciona los d\u00edas lunes de 16 a 18 horas con la profesora Jesica Ben\u00edtez. All\u00ed, los ni\u00f1os comparten, aprenden y se divierten todo lo que sea relajaci\u00f3n, manicura, cuidados de manos e higiene. Los fines de semana se brindan los espacios Peinados Kids y Rodetes Kids a cargo de las profesoras Florencia Medina y Cecilia Leiva. Este martes est\u00e1n a cargo de m\u00e1s talleres las profes Miriam Romero y Nidia Delgado. En tanto que la directora Gladis Ramos con la profe Marisa tienen a cargo el curso de Puntaditas Kids.<\/span><\/p>\n<p class=\"x_MsoNormal\"><span lang=\"ES\">\u00a0<\/span><\/p>\n<p class=\"x_MsoNormal\"><span lang=\"ES\">ESCUELITA VILLARREAL<\/span><\/p>\n<p class=\"x_MsoNormal\"><span lang=\"ES\">\u00a0<\/span><\/p>\n<p class=\"x_MsoNormal\"><span lang=\"ES\">En la Escuela &#8220;Antonio R. Villarreal&#8221; se dictan talleres como Mini Delicias, Chefcitos, Panaderitos, Coser para Crear, Crear para Crecer y Mini Glam Studio (mixto).<\/span><\/p>\n<p class=\"x_MsoNormal\"><span lang=\"ES\">Cabe se\u00f1alar que los chicos, una vez a la semana, se dirigen al parque acu\u00e1tico para realizar all\u00ed actividades integradoras. Este martes disfrutaron de una linda jornada los chicos de la escuelita Villarreal Este jueves le toca asistir a los alumnos de la Escuela Taller Itat\u00ed.<\/span><\/p>\n<p class=\"x_MsoNormal\"><span lang=\"ES\">La oferta de talleres es amplia y variada, incluyendo opciones para todos los gustos e intereses. Tiene el apoyo de la Secretar\u00eda de Educaci\u00f3n y la Direcci\u00f3n de Juventud.<\/span><\/p>\n<p class=\"x_MsoNormal\"><span lang=\"ES\">Ramos agradeci\u00f3 la confianza de los padres y la ayuda que les dan a los docentes, acompa\u00f1ando los contingentes para colaborar en cuidar de los chicos, tanto en zona de piletas como en el predio parque Santa Luc\u00eda.<\/span><\/p>\n<p class=\"x_MsoNormal\"><span lang=\"ES\">\u00a0<\/span><\/p>\n","protected":false},"excerpt":{"rendered":"<p>Vacaciones de verano:\u00a0 La directora de la Escuela Taller Itati, profesora Gladis Ramos, en declaraciones radiales, destac\u00f3 la planificaci\u00f3n de estas capacitaciones y la buena recepci\u00f3n en la comunidad toda vez que est\u00e1n completos los cupos. Desde cocina y costura hasta est\u00e9tica y manualidades, los cursos de verano municipales ofrecen una amplia variedad de opciones [&hellip;]<\/p>\n","protected":false},"author":2,"featured_media":5741,"comment_status":"open","ping_status":"open","sticky":false,"template":"","format":"standard","meta":{"footnotes":""},"categories":[56],"tags":[],"class_list":{"0":"post-5740","1":"post","2":"type-post","3":"status-publish","4":"format-standard","5":"has-post-thumbnail","7":"category-locales"},"_links":{"self":[{"href":"https:\/\/elpueblonoticia.com.ar\/web\/wp-json\/wp\/v2\/posts\/5740","targetHints":{"allow":["GET"]}}],"collection":[{"href":"https:\/\/elpueblonoticia.com.ar\/web\/wp-json\/wp\/v2\/posts"}],"about":[{"href":"https:\/\/elpueblonoticia.com.ar\/web\/wp-json\/wp\/v2\/types\/post"}],"author":[{"embeddable":true,"href":"https:\/\/elpueblonoticia.com.ar\/web\/wp-json\/wp\/v2\/users\/2"}],"replies":[{"embeddable":true,"href":"https:\/\/elpueblonoticia.com.ar\/web\/wp-json\/wp\/v2\/comments?post=5740"}],"version-history":[{"count":1,"href":"https:\/\/elpueblonoticia.com.ar\/web\/wp-json\/wp\/v2\/posts\/5740\/revisions"}],"predecessor-version":[{"id":5746,"href":"https:\/\/elpueblonoticia.com.ar\/web\/wp-json\/wp\/v2\/posts\/5740\/revisions\/5746"}],"wp:featuredmedia":[{"embeddable":true,"href":"https:\/\/elpueblonoticia.com.ar\/web\/wp-json\/wp\/v2\/media\/5741"}],"wp:attachment":[{"href":"https:\/\/elpueblonoticia.com.ar\/web\/wp-json\/wp\/v2\/media?parent=5740"}],"wp:term":[{"taxonomy":"category","embeddable":true,"href":"https:\/\/elpueblonoticia.com.ar\/web\/wp-json\/wp\/v2\/categories?post=5740"},{"taxonomy":"post_tag","embeddable":true,"href":"https:\/\/elpueblonoticia.com.ar\/web\/wp-json\/wp\/v2\/tags?post=5740"}],"curies":[{"name":"wp","href":"https:\/\/api.w.org\/{rel}","templated":true}]}}