{"id":5734,"date":"2026-01-20T12:25:05","date_gmt":"2026-01-20T15:25:05","guid":{"rendered":"https:\/\/elpueblonoticia.com.ar\/web\/?p=5734"},"modified":"2026-01-20T12:25:05","modified_gmt":"2026-01-20T15:25:05","slug":"la-inflacion-mayorista-se-acelero-en-diciembre-y-cerro-el-2025-con-el-menor-nivel-en-ocho-anos","status":"publish","type":"post","link":"https:\/\/elpueblonoticia.com.ar\/web\/2026\/01\/20\/la-inflacion-mayorista-se-acelero-en-diciembre-y-cerro-el-2025-con-el-menor-nivel-en-ocho-anos\/","title":{"rendered":"La inflaci\u00f3n mayorista se aceler\u00f3 en diciembre y cerr\u00f3 el 2025 con el menor nivel en ocho a\u00f1os"},"content":{"rendered":"<div id=\"modalIntrotext\">\n<div>NA &#8211; Tal como ocurri\u00f3 con el IPC, los precios mayoristas apretaron a fin de a\u00f1o. Cu\u00e1les aumentaron m\u00e1s y cu\u00e1les menos.<\/div>\n<div><\/div>\n<div>Buenos Aires, 19 enero (NA)&#8211; El \u00edndice de precios internos al por mayor (IPIM) cerr\u00f3 el 2025 con el n\u00famero m\u00e1s bajo en ocho a\u00f1os, tras haber subido 26,2%, mientras que diciembre se aceler\u00f3 al 2,4%.<\/p>\n<p>Seg\u00fan supo la Agencia Noticias Argentinas, la inflaci\u00f3n mayorista fue la m\u00e1s baja en ocho a\u00f1os, tras haber culminado el 2017 con 18,8%.<\/p>\n<p>Sin embargo, la informaci\u00f3n difundida por el Instituto Nacional de Estad\u00edsticas y Censos (INDEC) arroj\u00f3 una aceleraci\u00f3n respecto a noviembre (1,6%) de 0,8 puntos porcentuales.<\/p>\n<p>Esta suba se dio como consecuencia del incremento de 2,4% en los productos nacionales y 1,7% en los importados.<\/p>\n<p>Dentro de los nacionales, los rubros con mayor impacto en el IPIM fueron:<\/p>\n<p>Productos refinados del petr\u00f3leo: 0,7%.<br \/>\nAlimentos y bebidas: 0,38%.<br \/>\nPetr\u00f3leo crudo y gas: 0,24%.<br \/>\nVeh\u00edculos automotores, carrocer\u00edas y repuestos: 0,23%.<br \/>\nProductos agropecuarios: 0,21%.<\/p>\n<p>Con respecto al \u00edndice de precios internos b\u00e1sicos al por mayor (IPIB) mostr\u00f3 un ascenso de 2,2% en el mismo per\u00edodo que se explica por la suba de 2,2% en los productos nacionales y del 1,8% en los importados.<\/p>\n<p>Mientras que el \u00edndice de precios b\u00e1sicos del productor (IPP) aument\u00f3 2,4%, debido a la suba de 2,8% en los productos primarios y de 2,3% en los productos manufacturados y energ\u00eda el\u00e9ctrica.<\/p>\n<p>Precios con mayores aumentos en el 2025<br \/>\nTabaco: 37,9%.<br \/>\nProductos refinados del petr\u00f3leo: 37,5%.<br \/>\nProductos agropecuarios: 36,8%.<br \/>\nVeh\u00edculos automotores, carrocer\u00edas y repuestos: 33,4%.<br \/>\nImpresiones y reproducci\u00f3n de grabaciones: 32,7%.<br \/>\nAlimentos y bebidas: 28%.<br \/>\nManufacturados y energ\u00eda el\u00e9ctrica: 26,9%.<br \/>\nEquipos para medicina e instrumentos de medici\u00f3n: 25,6%.<br \/>\nProductos pesqueros: 25,6%.<br \/>\nProductos de minerales no met\u00e1licos: 25,7%.<br \/>\nPrecios con menores aumentos en el 2025<br \/>\nEquipos y aparatos de radio y televisi\u00f3n: 3,8%.<br \/>\nPetr\u00f3leo crudo y gas: 8,5%.<br \/>\nCuero, art\u00edculos de marroquiner\u00eda y calzado: 11,8%.<br \/>\nOtros medios de transporte: 12,7%.<br \/>\nPapel y productos de papel: 15%.<\/p>\n<p>\u201cLa baja en la inflaci\u00f3n mayorista fue posible gracias al programa de Gobierno que prioriz\u00f3 el super\u00e1vit fiscal, el control estricto de la cantidad de dinero, la recapitalizaci\u00f3n del Banco Central (BCRA) y una serie de medidas para desregular el comercio que permiti\u00f3 reducir costos innecesarios para el sector privado\u201d, se\u00f1alaron desde el Ministerio de Econom\u00eda.<\/p>\n<p>La mayorista qued\u00f3 por debajo de la minorista<\/p>\n<p>La inflaci\u00f3n de diciembre fue de 2,8%, seg\u00fan el \u00cdndice de Precios al Consumidor (IPC) que difundi\u00f3 el INDEC. De esta manera, la inflaci\u00f3n en el 2025 fue de 31,5% y alcanz\u00f3 el menor nivel en ocho a\u00f1os (24,8% en diciembre de 2017).<\/p>\n<p>Transporte (4%) y Vivienda, agua, electricidad, gas y otros combustibles (3,4%) fueron las divisiones con mayor aumento durante el \u00faltimo mes del a\u00f1o. #AgenciaNA<\/p><\/div>\n<\/div>\n","protected":false},"excerpt":{"rendered":"<p>NA &#8211; Tal como ocurri\u00f3 con el IPC, los precios mayoristas apretaron a fin de a\u00f1o. Cu\u00e1les aumentaron m\u00e1s y cu\u00e1les menos. Buenos Aires, 19 enero (NA)&#8211; El \u00edndice de precios internos al por mayor (IPIM) cerr\u00f3 el 2025 con el n\u00famero m\u00e1s bajo en ocho a\u00f1os, tras haber subido 26,2%, mientras que diciembre se [&hellip;]<\/p>\n","protected":false},"author":2,"featured_media":5735,"comment_status":"open","ping_status":"open","sticky":false,"template":"","format":"standard","meta":{"footnotes":""},"categories":[65],"tags":[],"class_list":{"0":"post-5734","1":"post","2":"type-post","3":"status-publish","4":"format-standard","5":"has-post-thumbnail","7":"category-economia"},"_links":{"self":[{"href":"https:\/\/elpueblonoticia.com.ar\/web\/wp-json\/wp\/v2\/posts\/5734","targetHints":{"allow":["GET"]}}],"collection":[{"href":"https:\/\/elpueblonoticia.com.ar\/web\/wp-json\/wp\/v2\/posts"}],"about":[{"href":"https:\/\/elpueblonoticia.com.ar\/web\/wp-json\/wp\/v2\/types\/post"}],"author":[{"embeddable":true,"href":"https:\/\/elpueblonoticia.com.ar\/web\/wp-json\/wp\/v2\/users\/2"}],"replies":[{"embeddable":true,"href":"https:\/\/elpueblonoticia.com.ar\/web\/wp-json\/wp\/v2\/comments?post=5734"}],"version-history":[{"count":1,"href":"https:\/\/elpueblonoticia.com.ar\/web\/wp-json\/wp\/v2\/posts\/5734\/revisions"}],"predecessor-version":[{"id":5736,"href":"https:\/\/elpueblonoticia.com.ar\/web\/wp-json\/wp\/v2\/posts\/5734\/revisions\/5736"}],"wp:featuredmedia":[{"embeddable":true,"href":"https:\/\/elpueblonoticia.com.ar\/web\/wp-json\/wp\/v2\/media\/5735"}],"wp:attachment":[{"href":"https:\/\/elpueblonoticia.com.ar\/web\/wp-json\/wp\/v2\/media?parent=5734"}],"wp:term":[{"taxonomy":"category","embeddable":true,"href":"https:\/\/elpueblonoticia.com.ar\/web\/wp-json\/wp\/v2\/categories?post=5734"},{"taxonomy":"post_tag","embeddable":true,"href":"https:\/\/elpueblonoticia.com.ar\/web\/wp-json\/wp\/v2\/tags?post=5734"}],"curies":[{"name":"wp","href":"https:\/\/api.w.org\/{rel}","templated":true}]}}