{"id":5730,"date":"2026-01-20T11:40:12","date_gmt":"2026-01-20T14:40:12","guid":{"rendered":"https:\/\/elpueblonoticia.com.ar\/web\/?p=5730"},"modified":"2026-01-20T11:40:12","modified_gmt":"2026-01-20T14:40:12","slug":"asi-es-el-formulario-que-se-debera-completar-para-mantener-los-subsidios-energeticos","status":"publish","type":"post","link":"https:\/\/elpueblonoticia.com.ar\/web\/2026\/01\/20\/asi-es-el-formulario-que-se-debera-completar-para-mantener-los-subsidios-energeticos\/","title":{"rendered":"As\u00ed es el formulario que se deber\u00e1 completar para mantener los subsidios energ\u00e9ticos"},"content":{"rendered":"<p>El gobierno de Javier Milei dio a conocer este martes el formulario que deber\u00e1n completar los interesados en acceder a los Subsidios Energ\u00e9ticos Focalizados (SEF) que reemplaz\u00f3 al Registro de Acceso a los Subsidios Energ\u00e9ticos (RASE). As\u00ed qued\u00f3 plasmado en la Disposici\u00f3n 1\/2026 de la Subsecretar\u00eda de Transici\u00f3n y Planeamiento Energ\u00e9tico dependiente del Ministerio de Econom\u00eda de la Naci\u00f3n que conduce Luis Caputo.<\/p>\n<p>La creaci\u00f3n del SEF se da en el marco de la decisi\u00f3n del gobierno libertario de seguir pasando la motosierra sobre el gasto p\u00fablico y pone as\u00ed fin a la segmentaci\u00f3n tarifaria para pasar a dejar en pie apenas dos categor\u00edas: con subsidios y sin subsidios. Esta decisi\u00f3n implica un muy duro golpe a las econom\u00edas de los hogares de clase media que ser\u00e1n los principales afectados por la quita de subsidios.<\/p>\n<p>El Gobierno advirti\u00f3 que quienes ya est\u00e1n inscriptos en el ex Registro de Acceso a los Subsidios Energ\u00e9ticos (RASE) no tienen que volver a hacer el tr\u00e1mite aunque s\u00ed tendr\u00e1n la obligaci\u00f3n de actualizar o confirmar sus datos personales y econ\u00f3micos para conservar el beneficio. En cambio los usuarios de garrafas y\/o beneficiarios del ex Programa Hogar, deben volver a inscribirse para recibir el subsidio en el nuevo esquema.<\/p>\n<p>Por medio del formulario de Declaraci\u00f3n Jurada los interesados en conservar los subsidios energ\u00e9ticos deber\u00e1n informar los datos personales y del grupo conviviente, ingresos del hogar, fuentes de suministro energ\u00e9tico y necesidad de acceder a subsidios.<\/p>\n<p>El tr\u00e1mite podr\u00e1 realizarse de forma online, a trav\u00e9s del sitio oficial\u00a0<a href=\"https:\/\/subsidios-energia.argentina.gob.ar\/\">https:\/\/subsidios-energia.argentina.gob.ar\/<\/a><\/p>\n<p>y de manera presencial, en oficinas de la Administraci\u00f3n Nacional de la Seguridad Social (Anses), para quienes no cuenten con acceso digital o tengan dificultades para completar el formulario virtual.<\/p>\n<p>En tanto, se estableci\u00f3 que la Subsecretar\u00eda de Transici\u00f3n y Planeamiento Energ\u00e9tico estar\u00e1 a cargo de la gesti\u00f3n operativa del ReSEF, incluyendo la verificaci\u00f3n de la informaci\u00f3n declarada. Para ello, se habilit\u00f3 el cruce de datos con otros organismos del Estado, como ANSES; la Agencia de Recaudaci\u00f3n y Control Aduanero (ARCA) y el Sistema de Identificaci\u00f3n Nacional Tributario y Social (SINTyS), con el objetivo de evaluar la elegibilidad real de los hogares.<\/p>\n<p>Seg\u00fan la norma, estos cruces permitir\u00e1n verificar ingresos, composici\u00f3n familiar e indicadores patrimoniales, siempre bajo los lineamientos de la Ley de Protecci\u00f3n de Datos Personales (Ley 25.326). Asimismo, los beneficiarios podr\u00e1n consultar en todo momento su situaci\u00f3n dentro del r\u00e9gimen SEF a trav\u00e9s de la plataforma Mi Argentina, en la secci\u00f3n Tr\u00e1mites. En caso de detectar errores o exclusiones, se podr\u00e1 solicitar una revisi\u00f3n del beneficio mediante el sistema de Tr\u00e1mites a Distancia (TAD).<\/p>\n<h3>Subsidios: criterios de exclusi\u00f3n<\/h3>\n<p>El gobierno libertario tambi\u00e9n oficializ\u00f3 los criterios de exclusi\u00f3n del SEF. Lo hizo en la Disposici\u00f3n 2\/2026 de la Subsecretar\u00eda de Transici\u00f3n y Planeamiento Energ\u00e9tico tambi\u00e9n publicada hoy en el Bolet\u00edn Oficial.<\/p>\n<p>A fines de resolver la admisi\u00f3n, rechazo o exclusi\u00f3n de los hogares solicitantes del SEF, se tendr\u00e1n en cuenta los siguientes criterios de exclusi\u00f3n:<\/p>\n<p>Hogares cuyos integrantes posean al menos un autom\u00f3vil con una antig\u00fcedad igual o menor a tres a\u00f1os. Este criterio no se aplica en el caso de contar con un integrante del hogar titular de un Certificado \u00danico de Discapacidad (CUD) emitido por autoridad competente.<br \/>\nHogares cuyos integrantes posean, en conjunto, tres o m\u00e1s inmuebles.<br \/>\nHogares en los que al menos un integrante posea una embarcaci\u00f3n de lujo.<br \/>\nHogares en los que al menos un integrante posea una aeronave.<br \/>\nHogares en los que al menos un integrante posea Activos Societarios.<\/p>\n","protected":false},"excerpt":{"rendered":"<p>El gobierno de Javier Milei dio a conocer este martes el formulario que deber\u00e1n completar los interesados en acceder a los Subsidios Energ\u00e9ticos Focalizados (SEF) que reemplaz\u00f3 al Registro de Acceso a los Subsidios Energ\u00e9ticos (RASE). As\u00ed qued\u00f3 plasmado en la Disposici\u00f3n 1\/2026 de la Subsecretar\u00eda de Transici\u00f3n y Planeamiento Energ\u00e9tico dependiente del Ministerio de [&hellip;]<\/p>\n","protected":false},"author":2,"featured_media":5731,"comment_status":"open","ping_status":"open","sticky":false,"template":"","format":"standard","meta":{"footnotes":""},"categories":[78],"tags":[],"class_list":{"0":"post-5730","1":"post","2":"type-post","3":"status-publish","4":"format-standard","5":"has-post-thumbnail","7":"category-generales"},"_links":{"self":[{"href":"https:\/\/elpueblonoticia.com.ar\/web\/wp-json\/wp\/v2\/posts\/5730","targetHints":{"allow":["GET"]}}],"collection":[{"href":"https:\/\/elpueblonoticia.com.ar\/web\/wp-json\/wp\/v2\/posts"}],"about":[{"href":"https:\/\/elpueblonoticia.com.ar\/web\/wp-json\/wp\/v2\/types\/post"}],"author":[{"embeddable":true,"href":"https:\/\/elpueblonoticia.com.ar\/web\/wp-json\/wp\/v2\/users\/2"}],"replies":[{"embeddable":true,"href":"https:\/\/elpueblonoticia.com.ar\/web\/wp-json\/wp\/v2\/comments?post=5730"}],"version-history":[{"count":1,"href":"https:\/\/elpueblonoticia.com.ar\/web\/wp-json\/wp\/v2\/posts\/5730\/revisions"}],"predecessor-version":[{"id":5732,"href":"https:\/\/elpueblonoticia.com.ar\/web\/wp-json\/wp\/v2\/posts\/5730\/revisions\/5732"}],"wp:featuredmedia":[{"embeddable":true,"href":"https:\/\/elpueblonoticia.com.ar\/web\/wp-json\/wp\/v2\/media\/5731"}],"wp:attachment":[{"href":"https:\/\/elpueblonoticia.com.ar\/web\/wp-json\/wp\/v2\/media?parent=5730"}],"wp:term":[{"taxonomy":"category","embeddable":true,"href":"https:\/\/elpueblonoticia.com.ar\/web\/wp-json\/wp\/v2\/categories?post=5730"},{"taxonomy":"post_tag","embeddable":true,"href":"https:\/\/elpueblonoticia.com.ar\/web\/wp-json\/wp\/v2\/tags?post=5730"}],"curies":[{"name":"wp","href":"https:\/\/api.w.org\/{rel}","templated":true}]}}