{"id":5726,"date":"2026-01-20T11:24:55","date_gmt":"2026-01-20T14:24:55","guid":{"rendered":"https:\/\/elpueblonoticia.com.ar\/web\/?p=5726"},"modified":"2026-01-20T11:24:55","modified_gmt":"2026-01-20T14:24:55","slug":"el-goyano-ignacio-vilas-inicia-su-camino-en-el-tc-pista-mouras","status":"publish","type":"post","link":"https:\/\/elpueblonoticia.com.ar\/web\/2026\/01\/20\/el-goyano-ignacio-vilas-inicia-su-camino-en-el-tc-pista-mouras\/","title":{"rendered":"El goyano Ignacio Vilas inicia su camino en el TC Pista Mouras"},"content":{"rendered":"<p>Llega tras una destacada temporada en la F\u00f3rmula 3 Metropolitana. Representar\u00e1 a Corrientes con una Dodge del Galarza Competici\u00f3n.<\/p>\n<p>El <strong>piloto goyano Ignacio Vilas debutar\u00e1\u00a0<\/strong>este fin de semana,\u00a0<strong>24 y 25 de enero<\/strong>, en el\u00a0<strong>TC Pista Mouras<\/strong>, una de las\u00a0<strong>categor\u00edas formativas\u00a0<\/strong>m\u00e1s\u00a0<strong>importantes del automovilismo nacional<\/strong>, en el\u00a0<strong>aut\u00f3dromo Roberto Mouras\u00a0<\/strong>de la\u00a0<strong>ciudad de La Plata<\/strong>.<\/p>\n<div class=\"container-spot\" data-tipo=\"tipo_todo\" data-pos=\"NEW_P1_cuerpo\">\n<div class=\"gpt-load\" data-gpt=\"\/22675780113\/nota\/new_p1_cuerpo\" data-size=\"[[728, 90]]\" data-gpt-mobile=\"\/22675780113\/nota\/new_p1_cuerpo\" data-size-mobile=\"[[320, 100],[300, 250],[300, 100],[300, 50]]\"><\/div>\n<\/div>\n<p><strong>Vilas competir\u00e1\u00a0<\/strong>a bordo de una\u00a0<strong>Dodge\u00a0<\/strong>del equipo\u00a0<strong>Galarza Competici\u00f3n\u00a0<\/strong>y ser\u00e1 el \u00fanico representante de\u00a0<strong>Corrientes\u00a0<\/strong>en esta\u00a0<strong>divisional fiscalizada\u00a0<\/strong>por la\u00a0<strong>Asociaci\u00f3n Corredores Turismo Carretera\u00a0<\/strong>(Actc).<\/p>\n<h2 class=\"h2\">Paso clave en su carrera deportiva<\/h2>\n<p>Luego de un\u00a0<strong>2025 con buenas actuaciones\u00a0<\/strong>en la\u00a0<strong>F\u00f3rmula 3 Metropolitana<\/strong>, el\u00a0<strong>piloto de Goya\u00a0<\/strong>dar\u00e1 un paso importante en su\u00a0<strong>trayectoria deportiva\u00a0<\/strong>al incorporarse a una categor\u00eda de\u00a0<strong>proyecci\u00f3n\u00a0<\/strong>dentro del\u00a0<strong>automovilismo argentino<\/strong>.<\/p>\n<div class=\"container-spot\" data-tipo=\"tipo_todo\" data-pos=\"NEW_P2_cuerpo\">\n<div class=\"gpt-load\" data-gpt=\"\/22675780113\/nota\/new_p2_cuerpo\" data-size=\"[[728, 90]]\" data-gpt-mobile=\"\/22675780113\/nota\/new_p2_cuerpo\" data-size-mobile=\"[[320, 100],[320, 50],[300, 600],[300, 250],[300, 100],[300, 50]]\"><\/div>\n<\/div>\n<p>El\u00a0<strong>debut en el TC Pista Mouras\u00a0<\/strong>marca una\u00a0<strong>nueva etapa\u00a0<\/strong>en su desarrollo como piloto, enfrentando a\u00a0<strong>competidores\u00a0<\/strong>de\u00a0<strong>distintos puntos del pa\u00eds<\/strong>.<\/p>\n<h2 class=\"h2\">Pruebas y adaptaci\u00f3n al auto<\/h2>\n<p><strong>Ignacio Vilas\u00a0<\/strong>gir\u00f3 por primera vez con la\u00a0<strong>Dodge del Galarza Competici\u00f3n\u00a0<\/strong>el pasado\u00a0<strong>30 de diciembre<\/strong>, en una\u00a0<strong>jornada de pruebas\u00a0<\/strong>en la que mostr\u00f3 una\u00a0<strong>r\u00e1pida adaptaci\u00f3n\u00a0<\/strong>al veh\u00edculo.<\/p>\n<div class=\"container-spot\" data-tipo=\"tipo_todo\" data-pos=\"NEW_P3_cuerpo\">\n<div class=\"gpt-load\" data-gpt=\"\/22675780113\/nota\/new_p3_cuerpo\" data-size=\"[[728, 90]]\" data-gpt-mobile=\"\/22675780113\/nota\/new_p3_cuerpo\" data-size-mobile=\"[[320, 100],[320, 50],[300, 250],[300, 100],[300, 50]]\"><\/div>\n<\/div>\n<p>Durante ese ensayo, el\u00a0<strong>piloto correntino\u00a0<\/strong>complet\u00f3 un total de\u00a0<strong>65 vueltas al circuito<\/strong>, registrando\u00a0<strong>buenos tiempos\u00a0<\/strong>y\u00a0<strong>acumulando experiencia\u00a0<\/strong>de cara a su\u00a0<strong>estreno oficial<\/strong>.<\/p>\n<h2 class=\"h2\">Fin de semana de competencia<\/h2>\n<p>El\u00a0<strong>debut\u00a0<\/strong>se concretar\u00e1 este\u00a0<strong>fin de semana\u00a0<\/strong>en el\u00a0<strong>aut\u00f3dromo Roberto Mouras<\/strong>, donde\u00a0<strong>Vilas\u00a0<\/strong>participar\u00e1 de una\u00a0<strong>nueva fecha del TC Pista Mouras<\/strong>, midi\u00e9ndose con\u00a0<strong>pilotos de todo el pa\u00eds\u00a0<\/strong>en una de las\u00a0<strong>categor\u00edas m\u00e1s competitivas del calendario nacional.<\/strong><\/p>\n","protected":false},"excerpt":{"rendered":"<p>Llega tras una destacada temporada en la F\u00f3rmula 3 Metropolitana. Representar\u00e1 a Corrientes con una Dodge del Galarza Competici\u00f3n. El piloto goyano Ignacio Vilas debutar\u00e1\u00a0este fin de semana,\u00a024 y 25 de enero, en el\u00a0TC Pista Mouras, una de las\u00a0categor\u00edas formativas\u00a0m\u00e1s\u00a0importantes del automovilismo nacional, en el\u00a0aut\u00f3dromo Roberto Mouras\u00a0de la\u00a0ciudad de La Plata. Vilas competir\u00e1\u00a0a bordo de [&hellip;]<\/p>\n","protected":false},"author":2,"featured_media":5727,"comment_status":"open","ping_status":"open","sticky":false,"template":"","format":"standard","meta":{"footnotes":""},"categories":[76],"tags":[],"class_list":{"0":"post-5726","1":"post","2":"type-post","3":"status-publish","4":"format-standard","5":"has-post-thumbnail","7":"category-deportes"},"_links":{"self":[{"href":"https:\/\/elpueblonoticia.com.ar\/web\/wp-json\/wp\/v2\/posts\/5726","targetHints":{"allow":["GET"]}}],"collection":[{"href":"https:\/\/elpueblonoticia.com.ar\/web\/wp-json\/wp\/v2\/posts"}],"about":[{"href":"https:\/\/elpueblonoticia.com.ar\/web\/wp-json\/wp\/v2\/types\/post"}],"author":[{"embeddable":true,"href":"https:\/\/elpueblonoticia.com.ar\/web\/wp-json\/wp\/v2\/users\/2"}],"replies":[{"embeddable":true,"href":"https:\/\/elpueblonoticia.com.ar\/web\/wp-json\/wp\/v2\/comments?post=5726"}],"version-history":[{"count":1,"href":"https:\/\/elpueblonoticia.com.ar\/web\/wp-json\/wp\/v2\/posts\/5726\/revisions"}],"predecessor-version":[{"id":5728,"href":"https:\/\/elpueblonoticia.com.ar\/web\/wp-json\/wp\/v2\/posts\/5726\/revisions\/5728"}],"wp:featuredmedia":[{"embeddable":true,"href":"https:\/\/elpueblonoticia.com.ar\/web\/wp-json\/wp\/v2\/media\/5727"}],"wp:attachment":[{"href":"https:\/\/elpueblonoticia.com.ar\/web\/wp-json\/wp\/v2\/media?parent=5726"}],"wp:term":[{"taxonomy":"category","embeddable":true,"href":"https:\/\/elpueblonoticia.com.ar\/web\/wp-json\/wp\/v2\/categories?post=5726"},{"taxonomy":"post_tag","embeddable":true,"href":"https:\/\/elpueblonoticia.com.ar\/web\/wp-json\/wp\/v2\/tags?post=5726"}],"curies":[{"name":"wp","href":"https:\/\/api.w.org\/{rel}","templated":true}]}}