{"id":5722,"date":"2026-01-20T11:11:50","date_gmt":"2026-01-20T14:11:50","guid":{"rendered":"https:\/\/elpueblonoticia.com.ar\/web\/?p=5722"},"modified":"2026-01-20T11:11:50","modified_gmt":"2026-01-20T14:11:50","slug":"fiesta-nacional-del-chamame-asi-es-la-grilla-de-la-quinta-noche-con-presencia-de-la-sole","status":"publish","type":"post","link":"https:\/\/elpueblonoticia.com.ar\/web\/2026\/01\/20\/fiesta-nacional-del-chamame-asi-es-la-grilla-de-la-quinta-noche-con-presencia-de-la-sole\/","title":{"rendered":"Fiesta Nacional del Chamam\u00e9: as\u00ed es la grilla de la quinta noche con presencia de La Sole"},"content":{"rendered":"<p>Tras convocar a unas 8 mil personas por jornada durante el fin de semana, el evento sigue este 20 de enero en el Anfiteatro Cocomarola.<\/p>\n<article class=\"articulo\" data-id=\"696f5f9de13f3d0014797300\">\n<div class=\"articulo__container\">\n<div class=\"articulo__body\">\n<div class=\"articulo__cuerpo\">\n<p>a\u00a0<strong>Fiesta Nacional del Chamam\u00e9<\/strong>\u00a0tendr\u00e1 este martes 20 de enero su quinta noche consecutiva en el Anfiteatro Mario del Tr\u00e1nsito Cocomarola, en la ciudad de\u00a0<strong>Corrientes<\/strong>, en el marco de la 35\u00aa edici\u00f3n del evento. Se destaca la presentaci\u00f3n de\u00a0<strong>Soledad Pastorutti\u00a0<\/strong>como uno de los atractivos de la noche.<\/p>\n<div class=\"container-spot\" data-tipo=\"tipo_todo\" data-pos=\"NEW_P1_cuerpo\">\n<div class=\"gpt-load\" data-gpt=\"\/22675780113\/nota\/new_p1_cuerpo\" data-size=\"[[728, 90]]\" data-gpt-mobile=\"\/22675780113\/nota\/new_p1_cuerpo\" data-size-mobile=\"[[320, 100],[300, 250],[300, 100],[300, 50]]\"><\/div>\n<\/div>\n<p>Luego de un primer fin de semana con una asistencia estimada en\u00a0<strong>8 mil personas por noche,\u00a0<\/strong>seg\u00fan informaron fuentes policiales a\u00a0<em>El Litoral<\/em>, el festival contin\u00faa con una programaci\u00f3n que re\u00fane a artistas locales, regionales y figuras nacionales e internacionales.<\/p>\n<p>Durante el fin de semana pasaron por el escenario Iv\u00e1n Ruiz, Paquito Aranda, Marcia M\u00fcller y otros referentes del g\u00e9nero. En tanto, el lunes 19 se presentaron La Pilarcita, Sim\u00f3n de Jes\u00fas Palacios, Christian Herrera y Los Pr\u00edncipes de Misiones frente a un marco de alrededor de<strong>\u00a015.000 fan\u00e1ticos.<\/strong><\/p>\n<div class=\"container-spot\" data-tipo=\"tipo_todo\" data-pos=\"NEW_P2_cuerpo\">\n<div class=\"gpt-load\" data-gpt=\"\/22675780113\/nota\/new_p2_cuerpo\" data-size=\"[[728, 90]]\" data-gpt-mobile=\"\/22675780113\/nota\/new_p2_cuerpo\" data-size-mobile=\"[[320, 100],[320, 50],[300, 600],[300, 250],[300, 100],[300, 50]]\"><\/div>\n<\/div>\n<p><strong>Grilla para el martes\u00a0\u2013 D\u00eda 5<\/strong><\/p>\n<ul>\n<li>Bianca Almir\u00f3n y Carolina Maidana<\/li>\n<li>Canta Chaco<\/li>\n<li>Mar\u00eda Eugenia Gallardo<\/li>\n<li>David D\u00edaz Marchetto<\/li>\n<li>Guaran\u00edtica<\/li>\n<li>Las Voces Che Rajy<\/li>\n<li>Los Majestuosos del Chamam\u00e9<\/li>\n<li>Los Matu\u00e1 Mercede\u00f1os<\/li>\n<li>Martina Velazco<\/li>\n<li>Mat\u00edas Geneyro<\/li>\n<li>Nahir Rodr\u00edguez<\/li>\n<li>Nostalgias Mburucuyanas<\/li>\n<li>Renato Fag\u00fandez (BR)<\/li>\n<li>Rudy Flores \/ Joel Tort\u00fcl<\/li>\n<li>Soledad<\/li>\n<li>Tradicional 6<\/li>\n<li>Tup\u00e1 Noy<\/li>\n<li>Yamand\u00fa Costa (BR) y Facundo Rodr\u00edguez<\/li>\n<\/ul>\n<h2 class=\"h2\">Entradas: precios y puntos de venta<\/h2>\n<p>En cuanto a las entradas, la organizaci\u00f3n inform\u00f3 que, debido a la demanda, se ampli\u00f3 el horario de atenci\u00f3n de la boleter\u00eda del\u00a0<strong>Teatro Oficial Juan de Vera<\/strong>, que funciona de 9 a 21. Tambi\u00e9n se venden tickets en el\u00a0<strong>Anfiteatro Cocomarola<\/strong>\u00a0desde las 19 y a trav\u00e9s de la plataforma online Weepas.<\/p>\n<div class=\"container-spot\" data-tipo=\"tipo_todo\" data-pos=\"NEW_P3_cuerpo\">\n<div class=\"gpt-load\" data-gpt=\"\/22675780113\/nota\/new_p3_cuerpo\" data-size=\"[[728, 90]]\" data-gpt-mobile=\"\/22675780113\/nota\/new_p3_cuerpo\" data-size-mobile=\"[[320, 100],[320, 50],[300, 250],[300, 100],[300, 50]]\"><\/div>\n<\/div>\n<p>Los valores son de<strong>\u00a0$7.000\u00a0<\/strong>con ingreso permitido hasta las 21.30 y de\u00a0<strong>$9.000\u00a0<\/strong>sin l\u00edmite horario. Abonan entrada las personas a partir de los 13 a\u00f1os. Quienes cuenten con<strong>\u00a0Certificado \u00danico de Discapacidad<\/strong>\u00a0ingresan sin cargo, junto al acompa\u00f1ante autorizado. Adem\u00e1s<strong>, jubilados y pensionados\u00a0<\/strong>provinciales acceden a un descuento del 20%.<\/p>\n<p>Para quienes no puedan asistir de manera presencial, la\u00a0transmisi\u00f3n completa del festival se puede seguir\u00a0mediante\u00a0<strong>streaming\u00a0<\/strong>por YouTube y Corrientes Play. Tambi\u00e9n es posible ver el evento\u00a0por televisi\u00f3n a trav\u00e9s de la TV P\u00fablica, dentro de su programaci\u00f3n de festivales de verano.<\/p>\n<div class=\"container-spot\" data-tipo=\"tipo_todo\" data-pos=\"NEW_P4_cuerpo\">\n<div class=\"gpt-load\" data-gpt=\"\/22675780113\/nota\/new_p4_cuerpo\" data-size=\"[[728, 90]]\" data-gpt-mobile=\"\/22675780113\/nota\/new_p4_cuerpo\" data-size-mobile=\"[[300, 600],[300, 250],[300, 100],[300, 50],[320, 100],[320, 50]]\"><\/div>\n<\/div>\n<\/div>\n<\/div>\n<\/div>\n<\/article>\n","protected":false},"excerpt":{"rendered":"<p>Tras convocar a unas 8 mil personas por jornada durante el fin de semana, el evento sigue este 20 de enero en el Anfiteatro Cocomarola. a\u00a0Fiesta Nacional del Chamam\u00e9\u00a0tendr\u00e1 este martes 20 de enero su quinta noche consecutiva en el Anfiteatro Mario del Tr\u00e1nsito Cocomarola, en la ciudad de\u00a0Corrientes, en el marco de la 35\u00aa [&hellip;]<\/p>\n","protected":false},"author":2,"featured_media":5723,"comment_status":"open","ping_status":"open","sticky":false,"template":"","format":"standard","meta":{"footnotes":""},"categories":[78],"tags":[],"class_list":{"0":"post-5722","1":"post","2":"type-post","3":"status-publish","4":"format-standard","5":"has-post-thumbnail","7":"category-generales"},"_links":{"self":[{"href":"https:\/\/elpueblonoticia.com.ar\/web\/wp-json\/wp\/v2\/posts\/5722","targetHints":{"allow":["GET"]}}],"collection":[{"href":"https:\/\/elpueblonoticia.com.ar\/web\/wp-json\/wp\/v2\/posts"}],"about":[{"href":"https:\/\/elpueblonoticia.com.ar\/web\/wp-json\/wp\/v2\/types\/post"}],"author":[{"embeddable":true,"href":"https:\/\/elpueblonoticia.com.ar\/web\/wp-json\/wp\/v2\/users\/2"}],"replies":[{"embeddable":true,"href":"https:\/\/elpueblonoticia.com.ar\/web\/wp-json\/wp\/v2\/comments?post=5722"}],"version-history":[{"count":1,"href":"https:\/\/elpueblonoticia.com.ar\/web\/wp-json\/wp\/v2\/posts\/5722\/revisions"}],"predecessor-version":[{"id":5724,"href":"https:\/\/elpueblonoticia.com.ar\/web\/wp-json\/wp\/v2\/posts\/5722\/revisions\/5724"}],"wp:featuredmedia":[{"embeddable":true,"href":"https:\/\/elpueblonoticia.com.ar\/web\/wp-json\/wp\/v2\/media\/5723"}],"wp:attachment":[{"href":"https:\/\/elpueblonoticia.com.ar\/web\/wp-json\/wp\/v2\/media?parent=5722"}],"wp:term":[{"taxonomy":"category","embeddable":true,"href":"https:\/\/elpueblonoticia.com.ar\/web\/wp-json\/wp\/v2\/categories?post=5722"},{"taxonomy":"post_tag","embeddable":true,"href":"https:\/\/elpueblonoticia.com.ar\/web\/wp-json\/wp\/v2\/tags?post=5722"}],"curies":[{"name":"wp","href":"https:\/\/api.w.org\/{rel}","templated":true}]}}