{"id":5718,"date":"2026-01-20T10:14:12","date_gmt":"2026-01-20T13:14:12","guid":{"rendered":"https:\/\/elpueblonoticia.com.ar\/web\/?p=5718"},"modified":"2026-01-20T10:14:12","modified_gmt":"2026-01-20T13:14:12","slug":"corrientes-sostiene-la-educacion-tecnica-aseguran-el-presupuesto-pese-al-ajuste-de-nacion","status":"publish","type":"post","link":"https:\/\/elpueblonoticia.com.ar\/web\/2026\/01\/20\/corrientes-sostiene-la-educacion-tecnica-aseguran-el-presupuesto-pese-al-ajuste-de-nacion\/","title":{"rendered":"Corrientes sostiene la Educaci\u00f3n T\u00e9cnica: aseguran el presupuesto pese al ajuste de Naci\u00f3n"},"content":{"rendered":"<p>Tras la eliminaci\u00f3n del Fondo Nacional para la Educaci\u00f3n T\u00e9cnica en el Presupuesto 2026, el Gobierno de Corrientes asegur\u00f3 que mantendr\u00e1 el financiamiento del sector con recursos provinciales.<\/p>\n<p>Pese al<strong>\u00a0recorte nacional\u00a0<\/strong>al<strong>\u00a0Fondo Nacional<\/strong>\u00a0para la\u00a0<strong>Educaci\u00f3n T\u00e9cnico Profesional<\/strong>, la\u00a0<strong>ministra de Educaci\u00f3n de Corrientes<\/strong>, Ana Mi\u00f1o,<strong>\u00a0asegur\u00f3\u00a0<\/strong>que el financiamiento para los establecimientos de la provincia est\u00e1 garantizado. La funcionaria llev\u00f3 tranquilidad a docentes y alumnos tras la eliminaci\u00f3n por ley de esta partida en el Presupuesto 2026. Para la provincia, este sector de la educaci\u00f3n es\u00a0<strong>prioridad<\/strong><\/p>\n<div class=\"container-spot\" data-tipo=\"tipo_todo\" data-pos=\"NEW_P1_cuerpo\">\n<div class=\"gpt-load\" data-gpt=\"\/22675780113\/nota\/new_p1_cuerpo\" data-size=\"[[728, 90]]\" data-gpt-mobile=\"\/22675780113\/nota\/new_p1_cuerpo\" data-size-mobile=\"[[320, 100],[300, 250],[300, 100],[300, 50]]\"><\/div>\n<\/div>\n<p>El fondo, creado en 2005,<strong>\u00a0ejecut\u00f3<\/strong>\u00a0en el \u00faltimo a\u00f1o $37 mil millones destinados a insumos, mantenimiento de equipos y funcionamiento de escuelas t\u00e9cnicas, institutos superiores y centros de formaci\u00f3n profesional.\u00a0<strong>A nivel pa\u00eds, el recorte impacta en 3.868 instituciones y m\u00e1s de 1,4 millones de alumnos<\/strong>, seg\u00fan el Ministerio de Capital Humano.<\/p>\n<h3 class=\"subtitulo_en_cuerpo\">Proyectos y v\u00ednculo con Naci\u00f3n<\/h3>\n<p>\u201c<strong>En Corrientes el presupuesto para la educaci\u00f3n t\u00e9cnica est\u00e1 garantizado<\/strong>\u201d, afirm\u00f3 Mi\u00f1o. Reconoci\u00f3 que la quita de fondos afectar\u00e1 la operatividad, pero destac\u00f3 proye<strong>ctos para mitigar el impacto<\/strong>, como el relanzamiento de aulas t\u00e9cnicas m\u00f3viles.<\/p>\n<div class=\"container-spot\" data-tipo=\"tipo_todo\" data-pos=\"NEW_P2_cuerpo\">\n<div class=\"gpt-load\" data-gpt=\"\/22675780113\/nota\/new_p2_cuerpo\" data-size=\"[[728, 90]]\" data-gpt-mobile=\"\/22675780113\/nota\/new_p2_cuerpo\" data-size-mobile=\"[[320, 100],[320, 50],[300, 600],[300, 250],[300, 100],[300, 50]]\"><\/div>\n<\/div>\n<p>&#8220;<strong>Hay proyectos muy lindos, hay cosas que queremos retomar, que me parece que es fundamental<\/strong>&#8221; a\u00f1adi\u00f3 la Ministra en di\u00e1logo con radio La Red Corrientes.<\/p>\n<p>Adem\u00e1s, confirm\u00f3 contactos con Naci\u00f3n a trav\u00e9s de la Mesa Federal de Educaci\u00f3n y confirm\u00f3 que mantuvo una reuni\u00f3n virtual con el\u00a0<strong>Secretario General del Consejo Federal de Educaci\u00f3n<\/strong>, Jos\u00e9 Thomas, la semana pasada.<\/p>\n<div class=\"container-spot\" data-tipo=\"tipo_todo\" data-pos=\"NEW_P3_cuerpo\">\n<div class=\"gpt-load\" data-gpt=\"\/22675780113\/nota\/new_p3_cuerpo\" data-size=\"[[728, 90]]\" data-gpt-mobile=\"\/22675780113\/nota\/new_p3_cuerpo\" data-size-mobile=\"[[320, 100],[320, 50],[300, 250],[300, 100],[300, 50]]\"><\/div>\n<\/div>\n<p>&#8220;<strong>Tuvimos un intercambio interesante, algunas cuestiones que yo le fui planteando y en el mes de febrero seguramente vamos a tener otra reuni\u00f3n<\/strong>&#8221; asegur\u00f3.<\/p>\n<p>Con este esquema,\u00a0<strong>Corrientes<\/strong>\u00a0apuesta a sostener la<strong>\u00a0formaci\u00f3n profesional y t\u00e9cnica\u00a0<\/strong>con recursos propios mientras se define el nuevo marco de relaciones con la Naci\u00f3n.<\/p>\n<div class=\"container-spot\" data-tipo=\"tipo_todo\" data-pos=\"NEW_P4_cuerpo\">\n<div class=\"gpt-load\" data-gpt=\"\/22675780113\/nota\/new_p4_cuerpo\" data-size=\"[[728, 90]]\" data-gpt-mobile=\"\/22675780113\/nota\/new_p4_cuerpo\" data-size-mobile=\"[[300, 600],[300, 250],[300, 100],[300, 50],[320, 100],[320, 50]]\"><\/div>\n<\/div>\n","protected":false},"excerpt":{"rendered":"<p>Tras la eliminaci\u00f3n del Fondo Nacional para la Educaci\u00f3n T\u00e9cnica en el Presupuesto 2026, el Gobierno de Corrientes asegur\u00f3 que mantendr\u00e1 el financiamiento del sector con recursos provinciales. Pese al\u00a0recorte nacional\u00a0al\u00a0Fondo Nacional\u00a0para la\u00a0Educaci\u00f3n T\u00e9cnico Profesional, la\u00a0ministra de Educaci\u00f3n de Corrientes, Ana Mi\u00f1o,\u00a0asegur\u00f3\u00a0que el financiamiento para los establecimientos de la provincia est\u00e1 garantizado. La funcionaria llev\u00f3 [&hellip;]<\/p>\n","protected":false},"author":2,"featured_media":5719,"comment_status":"open","ping_status":"open","sticky":false,"template":"","format":"standard","meta":{"footnotes":""},"categories":[65],"tags":[],"class_list":{"0":"post-5718","1":"post","2":"type-post","3":"status-publish","4":"format-standard","5":"has-post-thumbnail","7":"category-economia"},"_links":{"self":[{"href":"https:\/\/elpueblonoticia.com.ar\/web\/wp-json\/wp\/v2\/posts\/5718","targetHints":{"allow":["GET"]}}],"collection":[{"href":"https:\/\/elpueblonoticia.com.ar\/web\/wp-json\/wp\/v2\/posts"}],"about":[{"href":"https:\/\/elpueblonoticia.com.ar\/web\/wp-json\/wp\/v2\/types\/post"}],"author":[{"embeddable":true,"href":"https:\/\/elpueblonoticia.com.ar\/web\/wp-json\/wp\/v2\/users\/2"}],"replies":[{"embeddable":true,"href":"https:\/\/elpueblonoticia.com.ar\/web\/wp-json\/wp\/v2\/comments?post=5718"}],"version-history":[{"count":1,"href":"https:\/\/elpueblonoticia.com.ar\/web\/wp-json\/wp\/v2\/posts\/5718\/revisions"}],"predecessor-version":[{"id":5720,"href":"https:\/\/elpueblonoticia.com.ar\/web\/wp-json\/wp\/v2\/posts\/5718\/revisions\/5720"}],"wp:featuredmedia":[{"embeddable":true,"href":"https:\/\/elpueblonoticia.com.ar\/web\/wp-json\/wp\/v2\/media\/5719"}],"wp:attachment":[{"href":"https:\/\/elpueblonoticia.com.ar\/web\/wp-json\/wp\/v2\/media?parent=5718"}],"wp:term":[{"taxonomy":"category","embeddable":true,"href":"https:\/\/elpueblonoticia.com.ar\/web\/wp-json\/wp\/v2\/categories?post=5718"},{"taxonomy":"post_tag","embeddable":true,"href":"https:\/\/elpueblonoticia.com.ar\/web\/wp-json\/wp\/v2\/tags?post=5718"}],"curies":[{"name":"wp","href":"https:\/\/api.w.org\/{rel}","templated":true}]}}