{"id":5708,"date":"2026-01-20T09:47:31","date_gmt":"2026-01-20T12:47:31","guid":{"rendered":"https:\/\/elpueblonoticia.com.ar\/web\/?p=5708"},"modified":"2026-01-20T09:47:31","modified_gmt":"2026-01-20T12:47:31","slug":"carnavales-goyanos-el-intendente-mariano-hormaechea-observo-los-trabajos-en-el-predio-costa-surubi","status":"publish","type":"post","link":"https:\/\/elpueblonoticia.com.ar\/web\/2026\/01\/20\/carnavales-goyanos-el-intendente-mariano-hormaechea-observo-los-trabajos-en-el-predio-costa-surubi\/","title":{"rendered":"CARNAVALES GOYANOS: EL INTENDENTE MARIANO HORMAECHEA OBSERV\u00d3 LOS TRABAJOS EN EL PREDIO COSTA SURUB\u00cd"},"content":{"rendered":"<p><strong>Faltan pocos d\u00edas para el inicio de la Fiesta de Momo en nuestra ciudad, con el prop\u00f3sito de dotar de mayor comodidad a los espectadores, se avanza a buen ritmo en la instalaci\u00f3n de las estructuras para brindar el espacio necesario al p\u00fablico en las noches de las lunas carnavaleras de la ciudad.<\/strong><\/p>\n<p>&nbsp;<\/p>\n<p>Establecido el calendario de los corsos oficiales 2026, desde el viernes 22 de enero al s\u00e1bado 14 de febrero se trabaja en los aspectos organizativos del encuentro que tiene como grandes protagonistas a los comparseros de Goya.<\/p>\n<p>El Intendente Mariano Hormaechea, junto al Viceintendente Sebasti\u00e1n Mazzaro; Los Secretarios de Turismo Sebasti\u00e1n Candia De Biassio, de Modernizaci\u00f3n Andr\u00e9s Zajarevich y el equipo que trabaja en la organizaci\u00f3n en la tarde del lunes recorrieron el espacio p\u00fablico destinado a la colocaci\u00f3n de las tribunas, observando el avance a buen ritmo en la instalaci\u00f3n de las referidas estructuras.<\/p>\n","protected":false},"excerpt":{"rendered":"<p>Faltan pocos d\u00edas para el inicio de la Fiesta de Momo en nuestra ciudad, con el prop\u00f3sito de dotar de mayor comodidad a los espectadores, se avanza a buen ritmo en la instalaci\u00f3n de las estructuras para brindar el espacio necesario al p\u00fablico en las noches de las lunas carnavaleras de la ciudad. &nbsp; Establecido [&hellip;]<\/p>\n","protected":false},"author":2,"featured_media":5709,"comment_status":"open","ping_status":"open","sticky":false,"template":"","format":"standard","meta":{"footnotes":""},"categories":[56],"tags":[],"class_list":{"0":"post-5708","1":"post","2":"type-post","3":"status-publish","4":"format-standard","5":"has-post-thumbnail","7":"category-locales"},"_links":{"self":[{"href":"https:\/\/elpueblonoticia.com.ar\/web\/wp-json\/wp\/v2\/posts\/5708","targetHints":{"allow":["GET"]}}],"collection":[{"href":"https:\/\/elpueblonoticia.com.ar\/web\/wp-json\/wp\/v2\/posts"}],"about":[{"href":"https:\/\/elpueblonoticia.com.ar\/web\/wp-json\/wp\/v2\/types\/post"}],"author":[{"embeddable":true,"href":"https:\/\/elpueblonoticia.com.ar\/web\/wp-json\/wp\/v2\/users\/2"}],"replies":[{"embeddable":true,"href":"https:\/\/elpueblonoticia.com.ar\/web\/wp-json\/wp\/v2\/comments?post=5708"}],"version-history":[{"count":1,"href":"https:\/\/elpueblonoticia.com.ar\/web\/wp-json\/wp\/v2\/posts\/5708\/revisions"}],"predecessor-version":[{"id":5710,"href":"https:\/\/elpueblonoticia.com.ar\/web\/wp-json\/wp\/v2\/posts\/5708\/revisions\/5710"}],"wp:featuredmedia":[{"embeddable":true,"href":"https:\/\/elpueblonoticia.com.ar\/web\/wp-json\/wp\/v2\/media\/5709"}],"wp:attachment":[{"href":"https:\/\/elpueblonoticia.com.ar\/web\/wp-json\/wp\/v2\/media?parent=5708"}],"wp:term":[{"taxonomy":"category","embeddable":true,"href":"https:\/\/elpueblonoticia.com.ar\/web\/wp-json\/wp\/v2\/categories?post=5708"},{"taxonomy":"post_tag","embeddable":true,"href":"https:\/\/elpueblonoticia.com.ar\/web\/wp-json\/wp\/v2\/tags?post=5708"}],"curies":[{"name":"wp","href":"https:\/\/api.w.org\/{rel}","templated":true}]}}