{"id":5692,"date":"2026-01-20T08:59:14","date_gmt":"2026-01-20T11:59:14","guid":{"rendered":"https:\/\/elpueblonoticia.com.ar\/web\/?p=5692"},"modified":"2026-01-20T08:59:14","modified_gmt":"2026-01-20T11:59:14","slug":"goya-vibra-con-el-deporte-en-la-playa","status":"publish","type":"post","link":"https:\/\/elpueblonoticia.com.ar\/web\/2026\/01\/20\/goya-vibra-con-el-deporte-en-la-playa\/","title":{"rendered":"Goya Vibra con el Deporte en la Playa"},"content":{"rendered":"<p class=\"x_MsoNormal\"><span data-olk-copy-source=\"MessageBody\">5\u00b0 ACUATL\u00d3N CIUDAD DE GOYA 2026<\/span><\/p>\n<p class=\"x_MsoNormal\">La Costanera Norte, Playa El Inga ser\u00e1 nuevamente escenario para la actividad deportiva combinada, nataci\u00f3n y pedestrismo, la cita el 8 de febrero, con la realizaci\u00f3n del 5\u00ba Acuatl\u00f3n.<\/p>\n<p class=\"x_MsoNormal\">Una jornada \u00fanica para vivir el desaf\u00edo del acuatl\u00f3n en un entorno natural incomparable, con distancias S\u00faper Sprint, Sprint, Est\u00e1ndar, por Equipos y Acuatl\u00f3n Kids.<\/p>\n<p class=\"x_MsoNormal\">Vale mencionar que el desaf\u00edo contempla las distancias competitivas y participativas.<\/p>\n<p class=\"x_MsoNormal\">La Direcci\u00f3n de Deportes de la Municipalidad de Goya inform\u00f3 que se entregar\u00e1n:<br \/>\nMedalla finisher para todos los participantes<\/p>\n<p class=\"x_MsoNormal\">Premiaci\u00f3n por categor\u00edas<\/p>\n<p class=\"x_MsoNormal\">Seguridad acu\u00e1tica y cronometraje instant\u00e1neo.<\/p>\n<p class=\"x_MsoNormal\">Inscripciones abiertas<\/p>\n<p class=\"x_MsoNormal\">Cupos limitados<\/p>\n","protected":false},"excerpt":{"rendered":"<p>5\u00b0 ACUATL\u00d3N CIUDAD DE GOYA 2026 La Costanera Norte, Playa El Inga ser\u00e1 nuevamente escenario para la actividad deportiva combinada, nataci\u00f3n y pedestrismo, la cita el 8 de febrero, con la realizaci\u00f3n del 5\u00ba Acuatl\u00f3n. Una jornada \u00fanica para vivir el desaf\u00edo del acuatl\u00f3n en un entorno natural incomparable, con distancias S\u00faper Sprint, Sprint, Est\u00e1ndar, [&hellip;]<\/p>\n","protected":false},"author":2,"featured_media":5693,"comment_status":"open","ping_status":"open","sticky":false,"template":"","format":"standard","meta":{"footnotes":""},"categories":[56],"tags":[],"class_list":{"0":"post-5692","1":"post","2":"type-post","3":"status-publish","4":"format-standard","5":"has-post-thumbnail","7":"category-locales"},"_links":{"self":[{"href":"https:\/\/elpueblonoticia.com.ar\/web\/wp-json\/wp\/v2\/posts\/5692","targetHints":{"allow":["GET"]}}],"collection":[{"href":"https:\/\/elpueblonoticia.com.ar\/web\/wp-json\/wp\/v2\/posts"}],"about":[{"href":"https:\/\/elpueblonoticia.com.ar\/web\/wp-json\/wp\/v2\/types\/post"}],"author":[{"embeddable":true,"href":"https:\/\/elpueblonoticia.com.ar\/web\/wp-json\/wp\/v2\/users\/2"}],"replies":[{"embeddable":true,"href":"https:\/\/elpueblonoticia.com.ar\/web\/wp-json\/wp\/v2\/comments?post=5692"}],"version-history":[{"count":1,"href":"https:\/\/elpueblonoticia.com.ar\/web\/wp-json\/wp\/v2\/posts\/5692\/revisions"}],"predecessor-version":[{"id":5694,"href":"https:\/\/elpueblonoticia.com.ar\/web\/wp-json\/wp\/v2\/posts\/5692\/revisions\/5694"}],"wp:featuredmedia":[{"embeddable":true,"href":"https:\/\/elpueblonoticia.com.ar\/web\/wp-json\/wp\/v2\/media\/5693"}],"wp:attachment":[{"href":"https:\/\/elpueblonoticia.com.ar\/web\/wp-json\/wp\/v2\/media?parent=5692"}],"wp:term":[{"taxonomy":"category","embeddable":true,"href":"https:\/\/elpueblonoticia.com.ar\/web\/wp-json\/wp\/v2\/categories?post=5692"},{"taxonomy":"post_tag","embeddable":true,"href":"https:\/\/elpueblonoticia.com.ar\/web\/wp-json\/wp\/v2\/tags?post=5692"}],"curies":[{"name":"wp","href":"https:\/\/api.w.org\/{rel}","templated":true}]}}