{"id":5658,"date":"2026-01-19T12:27:32","date_gmt":"2026-01-19T15:27:32","guid":{"rendered":"https:\/\/elpueblonoticia.com.ar\/web\/?p=5658"},"modified":"2026-01-19T12:27:32","modified_gmt":"2026-01-19T15:27:32","slug":"ingresos-genuinos-valdes-destaco-a-la-fiesta-nacional-del-chamame-como-motor-de-desarrollo-economico-para-todos-los-correntinos","status":"publish","type":"post","link":"https:\/\/elpueblonoticia.com.ar\/web\/2026\/01\/19\/ingresos-genuinos-valdes-destaco-a-la-fiesta-nacional-del-chamame-como-motor-de-desarrollo-economico-para-todos-los-correntinos\/","title":{"rendered":"INGRESOS GENUINOS: Vald\u00e9s destac\u00f3 a la Fiesta Nacional del Chamam\u00e9 como &#8220;motor de desarrollo econ\u00f3mico para todos los correntinos&#8221;"},"content":{"rendered":"<div id=\"modalIntrotext\">\n<div><img decoding=\"async\" src=\"https:\/\/www.powernoticias.com\/images\/202601190927498744\" \/><\/div>\n<div><img decoding=\"async\" src=\"https:\/\/www.powernoticias.com\/images\/202601190927359014\" \/><\/div>\n<div><img decoding=\"async\" src=\"https:\/\/www.powernoticias.com\/images\/202601190927268029\" \/><\/div>\n<div><img decoding=\"async\" src=\"https:\/\/www.powernoticias.com\/images\/202601190927128850\" \/><\/div>\n<div>En el marco de la tercera luna chamamecera, con un nuevo gran marco de p\u00fablico en el Anfiteatro Cocomarola, el gobernador Juan Pablo Vald\u00e9s resalt\u00f3 este domingo el c\u00famulo de oportunidades que brinda la 35\u00b0 Fiesta Nacional del Chamam\u00e9, 21\u00b0 Fiesta del MERCOSUR y 5\u00b0 Celebraci\u00f3n Mundial, para el desarrollo econ\u00f3mico local. A su vez, invit\u00f3 a los turistas a conocer &#8220;nuestra manera de ser&#8221; a trav\u00e9s de este evento popular y los carnavales que se extienden a lo largo y ancho de la provincia.<\/div>\n<div><\/div>\n<div>Ante la prensa, expres\u00f3 estar &#8220;contento de poder acompa\u00f1ando al chamam\u00e9 en una nueva noche de su Fiesta&#8221;. A su vez, cont\u00f3 que viene de recorrer el interior, &#8220;donde en tantos puntos comenz\u00f3 este s\u00e1bado el Carnaval, como en Ituzaing\u00f3&#8221;, donde estuvo presente el primer Mandatario, a lo que agreg\u00f3 que esto le produce felicidad, porque &#8220;el motor econ\u00f3mico del turismo est\u00e1 en marcha y est\u00e1 generando muchos puestos de trabajo y oportunidades para los correntinos&#8221;.<\/p>\n<p>El Gobernador sostuvo que &#8220;somos una de las pocas provincias que tiene la oportunidad de generar turismo en diferentes lugares a trav\u00e9s de nuestra cultura, como pas\u00f3 este s\u00e1bado donde cerca de 8 o 9 localidades vivieron la primera noche de Carnaval&#8221;. Destac\u00f3 en este sentido, que &#8220;dentro de muy poco vamos a poder disfrutar de la Fiesta del Aut\u00e9ntico Chamam\u00e9 Tradicional de Mburucuy\u00e1, con la posibilidad de generar ingresos a trav\u00e9s del turismo&#8221;.<\/p>\n<p>Asegur\u00f3 que &#8220;Corrientes no tiene nada que envidiar a otros lugares del pa\u00eds&#8221; e inst\u00f3 a que &#8220;debemos seguir trabajando en hacer conocer lo que tenemos, esta magia de poder tener chamam\u00e9, artistas, nuestro baile, nuestra manera de ser, nuestro carnaval&#8221;.<\/p>\n<p>El tercer sapucay de esta 35\u00b0 Fiesta Nacional del Chamam\u00e9 volvi\u00f3 a colmar de p\u00fablico este domingo el Anfiteatro &#8220;Mario del Tr\u00e1nsito Cocomarola&#8221; de la ciudad de Corrientes, la cual inaugur\u00f3 la grilla de artistas Cayo Fern\u00e1ndez, en su debut como recitador y cantor, ex Jeroky Yara 2015, en la edici\u00f3n de plata de dicho evento. Las actuaciones centrales de la velada estuvieron a cargo en la oportunidad de Cacho Esp\u00edndola, C\u00e9sar Frette Tr\u00edo, Florencia De Pompert, Gustavo Miqueri y Tr\u00e9bol de Ases, Paquito Aranda, Ra\u00edces y Arpegios del Paraguay y Ballet de \u00d1eembuc\u00fa desde el vecino pa\u00eds, mientras que con la destaca actuaci\u00f3n de Iv\u00e1n Ruiz y Tup\u00e1, pusieron a bailar y cantar a todos los presentes.<\/p>\n<p><b>Presencia de visitantes de provincias vecinas<\/b><\/p>\n<p>Por su parte, el ministro secretario general de la Gobernaci\u00f3n, Juan Pablo Fornaroli, cont\u00f3 que se encuentra &#8220;acompa\u00f1ando al Gobernador en estas primeras noches del Chamam\u00e9&#8221; e insisti\u00f3 que &#8220;en los \u00faltimos tiempos los eventos festivos, como claramente es este con sus 10 noches, en una gran herramienta de desarrollo econ\u00f3mico porque vemos como a trav\u00e9s de nuestras fiestas, nuestra vida comercial y econ\u00f3mica se activa&#8221;. Dijo que &#8220;la capacidad hotelera tiende a ocuparse, como el comercio que incrementa sus ventas, al igual que los emprendedores y artesanos, los artistas tienen m\u00e1s espacios, entre otros&#8221;.<\/p>\n<p>Resalt\u00f3 la alta presencia de visitantes de provincias vecinas como Entre R\u00edos, Misiones y Chaco, como as\u00ed tambi\u00e9n &#8220;muchos vecinos de Buenos Aires que en los \u00faltimos a\u00f1os empezaron a conocer Corrientes a trav\u00e9s de nuestras bellezas naturales como el Iber\u00e1 o nuestras playas, que se suman a nuestro calendario de actividades, en el marco de estas temporadas de verano&#8221;.<\/p><\/div>\n<\/div>\n","protected":false},"excerpt":{"rendered":"<p>En el marco de la tercera luna chamamecera, con un nuevo gran marco de p\u00fablico en el Anfiteatro Cocomarola, el gobernador Juan Pablo Vald\u00e9s resalt\u00f3 este domingo el c\u00famulo de oportunidades que brinda la 35\u00b0 Fiesta Nacional del Chamam\u00e9, 21\u00b0 Fiesta del MERCOSUR y 5\u00b0 Celebraci\u00f3n Mundial, para el desarrollo econ\u00f3mico local. A su vez, [&hellip;]<\/p>\n","protected":false},"author":2,"featured_media":5659,"comment_status":"open","ping_status":"open","sticky":false,"template":"","format":"standard","meta":{"footnotes":""},"categories":[78],"tags":[],"class_list":{"0":"post-5658","1":"post","2":"type-post","3":"status-publish","4":"format-standard","5":"has-post-thumbnail","7":"category-generales"},"_links":{"self":[{"href":"https:\/\/elpueblonoticia.com.ar\/web\/wp-json\/wp\/v2\/posts\/5658","targetHints":{"allow":["GET"]}}],"collection":[{"href":"https:\/\/elpueblonoticia.com.ar\/web\/wp-json\/wp\/v2\/posts"}],"about":[{"href":"https:\/\/elpueblonoticia.com.ar\/web\/wp-json\/wp\/v2\/types\/post"}],"author":[{"embeddable":true,"href":"https:\/\/elpueblonoticia.com.ar\/web\/wp-json\/wp\/v2\/users\/2"}],"replies":[{"embeddable":true,"href":"https:\/\/elpueblonoticia.com.ar\/web\/wp-json\/wp\/v2\/comments?post=5658"}],"version-history":[{"count":1,"href":"https:\/\/elpueblonoticia.com.ar\/web\/wp-json\/wp\/v2\/posts\/5658\/revisions"}],"predecessor-version":[{"id":5660,"href":"https:\/\/elpueblonoticia.com.ar\/web\/wp-json\/wp\/v2\/posts\/5658\/revisions\/5660"}],"wp:featuredmedia":[{"embeddable":true,"href":"https:\/\/elpueblonoticia.com.ar\/web\/wp-json\/wp\/v2\/media\/5659"}],"wp:attachment":[{"href":"https:\/\/elpueblonoticia.com.ar\/web\/wp-json\/wp\/v2\/media?parent=5658"}],"wp:term":[{"taxonomy":"category","embeddable":true,"href":"https:\/\/elpueblonoticia.com.ar\/web\/wp-json\/wp\/v2\/categories?post=5658"},{"taxonomy":"post_tag","embeddable":true,"href":"https:\/\/elpueblonoticia.com.ar\/web\/wp-json\/wp\/v2\/tags?post=5658"}],"curies":[{"name":"wp","href":"https:\/\/api.w.org\/{rel}","templated":true}]}}