{"id":5650,"date":"2026-01-19T11:59:39","date_gmt":"2026-01-19T14:59:39","guid":{"rendered":"https:\/\/elpueblonoticia.com.ar\/web\/?p=5650"},"modified":"2026-01-19T11:59:39","modified_gmt":"2026-01-19T14:59:39","slug":"el-vaticano-confirmo-que-intento-negociar-la-salida-de-maduro-de-venezuela-para-evitar-el-operativo-de-ee-uu","status":"publish","type":"post","link":"https:\/\/elpueblonoticia.com.ar\/web\/2026\/01\/19\/el-vaticano-confirmo-que-intento-negociar-la-salida-de-maduro-de-venezuela-para-evitar-el-operativo-de-ee-uu\/","title":{"rendered":"El Vaticano confirm\u00f3 que intent\u00f3 negociar la salida de Maduro de Venezuela para evitar el operativo de EE.UU."},"content":{"rendered":"<p>El secretario de Estado,\u00a0<strong>Pietro Parolin,\u00a0<\/strong>confirm\u00f3 que el Vaticano trabaj\u00f3 para conseguir una soluci\u00f3n \u201cque evitara\u00a0<strong>cualquier derramamiento de sangre,<\/strong>\u00a0tambi\u00e9n un\u00a0<strong>acuerdo\u00a0<\/strong>con (Nicol\u00e1s) Maduro y otros representantes del r\u00e9gimen, pero esto<strong>\u00a0no fue posible\u201d.<\/strong><\/p>\n<p>\u201cHab\u00edamos intentado lo que tambi\u00e9n apareci\u00f3 en algunos peri\u00f3dicos\u201d, dijo Parolin en la tarde del s\u00e1bado al margen de un acto en referencia indirecta\u00a0 la publicaci\u00f3n de\u00a0The Washington Post\u00a0sobre su intervenci\u00f3n para conseguir un\u00a0<strong>salvoconducto\u00a0<\/strong>para Maduro, antes de que fuera detenido por Estados Unidos, el 3 de enero. El secretario de Estado del Vaticano agreg\u00f3: \u201cSiempre apoyamos una soluci\u00f3n pac\u00edfica, pero tambi\u00e9n no otros nos hemos encontrado ante un hecho consumado, ante una situaci\u00f3n de hecho\u201d.<\/p>\n<p>Parolin explic\u00f3 que ahora la situaci\u00f3n en el pa\u00eds \u201ces de gran incertidumbre\u201d y expres\u00f3 su deseo que \u201cevolucione hacia la estabilidad, hacia una recuperaci\u00f3n econ\u00f3mica porque la situaci\u00f3n es muy precaria, la gente sufre\u201d. El \u2018n\u00famero dos\u2019 del Vaticano tambi\u00e9n afirm\u00f3 que ahora \u201ces necesaria una democratizaci\u00f3n del pa\u00eds\u201d. Aunque Parolin no dio detalles, el diario<em>\u00a0The Washington Post<\/em>\u00a0public\u00f3 el pasado 9 de enero que el Estado pontificio habr\u00eda tratado de negociar una oferta de<strong>\u00a0asilo en Rusia<\/strong>\u00a0para el entonces presidente venezolano.<\/p>\n<p>El<strong>\u00a0papa Le\u00f3n XIV\u00a0<\/strong>se refiri\u00f3 en varias ocasiones a la crisis en Venezuela y la \u00faltima fue este viernes durante su largo discurso ante el cuerpo diplom\u00e1tico acreditado ante la Santa Sede, cuando pidi\u00f3 que se respete la voluntad del pueblo venezolano y se busquen soluciones pac\u00edficas alejadas de \u201cintereses partidistas\u201d.<\/p>\n","protected":false},"excerpt":{"rendered":"<p>El secretario de Estado,\u00a0Pietro Parolin,\u00a0confirm\u00f3 que el Vaticano trabaj\u00f3 para conseguir una soluci\u00f3n \u201cque evitara\u00a0cualquier derramamiento de sangre,\u00a0tambi\u00e9n un\u00a0acuerdo\u00a0con (Nicol\u00e1s) Maduro y otros representantes del r\u00e9gimen, pero esto\u00a0no fue posible\u201d. \u201cHab\u00edamos intentado lo que tambi\u00e9n apareci\u00f3 en algunos peri\u00f3dicos\u201d, dijo Parolin en la tarde del s\u00e1bado al margen de un acto en referencia indirecta\u00a0 la [&hellip;]<\/p>\n","protected":false},"author":2,"featured_media":5651,"comment_status":"open","ping_status":"open","sticky":false,"template":"","format":"standard","meta":{"footnotes":""},"categories":[81],"tags":[],"class_list":{"0":"post-5650","1":"post","2":"type-post","3":"status-publish","4":"format-standard","5":"has-post-thumbnail","7":"category-internacionales"},"_links":{"self":[{"href":"https:\/\/elpueblonoticia.com.ar\/web\/wp-json\/wp\/v2\/posts\/5650","targetHints":{"allow":["GET"]}}],"collection":[{"href":"https:\/\/elpueblonoticia.com.ar\/web\/wp-json\/wp\/v2\/posts"}],"about":[{"href":"https:\/\/elpueblonoticia.com.ar\/web\/wp-json\/wp\/v2\/types\/post"}],"author":[{"embeddable":true,"href":"https:\/\/elpueblonoticia.com.ar\/web\/wp-json\/wp\/v2\/users\/2"}],"replies":[{"embeddable":true,"href":"https:\/\/elpueblonoticia.com.ar\/web\/wp-json\/wp\/v2\/comments?post=5650"}],"version-history":[{"count":1,"href":"https:\/\/elpueblonoticia.com.ar\/web\/wp-json\/wp\/v2\/posts\/5650\/revisions"}],"predecessor-version":[{"id":5652,"href":"https:\/\/elpueblonoticia.com.ar\/web\/wp-json\/wp\/v2\/posts\/5650\/revisions\/5652"}],"wp:featuredmedia":[{"embeddable":true,"href":"https:\/\/elpueblonoticia.com.ar\/web\/wp-json\/wp\/v2\/media\/5651"}],"wp:attachment":[{"href":"https:\/\/elpueblonoticia.com.ar\/web\/wp-json\/wp\/v2\/media?parent=5650"}],"wp:term":[{"taxonomy":"category","embeddable":true,"href":"https:\/\/elpueblonoticia.com.ar\/web\/wp-json\/wp\/v2\/categories?post=5650"},{"taxonomy":"post_tag","embeddable":true,"href":"https:\/\/elpueblonoticia.com.ar\/web\/wp-json\/wp\/v2\/tags?post=5650"}],"curies":[{"name":"wp","href":"https:\/\/api.w.org\/{rel}","templated":true}]}}