{"id":5646,"date":"2026-01-19T11:47:03","date_gmt":"2026-01-19T14:47:03","guid":{"rendered":"https:\/\/elpueblonoticia.com.ar\/web\/?p=5646"},"modified":"2026-01-19T11:47:03","modified_gmt":"2026-01-19T14:47:03","slug":"en-el-interior-ya-son-casi-500-los-evacuados-por-las-fuertes-tormentas","status":"publish","type":"post","link":"https:\/\/elpueblonoticia.com.ar\/web\/2026\/01\/19\/en-el-interior-ya-son-casi-500-los-evacuados-por-las-fuertes-tormentas\/","title":{"rendered":"En el interior ya son Casi 500 los evacuados por las fuertes tormentas"},"content":{"rendered":"<p>Un total de 478 personas permanecen evacuadas en el interior producto de las fuertes tormentas que azotan de forma intermitente a la provincia. San Luis del Palmar, San Roque y Santa Luc\u00eda son las localidades m\u00e1s afectadas.<\/p>\n<p>El \u00faltimo parte de la Direcci\u00f3n de Defensa Civil de la Provincia, publicado ayer al mediod\u00eda, precis\u00f3 que 205 personas se mantienen desplazadas de sus hogares en San Luis del Palmar. Del grupo, 87 est\u00e1n en el polideportivo Mbay\u00e1 Soto; 26 en el Sal\u00f3n de Usos M\u00faltiples de la Municipalidad y 19 en la Capilla Cruz de los Milagros.<\/p>\n<p>El resto se reparte en otros ocho centros de evacuados. La situaci\u00f3n se volvi\u00f3 critica con la crecida del r\u00edo Riachuelo tras abundantes lluvias la tercera semana de diciembre.<\/p>\n<p>Id\u00e9ntica situaci\u00f3n atraviesa San Roque desde el 9 de enero. La copiosas precipitaciones elevaron el nivel del r\u00edo Santa Luc\u00eda y hasta la fecha suman 240 evacuados. En una entrevista , el pasado 12 de enero, el intendente Ra\u00fal Pelozo estim\u00f3 que hacia fines de febrero el caudal reci\u00e9n retomar\u00eda la normalidad y permitir\u00eda el regreso a los hogares.<\/p>\n<p>Seg\u00fan los registros de la Comuna, 112 del total se movilizaron por sus propios medios a los domicilios de sus familiares. Mientras que 68 est\u00e1n en la Escuela N\u00ba133 \u201cGenaro Perugorr\u00eda\u201d y el resto en cinco puntos de evacuados.<\/p>\n<figure class=\"wp-block-image\"><img decoding=\"async\" src=\"https:\/\/www.diarioepoca.com\/content\/bucket\/9\/1471199w380h207c.jpg.webp\" alt=\"\" \/><\/figure>\n<p>Pese a la relativizaci\u00f3n del problema que hizo el jefe comunal de Santa Luc\u00eda, Norberto Villordo, sobre la situaci\u00f3n del r\u00edo hom\u00f3nimo durante una entrevista con diario \u00e9poca, la ciudad sum\u00f3 en los \u00faltimos d\u00edas 23 evacuados en el polideportivo municipal. Villordo hab\u00eda descartado la posibilidad de que afecte a familias del pueblo en el corto plazo.<\/p>\n<p>Otras localidades que tambi\u00e9n cuentan con evacuados son El Sombrero (4) e Ituzaing\u00f3 (6).<\/p>\n<p>El Servicio Meteorol\u00f3gico Nacional anticipa d\u00edas nublados para toda la provincia y temperaturas alrededor de 33\u00baC de m\u00e1xima; mientras que las m\u00ednimas oscilar\u00edan en torno a los 24\u00baC.<\/p>\n","protected":false},"excerpt":{"rendered":"<p>Un total de 478 personas permanecen evacuadas en el interior producto de las fuertes tormentas que azotan de forma intermitente a la provincia. San Luis del Palmar, San Roque y Santa Luc\u00eda son las localidades m\u00e1s afectadas. El \u00faltimo parte de la Direcci\u00f3n de Defensa Civil de la Provincia, publicado ayer al mediod\u00eda, precis\u00f3 que [&hellip;]<\/p>\n","protected":false},"author":2,"featured_media":5647,"comment_status":"open","ping_status":"open","sticky":false,"template":"","format":"standard","meta":{"footnotes":""},"categories":[78],"tags":[],"class_list":{"0":"post-5646","1":"post","2":"type-post","3":"status-publish","4":"format-standard","5":"has-post-thumbnail","7":"category-generales"},"_links":{"self":[{"href":"https:\/\/elpueblonoticia.com.ar\/web\/wp-json\/wp\/v2\/posts\/5646","targetHints":{"allow":["GET"]}}],"collection":[{"href":"https:\/\/elpueblonoticia.com.ar\/web\/wp-json\/wp\/v2\/posts"}],"about":[{"href":"https:\/\/elpueblonoticia.com.ar\/web\/wp-json\/wp\/v2\/types\/post"}],"author":[{"embeddable":true,"href":"https:\/\/elpueblonoticia.com.ar\/web\/wp-json\/wp\/v2\/users\/2"}],"replies":[{"embeddable":true,"href":"https:\/\/elpueblonoticia.com.ar\/web\/wp-json\/wp\/v2\/comments?post=5646"}],"version-history":[{"count":1,"href":"https:\/\/elpueblonoticia.com.ar\/web\/wp-json\/wp\/v2\/posts\/5646\/revisions"}],"predecessor-version":[{"id":5648,"href":"https:\/\/elpueblonoticia.com.ar\/web\/wp-json\/wp\/v2\/posts\/5646\/revisions\/5648"}],"wp:featuredmedia":[{"embeddable":true,"href":"https:\/\/elpueblonoticia.com.ar\/web\/wp-json\/wp\/v2\/media\/5647"}],"wp:attachment":[{"href":"https:\/\/elpueblonoticia.com.ar\/web\/wp-json\/wp\/v2\/media?parent=5646"}],"wp:term":[{"taxonomy":"category","embeddable":true,"href":"https:\/\/elpueblonoticia.com.ar\/web\/wp-json\/wp\/v2\/categories?post=5646"},{"taxonomy":"post_tag","embeddable":true,"href":"https:\/\/elpueblonoticia.com.ar\/web\/wp-json\/wp\/v2\/tags?post=5646"}],"curies":[{"name":"wp","href":"https:\/\/api.w.org\/{rel}","templated":true}]}}