{"id":5642,"date":"2026-01-19T11:18:29","date_gmt":"2026-01-19T14:18:29","guid":{"rendered":"https:\/\/elpueblonoticia.com.ar\/web\/?p=5642"},"modified":"2026-01-19T11:18:29","modified_gmt":"2026-01-19T14:18:29","slug":"la-reforma-laboral-el-primer-test-politico-que-debera-enfrentar-milei-en-2026","status":"publish","type":"post","link":"https:\/\/elpueblonoticia.com.ar\/web\/2026\/01\/19\/la-reforma-laboral-el-primer-test-politico-que-debera-enfrentar-milei-en-2026\/","title":{"rendered":"La reforma laboral, el primer test pol\u00edtico que deber\u00e1 enfrentar Milei en 2026"},"content":{"rendered":"<div>\n<p>El ministro del Interior, Diego Santilli, es el encargado de llevar adelante las negociaciones con los gobernadores, que resultar\u00e1n clave para el futuro del proyecto.<\/p>\n<p>Fin de las vacaciones para la pol\u00edtica. Las reuniones de gabinete, las negociaciones por la reforma laboral y la agenda fren\u00e9tica de Javier Milei \u2013pero tambi\u00e9n la del ministro del Interior, Diego Santilli\u2013 inauguraron un 2026 que hasta ac\u00e1 hab\u00eda transcurrido en pausa, al menos en las oficinas p\u00fablicas.<\/p>\n<p>El arranque deja algunas certezas. Por un lado, el Gobierno nacional suma voluntades para aprobar el primer test parlamentario del a\u00f1o, la reforma laboral, que llegar\u00e1 al recinto el 11 de febrero, y vuelve a apoyarse en los jefes provinciales.<\/p>\n<p>Por otro, Milei capitaliza a su favor la agenda internacional, incluso aquellas situaciones en las que es apenas actor de reparto \u2013como el acuerdo entre el Mercosur y la Uni\u00f3n Europea\u2013, mientras el peronismo sigue embotado, sin capacidad de reacci\u00f3n, atrapado en una interna inacabable.<\/p>\n<p>La reforma laboral concentra hoy el centro de las preocupaciones y su desenlace sigue abierto.<\/p>\n<p>En ese marco, en el oficialismo analizan una propuesta que, por lo bajo, hicieron llegar emisarios de los gobernadores: que la baja de Ganancias para las empresas sea progresiva. Ese articulado molesta en las provincias, ya que Ganancias se reparte de manera autom\u00e1tica y queda la sensaci\u00f3n de que &#8220;siempre Milei baja los impuestos que no recauda&#8221;, como dec\u00edan desde un distrito aliado.<\/p>\n<p>La baja progresiva ser\u00e1, as\u00ed, una carta de negociaci\u00f3n de La Libertad Avanza para evitar que los recursos coparticipables se vean afectados de forma intempestiva.<\/p>\n<p>El mensaje que recibieron en la Casa Rosada es que hay buena voluntad, como la hubo con el Presupuesto. Los gobernadores ser\u00e1n la llave de la llamada Ley de Modernizaci\u00f3n Laboral, un proyecto para el cual a Javier Milei no le sobran los votos.<\/p>\n<p>Sin embargo, los mandatarios no parecen dispuestos a acompa\u00f1ar a ciegas, sin conocer la moneda de cambio. En la \u00faltima semana hubo se\u00f1ales para el buen entendedor: el neuquino Rolando Figueroa pidi\u00f3 coparticipar el impuesto a los combustibles, por ejemplo.<\/p>\n<\/div>\n","protected":false},"excerpt":{"rendered":"<p>El ministro del Interior, Diego Santilli, es el encargado de llevar adelante las negociaciones con los gobernadores, que resultar\u00e1n clave para el futuro del proyecto. Fin de las vacaciones para la pol\u00edtica. Las reuniones de gabinete, las negociaciones por la reforma laboral y la agenda fren\u00e9tica de Javier Milei \u2013pero tambi\u00e9n la del ministro del [&hellip;]<\/p>\n","protected":false},"author":2,"featured_media":5643,"comment_status":"open","ping_status":"open","sticky":false,"template":"","format":"standard","meta":{"footnotes":""},"categories":[66],"tags":[],"class_list":{"0":"post-5642","1":"post","2":"type-post","3":"status-publish","4":"format-standard","5":"has-post-thumbnail","7":"category-politica-nacionales"},"_links":{"self":[{"href":"https:\/\/elpueblonoticia.com.ar\/web\/wp-json\/wp\/v2\/posts\/5642","targetHints":{"allow":["GET"]}}],"collection":[{"href":"https:\/\/elpueblonoticia.com.ar\/web\/wp-json\/wp\/v2\/posts"}],"about":[{"href":"https:\/\/elpueblonoticia.com.ar\/web\/wp-json\/wp\/v2\/types\/post"}],"author":[{"embeddable":true,"href":"https:\/\/elpueblonoticia.com.ar\/web\/wp-json\/wp\/v2\/users\/2"}],"replies":[{"embeddable":true,"href":"https:\/\/elpueblonoticia.com.ar\/web\/wp-json\/wp\/v2\/comments?post=5642"}],"version-history":[{"count":1,"href":"https:\/\/elpueblonoticia.com.ar\/web\/wp-json\/wp\/v2\/posts\/5642\/revisions"}],"predecessor-version":[{"id":5644,"href":"https:\/\/elpueblonoticia.com.ar\/web\/wp-json\/wp\/v2\/posts\/5642\/revisions\/5644"}],"wp:featuredmedia":[{"embeddable":true,"href":"https:\/\/elpueblonoticia.com.ar\/web\/wp-json\/wp\/v2\/media\/5643"}],"wp:attachment":[{"href":"https:\/\/elpueblonoticia.com.ar\/web\/wp-json\/wp\/v2\/media?parent=5642"}],"wp:term":[{"taxonomy":"category","embeddable":true,"href":"https:\/\/elpueblonoticia.com.ar\/web\/wp-json\/wp\/v2\/categories?post=5642"},{"taxonomy":"post_tag","embeddable":true,"href":"https:\/\/elpueblonoticia.com.ar\/web\/wp-json\/wp\/v2\/tags?post=5642"}],"curies":[{"name":"wp","href":"https:\/\/api.w.org\/{rel}","templated":true}]}}