{"id":5638,"date":"2026-01-19T10:55:29","date_gmt":"2026-01-19T13:55:29","guid":{"rendered":"https:\/\/elpueblonoticia.com.ar\/web\/?p=5638"},"modified":"2026-01-19T10:55:29","modified_gmt":"2026-01-19T13:55:29","slug":"educacion-ya-trabaja-en-acondicionar-las-escuelas-y-se-alista-para-las-paritarias","status":"publish","type":"post","link":"https:\/\/elpueblonoticia.com.ar\/web\/2026\/01\/19\/educacion-ya-trabaja-en-acondicionar-las-escuelas-y-se-alista-para-las-paritarias\/","title":{"rendered":"Educaci\u00f3n ya trabaja en acondicionar las escuelas y se alista para las paritarias"},"content":{"rendered":"<div>\n<p>Las reuniones con los sindicatos docentes se iniciar\u00e1n en febrero. Luego, el di\u00e1logo se trasladar\u00e1 a la cartera econ\u00f3mica, donde se definir\u00e1 la cuesti\u00f3n salarial.<\/p>\n<p>El Ministerio de Educaci\u00f3n es por excelencia la primera cartera en activar el a\u00f1o pol\u00edtico debido al inicio del ciclo lectivo anual. En este sentido, las conversaciones con los sindicatos docentes se iniciar\u00e1n en febrero. El tema central ser\u00e1 lo salarial, pero en ese \u00e1mbito tambi\u00e9n se debatir\u00e1n cuestiones pedag\u00f3gicas e infraestructura escolar, entre otros puntos.<\/p>\n<p>Educaci\u00f3n cuenta con una nueva conductora, la ministra Ana Mi\u00f1o. &#8220;Cumplimos un mes en la gesti\u00f3n. Estamos trabajando duro. Educaci\u00f3n, en los primeros d\u00edas de febrero, ya empieza una actividad importante para todo lo que tiene que ver con el resto del a\u00f1o&#8221;, dijo al \u00a0participar de la Fiesta Nacional del Chamam\u00e9.<\/p>\n<p>Mi\u00f1o asegur\u00f3 que ya est\u00e1n &#8220;en contacto permanente con los distintos integrantes del Ministerio, en reuni\u00f3n permanente con el gabinete y tambi\u00e9n recibiendo a los intendentes que quieren conversar y traer sus propuestas&#8221;.<\/p>\n<p>Consultada sobre la refacci\u00f3n en escuelas, indic\u00f3: &#8220;Hay unas cuantas que ya est\u00e1n en proceso. La idea es comenzar el ciclo lectivo 2026 con las escuelas a punto y en buen estado, y por eso tambi\u00e9n es muy importante la tarea que vamos a realizar con los distintos intendentes para poder trabajar en forma conjunta&#8221;.<\/p>\n<blockquote><p><i class=\"fas fa-quote-left\">\u00a0<\/i>&#8220;La idea es comenzar el ciclo lectivo con<br \/>\nlas escuelas a punto<br \/>\ny en buen estado&#8221;<\/p>\n<p>ANA MI\u00d1O<br \/>\nMINISTRA DE EDUCACI\u00d3N<\/p>\n<p><i class=\"fas fa-quote-right\">\u00a0<\/i><\/p><\/blockquote>\n<p>En tanto, sobre el inicio de las negociaciones entre sindicatos y Educaci\u00f3n, Rep\u00fablica de Corrientes habl\u00f3 con el secretario general de la Asociaci\u00f3n Correntina de Docentes Provinciales (ACDP), Jos\u00e9 Gea, quien indic\u00f3: &#8220;Nosotros estamos atentos a una convocatoria. Presentamos notas para empezar a tocar algunos temas antes de que lleguemos contra reloj. Por supuesto, lo salarial es lo que atraviesa, pero queremos hablar no solo eso, sino tambi\u00e9n lo pedag\u00f3gico, lo normativo, lo que siempre hacemos, adem\u00e1s con estas inclemencias del tiempo, es decir saber c\u00f3mo est\u00e1n los edificios escolares, ya que eso no se soluciona muchas veces de forma inmediata&#8221;.<\/p>\n<p>&#8220;Adem\u00e1s, es una nueva gesti\u00f3n tambi\u00e9n, as\u00ed que queremos ver c\u00f3mo se van a tratar algunos temas en particular&#8221;, agreg\u00f3.<br \/>\nCorrientes se destaca desde hace m\u00e1s de una d\u00e9cada por iniciar en tiempo y forma las clases cada a\u00f1o.<\/p>\n<p>En este sentido, por lo general, las conversaciones con los gremios se dan en febrero \u00a0y se inician en el Ministerio de Educaci\u00f3n, donde se tratan temas como cuestiones laborales, pedag\u00f3gicas y el funcionamiento general del sistema educativo.<\/p>\n<p>Luego, ya a finales de ese mes, el trabajo se traslada al Ministerio \u00a0de Hacienda, donde el di\u00e1logo ya pasa estrictamente por lo salarial.<\/p>\n<p>El encargado de esa tarea sigue siendo Marcelo Rivas Piasentini, quien contin\u00faa como titular de la cartera econ\u00f3mica. All\u00ed se definir\u00e1 el piso salarial de 2026, que luego se trasladar\u00e1 al resto de la administraci\u00f3n p\u00fablica en porcentaje similar al acordado con los sindicatos docentes. As\u00ed se dar\u00e1 el primer incremento salarial del a\u00f1o.<\/p>\n<p>Esa definici\u00f3n estar\u00e1 atada a la inflaci\u00f3n. En este sentido, vale recordar que el \u00faltimo dato del Instituto Nacional de Estad\u00edstica y Censos (Indec) inform\u00f3 que la inflaci\u00f3n de diciembre fue del<br \/>\n2,8 % y acumul\u00f3 31,5 % en 2025. Ahora, para mediados de febrero, se dar\u00e1 a conocer la inflaci\u00f3n de enero.<\/p>\n<p>La variaci\u00f3n mensual mostr\u00f3 una aceleraci\u00f3n de 0,3 puntos porcentuales contra el mes previo, es decir noviembre.<\/p>\n<p>El dato anual es el m\u00e1s bajo desde 2017, cuando la evoluci\u00f3n de los precios en 12 meses hab\u00eda cerrado en 24,8%.<\/p>\n<p>En la medici\u00f3n mensual, la divisi\u00f3n de mayor aumento en diciembre fue Transporte (4 %), seguida de Vivienda, agua, electricidad, gas y otros combustibles (3,4 %).<\/p>\n<p>El Indec detall\u00f3 las variaciones mensuales en cada regi\u00f3n de la Argentina. El Noreste mostr\u00f3 el mayor incremento, con 3,4 %. Luego se ubic\u00f3 Cuyo (3 %) y la regi\u00f3n Pampeana (2,9 %).<\/p>\n<p>En l\u00ednea con el dato nacional estuvo el Gran Buenos Aires, mientras que el menor aumento se registr\u00f3 en el Noroeste y en la Patagonia, con 2,6 %.<\/p>\n<\/div>\n","protected":false},"excerpt":{"rendered":"<p>Las reuniones con los sindicatos docentes se iniciar\u00e1n en febrero. Luego, el di\u00e1logo se trasladar\u00e1 a la cartera econ\u00f3mica, donde se definir\u00e1 la cuesti\u00f3n salarial. El Ministerio de Educaci\u00f3n es por excelencia la primera cartera en activar el a\u00f1o pol\u00edtico debido al inicio del ciclo lectivo anual. En este sentido, las conversaciones con los sindicatos [&hellip;]<\/p>\n","protected":false},"author":2,"featured_media":5639,"comment_status":"open","ping_status":"open","sticky":false,"template":"","format":"standard","meta":{"footnotes":""},"categories":[80],"tags":[],"class_list":{"0":"post-5638","1":"post","2":"type-post","3":"status-publish","4":"format-standard","5":"has-post-thumbnail","7":"category-educacion"},"_links":{"self":[{"href":"https:\/\/elpueblonoticia.com.ar\/web\/wp-json\/wp\/v2\/posts\/5638","targetHints":{"allow":["GET"]}}],"collection":[{"href":"https:\/\/elpueblonoticia.com.ar\/web\/wp-json\/wp\/v2\/posts"}],"about":[{"href":"https:\/\/elpueblonoticia.com.ar\/web\/wp-json\/wp\/v2\/types\/post"}],"author":[{"embeddable":true,"href":"https:\/\/elpueblonoticia.com.ar\/web\/wp-json\/wp\/v2\/users\/2"}],"replies":[{"embeddable":true,"href":"https:\/\/elpueblonoticia.com.ar\/web\/wp-json\/wp\/v2\/comments?post=5638"}],"version-history":[{"count":1,"href":"https:\/\/elpueblonoticia.com.ar\/web\/wp-json\/wp\/v2\/posts\/5638\/revisions"}],"predecessor-version":[{"id":5640,"href":"https:\/\/elpueblonoticia.com.ar\/web\/wp-json\/wp\/v2\/posts\/5638\/revisions\/5640"}],"wp:featuredmedia":[{"embeddable":true,"href":"https:\/\/elpueblonoticia.com.ar\/web\/wp-json\/wp\/v2\/media\/5639"}],"wp:attachment":[{"href":"https:\/\/elpueblonoticia.com.ar\/web\/wp-json\/wp\/v2\/media?parent=5638"}],"wp:term":[{"taxonomy":"category","embeddable":true,"href":"https:\/\/elpueblonoticia.com.ar\/web\/wp-json\/wp\/v2\/categories?post=5638"},{"taxonomy":"post_tag","embeddable":true,"href":"https:\/\/elpueblonoticia.com.ar\/web\/wp-json\/wp\/v2\/tags?post=5638"}],"curies":[{"name":"wp","href":"https:\/\/api.w.org\/{rel}","templated":true}]}}